{"id":41135,"date":"2020-07-14T11:00:06","date_gmt":"2020-07-14T09:00:06","guid":{"rendered":"http:\/\/miradordeatarfe.es\/?p=41135"},"modified":"2020-12-25T17:35:25","modified_gmt":"2020-12-25T16:35:25","slug":"perder-el-norte-por-jose-vaquero","status":"publish","type":"post","link":"https:\/\/miradordeatarfe.es\/?p=41135","title":{"rendered":"PERDER EL NORTE por Jos\u00e9 Vaquero"},"content":{"rendered":"<h3 style=\"text-align: justify;\">Comentaba, hace unos d\u00edas, con otro compa\u00f1ero jubilado, los graves problemas de disciplina que diariamente se presentan en nuestros colegios e institutos.<\/h3>\n<p style=\"text-align: justify;\">Le dec\u00eda a mi amigo que estos no son exclusivos de las escuelas, sino que tambi\u00e9n abruman a otros sectores de la sociedad. Al fin y al cabo, la escuela es un reflejo de ella. Los insultos, faltas de respeto y agresiones est\u00e1n a la orden del d\u00eda. La violencia est\u00e1 presente en todos los estamentos. Demasiados j\u00f3venes pierden el Norte, se extrav\u00edan al seguir un rumbo err\u00e1tico \u00bfCu\u00e1l es la raz\u00f3n de que ello sea as\u00ed? En mi opini\u00f3n, a los ni\u00f1os, desde peque\u00f1os, no se les ponen l\u00edmites, normas o patrones de conducta. Crecen creyendo que todo les pertenece y se convierten en tiranos de sus padres. Carecen de la orientaci\u00f3n y, en su caso, correcci\u00f3n que deben tener por parte de sus progenitores. Han aprendido que las cosas se pueden conseguir sin poner nada de su parte, sin esfuerzo ninguno. Y la educaci\u00f3n, tanto familiar como escolar, se ha prestado a tal dislate. Los sistemas educativos han favorecido err\u00f3neamente la igualdad de resultados. Y las notas se convierten en un enga\u00f1o cuando est\u00e1n sustentadas por un aprendizaje insuficiente. Tambi\u00e9n en este apartado hemos perdido el Norte.<\/p>\n<p style=\"text-align: justify;\">\u00bfY c\u00f3mo recuperarlo? Pues est\u00e1 claro, cambiando la forma de educar a nuestros ni\u00f1os y j\u00f3venes. Hay un aserto popular que dice \u201cEl que algo quiere, algo le cuesta\u201d. Este principio es el que tenemos que aplicar a la educaci\u00f3n. Y parece que ya han empezado a aplicarlo los due\u00f1os de grandes fortunas, hartos de convertir en peque\u00f1os dictadores a sus hijos. Algunos han comenzado a desheredarlos, por ejemplo, el multimillonario estadounidense Bill Gates, que destinar\u00e1 gran parte de su fortuna a su fundaci\u00f3n. El fundador de Microsoft afirma: \u201cMis hijos necesitan valorar la importancia de su trabajo y lograr sus metas por s\u00ed mismos\u201d \u00a1Cu\u00e1nta raz\u00f3n tiene! No se le puede dar todo mascado a los ni\u00f1os. Debemos recuperar el valor educativo del esfuerzo, del trabajo bien hecho. Porque, lo de menos es una nota, lo de m\u00e1s es conseguir, mediante la educaci\u00f3n, la libertad y autonom\u00eda del educando.<\/p>\n<p style=\"text-align: justify;\">Jos\u00e9 Vaquero S\u00e1nchez<\/p>\n","protected":false},"excerpt":{"rendered":"<p>Comentaba, hace unos d\u00edas, con otro compa\u00f1ero jubilado, los graves problemas de disciplina que diariamente&#8230;<\/p>\n","protected":false},"author":1,"featured_media":41136,"comment_status":"closed","ping_status":"closed","sticky":false,"template":"","format":"standard","meta":{"_coblocks_attr":"","_coblocks_dimensions":"","_coblocks_responsive_height":"","_coblocks_accordion_ie_support":"","jetpack_post_was_ever_published":false,"_jetpack_newsletter_access":"","_jetpack_dont_email_post_to_subs":false,"_jetpack_newsletter_tier_id":0,"_jetpack_memberships_contains_paywalled_content":false,"_jetpack_memberships_contains_paid_content":false,"footnotes":"","jetpack_publicize_message":"","jetpack_publicize_feature_enabled":true,"jetpack_social_post_already_shared":false,"jetpack_social_options":{"image_generator_settings":{"template":"highway","default_image_id":0,"enabled":false},"version":2}},"categories":[187,1161,7926,44,15],"tags":[27,1291],"class_list":["post-41135","post","type-post","status-publish","format-standard","has-post-thumbnail","hentry","category-centros-educativos","category-ciudadania","category-opinion-de-jose-vaquero","category-noticias-de-hoy","category-ultimas-noticias","tag-educacion","tag-limites"],"jetpack_publicize_connections":[],"jetpack_featured_media_url":"https:\/\/i0.wp.com\/miradordeatarfe.es\/wp-content\/uploads\/2020\/07\/Educacio%CC%81n-con-li%CC%81mites.png?fit=897%2C440&ssl=1","jetpack_likes_enabled":true,"jetpack_sharing_enabled":true,"_links":{"self":[{"href":"https:\/\/miradordeatarfe.es\/index.php?rest_route=\/wp\/v2\/posts\/41135","targetHints":{"allow":["GET"]}}],"collection":[{"href":"https:\/\/miradordeatarfe.es\/index.php?rest_route=\/wp\/v2\/posts"}],"about":[{"href":"https:\/\/miradordeatarfe.es\/index.php?rest_route=\/wp\/v2\/types\/post"}],"author":[{"embeddable":true,"href":"https:\/\/miradordeatarfe.es\/index.php?rest_route=\/wp\/v2\/users\/1"}],"replies":[{"embeddable":true,"href":"https:\/\/miradordeatarfe.es\/index.php?rest_route=%2Fwp%2Fv2%2Fcomments&post=41135"}],"version-history":[{"count":1,"href":"https:\/\/miradordeatarfe.es\/index.php?rest_route=\/wp\/v2\/posts\/41135\/revisions"}],"predecessor-version":[{"id":41137,"href":"https:\/\/miradordeatarfe.es\/index.php?rest_route=\/wp\/v2\/posts\/41135\/revisions\/41137"}],"wp:featuredmedia":[{"embeddable":true,"href":"https:\/\/miradordeatarfe.es\/index.php?rest_route=\/wp\/v2\/media\/41136"}],"wp:attachment":[{"href":"https:\/\/miradordeatarfe.es\/index.php?rest_route=%2Fwp%2Fv2%2Fmedia&parent=41135"}],"wp:term":[{"taxonomy":"category","embeddable":true,"href":"https:\/\/miradordeatarfe.es\/index.php?rest_route=%2Fwp%2Fv2%2Fcategories&post=41135"},{"taxonomy":"post_tag","embeddable":true,"href":"https:\/\/miradordeatarfe.es\/index.php?rest_route=%2Fwp%2Fv2%2Ftags&post=41135"}],"curies":[{"name":"wp","href":"https:\/\/api.w.org\/{rel}","templated":true}]}}