{"id":41174,"date":"2020-07-20T10:04:10","date_gmt":"2020-07-20T08:04:10","guid":{"rendered":"http:\/\/miradordeatarfe.es\/?p=41174"},"modified":"2020-07-13T19:08:54","modified_gmt":"2020-07-13T17:08:54","slug":"greenpeace-vaticina-un-verano-de-incendios-dramaticos-en-varias-regiones-del-mundo-que-agravara-la-emergencia-climatica","status":"publish","type":"post","link":"https:\/\/miradordeatarfe.es\/?p=41174","title":{"rendered":"Greenpeace vaticina un verano de incendios dram\u00e1ticos en varias regiones del mundo que agravar\u00e1 la emergencia clim\u00e1tica"},"content":{"rendered":"<h3 class=\"ent brr\" style=\"text-align: justify;\">La ONG recuerda que el pasado verano ardieron millones de hect\u00e1reas en varios pa\u00edses del Amazonas, en Siberia Oriental, \u00c1frica o Indonesia y ha destacado que en Siberia, solo en el mes de junio, el fuego ha quemado m\u00e1s de 3 millones de hect\u00e1reas<\/h3>\n<p style=\"text-align: justify;\">Greenpeace alerta de que los incendios contribuyen enormemente al calentamiento global y que, de seguir ignorando los impactos clim\u00e1ticos de los incendios, no se podr\u00e1 lograr el objetivo de limitar el aumento de la temperatura globa<\/p>\n<div style=\"text-align: justify;\">\n<div id=\"dts\" class=\"col3-f1 con marg-t \">\n<div id=\"txt\" class=\"tam4\">\n<p><a href=\"https:\/\/www.infolibre.es\/tags\/organizaciones\/greenpeace.html\" target=\"_blank\" rel=\"noopener noreferrer\">Greenpeace<\/a> ha vaticinado un verano \u00aba\u00fan peor\u00bb en cuanto a incendios que el de 2019 para varias regiones del planeta como <strong>Siberia, Brasil o Indonesia<\/strong>, y\u00a0tambi\u00e9n en <strong>Espa\u00f1a<\/strong>, que agravar\u00e1 a\u00fan m\u00e1s la emergencia clim\u00e1tica, ha informado Europa Press.<\/p>\n<p>La ONG recuerda que el pasado verano ardieron millones de hect\u00e1reas en varios pa\u00edses del Amazonas, en Siberia Oriental, \u00c1frica o Indonesia y ha destacado que en Siberia, solo en el mes de junio,\u00a0el fuego ha quemado m\u00e1s de 3 millones de hect\u00e1reas. En Indonesia se declar\u00f3 el estado de emergencia hasta finales de septiembre despu\u00e9s de identificar m\u00e1s de 700 incendios y<strong> en Espa\u00f1a el abandono rural aumenta tambi\u00e9n el riesgo<\/strong> de propagaci\u00f3n de los incendios.<\/p>\n<p><strong>El fuego aumenta la concentraci\u00f3n de CO2 en la atm\u00f3sfera y sube la temperatura media<\/strong>, lo que aumenta la vulnerabilidad de los bosques ante los incendios.<\/p>\n<p>De hecho, la organizaci\u00f3n a\u00f1ade que <strong>el pasado mes de junio se alcanz\u00f3 un nuevo r\u00e9cord en la concentraci\u00f3n de CO2 <\/strong>respecto a los meses de junio anteriores, ya que se alcanzaron 416.39 partes por mill\u00f3n (ppm), es decir, 2,46 ppm m\u00e1s que en el mismo mes de 2019.<\/p>\n<p>Greenpeace alerta de que los incendios contribuyen enormemente al <strong>calentamiento global <\/strong>y que, de seguir ignorando los impactos clim\u00e1ticos de los incendios, no se podr\u00e1 lograr el objetivo de limitar el aumento de la temperatura global a 1,5\u00baC del Acuerdo de Par\u00eds.<\/p>\n<p>Greenpeace\u00a0avisa de que en Espa\u00f1a el abandono del medio rural est\u00e1 aumentando la vulnerabilidad de los montes ante incendios de alta intensidad. \u00abEl <strong>abandono de tierras de cultivo y la falta de gesti\u00f3n <\/strong>de muchas masas forestales ha derivado en un paisaje altamente inflamable. En un contexto de cambio clim\u00e1tico, <a href=\"https:\/\/www.infolibre.es\/noticias\/politica\/2020\/06\/29\/la_campana_incendios_forestales_2020_acusa_confinamiento_todo_que_no_gestionamos_gestionara_fuego_107449_1012.html\" target=\"_blank\" rel=\"noopener noreferrer\">si ese paisaje no lo gestionamos, lo har\u00e1 el fuego<\/a> de manera devastadora\u00bb, ha declarado la responsable de incendios de Greenpeace Espa\u00f1a, M\u00f3nica Parrilla.<\/p>\n<p>Adem\u00e1s, alerta de que la llegada de la temporada seca a Brasil se asocia hist\u00f3ricamente a la temporada de <em><strong>queimadas<\/strong><\/em>, cuando empresas y colonos hacen uso del fuego para eliminar el bosque y para generar terrenos para la agricultura para pastos del ganado y cultivos de soja fundamentalmente.<\/p>\n<p>De hecho, afirma que datos del Instituto Brasile\u00f1o de Investigaciones Espaciales contabiliz\u00f3 del 1 de enero al 30 de junio un total de <strong>7.903 incendios o focos de calor, de los que 914 afectaron a tierras ind\u00edgenas<\/strong> (11,5%) <strong>y 194 afectaron a espacios protegidos<\/strong> (2,4%).<\/p>\n<p>El n\u00famero total de incendios en estos primeros 6 meses ha registrado una <strong>ca\u00edda del 25,4% respecto al mismo periodo del a\u00f1o pasado<\/strong> (que podr\u00eda ser debido al incremento de las precipitaciones medias entre enero y mayo); pero durante el pasado mes de junio el n\u00famero de incendios alcanz\u00f3 su punto m\u00e1s alto de los \u00faltimos 13 a\u00f1os.<\/p>\n<p>El portavoz de Greenpeace Espa\u00f1a Miguel \u00c1ngel Soto ha alertado de que en los datos de incendios y n\u00fameros de focos de calor detectados por los sat\u00e9lites de seguimiento en Brasil auguran \u00abotro verano cr\u00edtico\u00bb que devuelve el sentimiento de \u00abvivir bajo una <strong>emergencia clim\u00e1tica<\/strong>, donde las medidas tomadas por gobiernos y corporaciones son claramente insuficientes\u00bb.<\/p>\n<p>Respecto a Rusia, lamenta que la temporada de incendios de verano ha aumentado la superficie afectada y que a principios de julio la superficie total de incendios forestales activos ha alcanzado los <strong>3,3 millones de hect\u00e1reas<\/strong>, incluidas sierras del lejano oriente de Rusia y del noreste de Siberia, como la Rep\u00fablica de Saja (Yakutia), Chukotka, Kamchatka, la regi\u00f3n de Magad\u00e1n y la regi\u00f3n de Krasnoyarsk.<\/p>\n<p>Estos incendios estar\u00edan detr\u00e1s de una ola de calor que ha afectado al \u00c1rtico durante el mes de junio que llev\u00f3 al term\u00f3metro hasta los<strong> 37 grados cent\u00edgrados en Verkhoyansk<\/strong>, una de las ciudades <strong>m\u00e1s fr\u00edas<\/strong> de la Tierra. En esta ciudad, la temperatura media en el mes de junio era ligeramente superior a los 13 \u00baC.<\/p>\n<p>La ONG avisa de que Siberia se est\u00e1 calentando a un<strong> ritmo \u00abmucho m\u00e1s r\u00e1pido que el resto del planeta\u00bb<\/strong>, lo que provoca que el permafrost se derrita, lo que crea unas condiciones perfectas para los mega-incendios.<\/p>\n<p>Finalmente, en cuanto a Indonesia, se\u00f1ala que el gobierno de la provincia de Kalimant\u00e1n declar\u00f3 el pasado fin de semana el estado de emergencia hasta septiembre tras identificarse <strong>700 incendios <\/strong>forestales. El portavoz de Greenpeace Indonesia, Kiki Taufik, ha explicado que los incendios podr\u00edan ser \u00abpotencialmente m\u00e1s grandes y extenderse al subsuelo (turba) en zonas remotas, especialmente en las zonas quemadas en 2019 que a\u00fan no han sido restauradas.<\/p>\n<p>Indonesia es el mayor productor mundial de aceite de palma y, cada a\u00f1o, los incendios est\u00e1n vinculados a las pr\u00e1cticas de tala y quema utilizadas para despejar las zonas de cultivo de aceite de palma. <strong>Los incendios en 2019 fueron particularmente da\u00f1inos<\/strong>, con 1,6 millones de hect\u00e1reas de bosques y turberas quemadas.<\/p>\n<\/div>\n<\/div>\n<\/div>\n<div>\u00a0<\/div>\n<div class=\"con brr marg-b-f1\"><span class=\"firm\">infoLibre<\/span><\/p>\n<div class=\"cnt-rel brr con\"><a id=\"mail_author\" class=\"enl-mail\" href=\"mailto:contacta@infolibre.es\">contacta@infolibre.es<\/a> <a id=\"twitter_author\" class=\"twitter-button\" href=\"https:\/\/twitter.com\/_infoLibre\" data-show-count=\"false\" data-lang=\"es\">@_infoLibre<\/a><\/div>\n<\/div>\n<div>\u00a0<\/div>\n<div>FOTO:Imagen de archivo de un incendio forestal en A Gudi\u00f1a (Ourense)<span class=\"firm\">EFE<\/span><\/div>\n<div>\u00a0<\/div>\n<div>https:\/\/www.infolibre.es\/noticias\/mundo\/2020\/07\/08\/greenpeace_vaticina_verano_incendios_dramaticos_varias_regiones_del_mundo_que_agravara_emergencia_climatica_108627_1022.html<\/div>\n","protected":false},"excerpt":{"rendered":"<p>La ONG recuerda que el pasado verano ardieron millones de hect\u00e1reas en varios pa\u00edses del&#8230;<\/p>\n","protected":false},"author":1,"featured_media":41175,"comment_status":"closed","ping_status":"closed","sticky":false,"template":"","format":"standard","meta":{"_coblocks_attr":"","_coblocks_dimensions":"","_coblocks_responsive_height":"","_coblocks_accordion_ie_support":"","jetpack_post_was_ever_published":false,"_jetpack_newsletter_access":"","_jetpack_dont_email_post_to_subs":false,"_jetpack_newsletter_tier_id":0,"_jetpack_memberships_contains_paywalled_content":false,"_jetpack_memberships_contains_paid_content":false,"footnotes":"","jetpack_publicize_message":"","jetpack_publicize_feature_enabled":true,"jetpack_social_post_already_shared":false,"jetpack_social_options":{"image_generator_settings":{"template":"highway","default_image_id":0,"enabled":false},"version":2}},"categories":[1161,7149,9,44,15,10],"tags":[3257,2738],"class_list":["post-41174","post","type-post","status-publish","format-standard","has-post-thumbnail","hentry","category-ciudadania","category-coronavirus","category-medio-ambiente","category-noticias-de-hoy","category-ultimas-noticias","category-salud","tag-greenpeace","tag-incendios"],"jetpack_publicize_connections":[],"jetpack_featured_media_url":"https:\/\/i0.wp.com\/miradordeatarfe.es\/wp-content\/uploads\/2020\/07\/637040496181287998_98a9504b.jpg?fit=629%2C359&ssl=1","jetpack_likes_enabled":true,"jetpack_sharing_enabled":true,"_links":{"self":[{"href":"https:\/\/miradordeatarfe.es\/index.php?rest_route=\/wp\/v2\/posts\/41174","targetHints":{"allow":["GET"]}}],"collection":[{"href":"https:\/\/miradordeatarfe.es\/index.php?rest_route=\/wp\/v2\/posts"}],"about":[{"href":"https:\/\/miradordeatarfe.es\/index.php?rest_route=\/wp\/v2\/types\/post"}],"author":[{"embeddable":true,"href":"https:\/\/miradordeatarfe.es\/index.php?rest_route=\/wp\/v2\/users\/1"}],"replies":[{"embeddable":true,"href":"https:\/\/miradordeatarfe.es\/index.php?rest_route=%2Fwp%2Fv2%2Fcomments&post=41174"}],"version-history":[{"count":1,"href":"https:\/\/miradordeatarfe.es\/index.php?rest_route=\/wp\/v2\/posts\/41174\/revisions"}],"predecessor-version":[{"id":41176,"href":"https:\/\/miradordeatarfe.es\/index.php?rest_route=\/wp\/v2\/posts\/41174\/revisions\/41176"}],"wp:featuredmedia":[{"embeddable":true,"href":"https:\/\/miradordeatarfe.es\/index.php?rest_route=\/wp\/v2\/media\/41175"}],"wp:attachment":[{"href":"https:\/\/miradordeatarfe.es\/index.php?rest_route=%2Fwp%2Fv2%2Fmedia&parent=41174"}],"wp:term":[{"taxonomy":"category","embeddable":true,"href":"https:\/\/miradordeatarfe.es\/index.php?rest_route=%2Fwp%2Fv2%2Fcategories&post=41174"},{"taxonomy":"post_tag","embeddable":true,"href":"https:\/\/miradordeatarfe.es\/index.php?rest_route=%2Fwp%2Fv2%2Ftags&post=41174"}],"curies":[{"name":"wp","href":"https:\/\/api.w.org\/{rel}","templated":true}]}}