{"id":41269,"date":"2020-07-20T09:02:36","date_gmt":"2020-07-20T07:02:36","guid":{"rendered":"http:\/\/miradordeatarfe.es\/?p=41269"},"modified":"2020-07-16T19:11:36","modified_gmt":"2020-07-16T17:11:36","slug":"los-directores-y-directoras-de-andalucia-asociados-hacen-publico-un-comunicado","status":"publish","type":"post","link":"https:\/\/miradordeatarfe.es\/?p=41269","title":{"rendered":"LOS DIRECTORES Y DIRECTORAS DE ANDALUCIA ASOCIADOS HACEN PUBLICO UN COMUNICADO"},"content":{"rendered":"<header class=\"entry-header\">\n<h3 class=\"entry-title\">ASADIPRE hace p\u00fablico un comunicado tras su reuni\u00f3n en \u00c9cija realiza un peque\u00f1o balance del esfuerzo realizado durante el tercer trimestre del curso 19\/20, y una valoraci\u00f3n de las actividades llevadas a cabo durante el confinamiento y en las primeras semanas de la desescalada.<\/h3>\n<\/header>\n<div class=\"below-entry-meta\"><span class=\"posted-on\"><a title=\"12:12 pm\" href=\"http:\/\/en-clase.ideal.es\/2020\/07\/16\/asadipre-hace-publico-un-comunicado-tras-su-reunion-en-ecija\/\" rel=\"bookmark\">\u00a0<\/a><\/span>La Junta Directiva Regional de ASADIPRE (Asociaci\u00f3n de Directoras y Directores de Educaci\u00f3n Infantil, Educaci\u00f3n Primaria y Residencias Escolares) se reun\u00eda a principio de este mes en la Ciudad de \u00c9cija (Sevilla).<span id=\"more-47694\"><\/span><\/div>\n<div class=\"entry-content clearfix\">\n<p>En el transcurso de dicho encuentro elaboraba un comunicado que desean hacer llegar a toda la comunidad educativa de Andaluc\u00eda, agentes sociales, administraci\u00f3n, sindicatos, todos ellos relacionados con la Educaci\u00f3n y a su vez a la sociedad en general.<\/p>\n<p>\u00ab<em>Desde ASADIPRE (ASOCIACI\u00d3N DE DIRECTORAS Y DIRECTORES DE EDUACI\u00d3N INFANITL, EDUCACI\u00d3N PRIMARIA Y <\/em><em><span style=\"font-family: Arial, sans-serif;\"><span style=\"font-size: large;\">RESIDENCIAS ESCOLARES), una vez finalizado el curso acad\u00e9mico 2019\u2013 2020 y tras celebrar reuni\u00f3n de la Junta Directiva Regional de nuestra asociaci\u00f3n en la Ciudad de \u00c9cija (Sevilla) el pasado d\u00eda 3 de julio de 2020, queremos hacer llegar a toda la comunidad educativa de Andaluc\u00eda, agentes sociales, administraci\u00f3n, sindicatos, todos ellos relacionados con la Educaci\u00f3n y a su vez a la Sociedad en general, el siguiente comunicado:<\/span><\/span><\/em><\/p>\n<p style=\"text-align: justify;\" align=\"JUSTIFY\"><em>\u201c<span style=\"font-family: Arial, sans-serif;\"><span style=\"font-size: large;\">Dada la situaci\u00f3n extraordinaria y excepcional en la que hemos estado inmersos durante este curso, docencia presencial en el primer y segundo trimestre, con docencia no presencial en el tercer trimestre, para los equipos directivos, personal docentes, personal no docente, alumnado y familias ha sido un per\u00edodo con excesiva dificultad, solventada por la profesionalidad demostrada de todo el conjunto de las personas implicadas. Cabe destacar la organizaci\u00f3n de los centros educativos que han llevado a cabo los Equipos Directivos, sin la cual dif\u00edcilmente podr\u00edamos haber llegado al punto de \u00e9xito conseguido.<\/span><\/span><\/em><\/p>\n<p style=\"text-align: justify;\" align=\"JUSTIFY\"><em><span style=\"font-family: Arial, sans-serif;\"><span style=\"font-size: large;\">Los equipos Directivos hemos trabajado con varios objetivos durante este per\u00edodo no presencial:<\/span><\/span><\/em><\/p>\n<ul style=\"text-align: justify;\">\n<li>\n<p align=\"JUSTIFY\"><em><span style=\"font-family: Arial, sans-serif;\"><span style=\"font-size: large;\"><b>Nuestro<\/b><b> <\/b><b>Alumnado:<\/b><b> <\/b>La finalizaci\u00f3n con \u00e9xito de nuestros alumnos y alumnas, tanto a nivel particular como con las familias. Hemos puesto nuestros medios materiales y t\u00e9cnicos de manera personal para poder cumplir con nuestros objetivos.<\/span><\/span><\/em><\/p>\n<\/li>\n<li>\n<p align=\"JUSTIFY\"><em><span style=\"font-family: Arial, sans-serif;\"><span style=\"font-size: large;\"><b>Apoyar<\/b><\/span><\/span><b> <\/b><span style=\"font-family: Arial, sans-serif;\"><span style=\"font-size: large;\"><b>a<\/b><\/span><\/span><b> <\/b><span style=\"font-family: Arial, sans-serif;\"><span style=\"font-size: large;\"><b>nuestro<\/b><\/span><\/span><b> <\/b><span style=\"font-family: Arial, sans-serif;\"><span style=\"font-size: large;\"><b>alumnado<\/b><\/span><\/span><b> <\/b><span style=\"font-family: Arial, sans-serif;\"><span style=\"font-size: large;\"><b>y<\/b><\/span><\/span><b> <\/b><span style=\"font-family: Arial, sans-serif;\"><span style=\"font-size: large;\"><b>familias<\/b><\/span><\/span><b> <\/b><span style=\"font-family: Arial, sans-serif;\"><span style=\"font-size: large;\">en<\/span><\/span> <span style=\"font-family: Arial, sans-serif;\"><span style=\"font-size: large;\">todo<\/span><\/span> <span style=\"font-family: Arial, sans-serif;\"><span style=\"font-size: large;\">el<\/span><\/span> <span style=\"font-family: Arial, sans-serif;\"><span style=\"font-size: large;\">proceso<\/span><\/span> <span style=\"font-family: Arial, sans-serif;\"><span style=\"font-size: large;\">de<\/span><\/span> <span style=\"font-family: Arial, sans-serif;\"><span style=\"font-size: large;\">ense\u00f1anza-aprendizaje.<\/span><\/span><\/em><\/p>\n<\/li>\n<li>\n<p><em><span style=\"font-family: Arial, sans-serif;\"><span style=\"font-size: large;\"><b>Entrega<\/b><\/span><\/span><b> <\/b><span style=\"font-family: Arial, sans-serif;\"><span style=\"font-size: large;\"><b>de<\/b><\/span><\/span><span style=\"font-family: Arial, sans-serif;\"><span style=\"font-size: large;\"><b> material<\/b><\/span><\/span><b> <\/b><span style=\"font-family: Arial, sans-serif;\"><span style=\"font-size: large;\">al<\/span><\/span><span style=\"font-family: Arial, sans-serif;\"><span style=\"font-size: large;\"> alumnado.<\/span><\/span><\/em><\/p>\n<\/li>\n<li>\n<p align=\"JUSTIFY\"><em><span style=\"font-family: Arial, sans-serif;\"><span style=\"font-size: large;\"><b>\u00d3rganos<\/b><b> <\/b><b>Colegiados:<\/b><b> <\/b>Comunicaci\u00f3n con todos ellos a trav\u00e9s de v\u00eda telem\u00e1tica. Organizando la docencia no presencial, as\u00ed como la evaluaci\u00f3n del alumnado y del propio proceso de ense\u00f1anza- aprendizaje y coordinaci\u00f3n con la comunidad educativa.<\/span><\/span><\/em><\/p>\n<\/li>\n<li>\n<p align=\"JUSTIFY\"><em><span style=\"font-family: Arial, sans-serif;\"><span style=\"font-size: large;\">Aplicar las <b>Instrucciones<\/b><b> <\/b>devenidas desde las Consejer\u00edas de Educaci\u00f3n y Deporte y de Salud y Familias.<\/span><\/span><\/em><\/p>\n<\/li>\n<li>\n<p align=\"JUSTIFY\"><em><span style=\"font-family: Arial, sans-serif;\"><span style=\"font-size: large;\"><b>Aportaciones<\/b><b> <\/b><b>m\u00faltiples<\/b><b> <\/b>que se han realizado a todos los borradores de las Instrucciones que han ido apareciendo y de las cuales se nos ha<\/span><\/span><\/em><\/p>\n<\/li>\n<\/ul>\n<p style=\"text-align: justify;\"><em><span style=\"font-family: Arial, sans-serif;\"><span style=\"font-size: large;\">solicitado.<\/span><\/span><\/em><\/p>\n<ul style=\"text-align: justify;\">\n<li>\n<p align=\"JUSTIFY\"><em><span style=\"font-family: Arial, sans-serif;\"><span style=\"font-size: large;\"><b>Organizar<\/b><b> <\/b><b>los<\/b><b> <\/b><b>centros<\/b><b> <\/b><b>educativos<\/b><b> <\/b>para la vuelta de los miembros del Equipo Directivo y Personal de Administraci\u00f3n y Servicios, en nuestro caso, monitores\/as escolares, a partir del pasado d\u00eda 18 de mayo de 2020. Primando la seguridad sanitaria de todos los usuarios. Nos hemos tenido que enfrentar a la premura en las compras y habilitaci\u00f3n del centro para poderlo abrir.<\/span><\/span><\/em><\/p>\n<\/li>\n<li>\n<p align=\"JUSTIFY\"><em><span style=\"font-family: Arial, sans-serif;\"><span style=\"font-size: large;\"><b>Comunicaci\u00f3n<\/b><b> <\/b>con los Ayuntamientos, limpieza, asuntos sociales e incorporaci\u00f3n de conserjes en los centros; as\u00ed como la coordinaci\u00f3n de las acciones para que el alumnado pudiera seguir recibiendo el plan Syga y de ayuda alimentaria.<\/span><\/span><\/em><\/p>\n<\/li>\n<li>\n<p><em><span style=\"font-family: Arial, sans-serif;\"><span style=\"font-size: large;\">Asistir<\/span><\/span> <span style=\"font-family: Arial, sans-serif;\"><span style=\"font-size: large;\">por <\/span><\/span><span style=\"font-family: Arial, sans-serif;\"><span style=\"font-size: large;\"><b>v\u00eddeo<\/b><\/span><\/span><span style=\"font-family: Arial, sans-serif;\"><span style=\"font-size: large;\"><b> conferencia<\/b><\/span><\/span><b> <\/b><span style=\"font-family: Arial, sans-serif;\"><span style=\"font-size: large;\">a <\/span><\/span><span style=\"font-family: Arial, sans-serif;\"><span style=\"font-size: large;\">reuniones<\/span><\/span><span style=\"font-family: Arial, sans-serif;\"><span style=\"font-size: large;\"> en<\/span><\/span> <span style=\"font-family: Arial, sans-serif;\"><span style=\"font-size: large;\">las<\/span><\/span><span style=\"font-family: Arial, sans-serif;\"><span style=\"font-size: large;\"> que<\/span><\/span> <span style=\"font-family: Arial, sans-serif;\"><span style=\"font-size: large;\">se<\/span><\/span> <span style=\"font-family: Arial, sans-serif;\"><span style=\"font-size: large;\">nos ha<\/span><\/span><span style=\"font-family: Arial, sans-serif;\"><span style=\"font-size: large;\"> citado.<\/span><\/span><\/em><\/p>\n<\/li>\n<li>\n<p align=\"JUSTIFY\"><em><span style=\"font-family: Arial, sans-serif;\"><span style=\"font-size: large;\"><b>Atenci\u00f3n<\/b><b> <\/b>a las familias no solo a nivel curricular; sino tambi\u00e9n en situaciones particulares, muchas de tipo emocional.<\/span><\/span><\/em><\/p>\n<\/li>\n<li>\n<p align=\"JUSTIFY\"><em><span style=\"font-family: Arial, sans-serif;\"><span style=\"font-size: large;\">Llevar<\/span><\/span> <span style=\"font-family: Arial, sans-serif;\"><span style=\"font-size: large;\">a<\/span><\/span> <span style=\"font-family: Arial, sans-serif;\"><span style=\"font-size: large;\">cabo<\/span><\/span> <span style=\"font-family: Arial, sans-serif;\"><span style=\"font-size: large;\">el<\/span><\/span> <span style=\"font-family: Arial, sans-serif;\"><span style=\"font-size: large;\"><b>proceso<\/b><\/span><\/span><b> <\/b><span style=\"font-family: Arial, sans-serif;\"><span style=\"font-size: large;\"><b>de<\/b><\/span><\/span><b> <\/b><span style=\"font-family: Arial, sans-serif;\"><span style=\"font-size: large;\"><b>escolarizaci\u00f3n,<\/b><\/span><\/span><b> <\/b><span style=\"font-family: Arial, sans-serif;\"><span style=\"font-size: large;\"><b>con<\/b><\/span><\/span><b> <\/b><span style=\"font-family: Arial, sans-serif;\"><span style=\"font-size: large;\"><b>la<\/b><\/span><\/span><b> <\/b><span style=\"font-family: Arial, sans-serif;\"><span style=\"font-size: large;\"><b>admisi\u00f3n<\/b><\/span><\/span><b> <\/b><span style=\"font-family: Arial, sans-serif;\"><span style=\"font-size: large;\"><b>y<\/b><\/span><\/span><b> <\/b><span style=\"font-family: Arial, sans-serif;\"><span style=\"font-size: large;\"><b>matriculaci\u00f3n,<\/b><\/span><\/span><b> <\/b><span style=\"font-family: Arial, sans-serif;\"><span style=\"font-size: large;\">con<\/span><\/span> <span style=\"font-family: Arial, sans-serif;\"><span style=\"font-size: large;\">la<\/span><\/span> <span style=\"font-family: Arial, sans-serif;\"><span style=\"font-size: large;\">dificultad<\/span><\/span> <span style=\"font-family: Arial, sans-serif;\"><span style=\"font-size: large;\">que<\/span><\/span> <span style=\"font-family: Arial, sans-serif;\"><span style=\"font-size: large;\">han<\/span><\/span> <span style=\"font-family: Arial, sans-serif;\"><span style=\"font-size: large;\">entra\u00f1ado,<\/span><\/span> <span style=\"font-family: Arial, sans-serif;\"><span style=\"font-size: large;\">incluida<\/span><\/span> <span style=\"font-family: Arial, sans-serif;\"><span style=\"font-size: large;\">los<\/span><\/span> <span style=\"font-family: Arial, sans-serif;\"><span style=\"font-size: large;\">cambios<\/span><\/span> <span style=\"font-family: Arial, sans-serif;\"><span style=\"font-size: large;\">en<\/span><\/span><span style=\"font-family: Arial, sans-serif;\"><span style=\"font-size: large;\"> los<\/span><\/span> <span style=\"font-family: Arial, sans-serif;\"><span style=\"font-size: large;\">plazos<\/span><\/span> <span style=\"font-family: Arial, sans-serif;\"><span style=\"font-size: large;\">establecidos.<\/span><\/span><\/em><\/p>\n<\/li>\n<li>\n<p align=\"JUSTIFY\"><em><span style=\"font-family: Arial, sans-serif;\"><span style=\"font-size: large;\"><b>Cierre<\/b><b> <\/b><b>burocr\u00e1tico<\/b><b> <\/b><b>del<\/b><b> <\/b><b>curso<\/b><b> <\/b><b>2019\/2020<\/b>, donde la carga ha sido mayor debido a la no presencialidad a la hora de gestionar: Memoria de autoevaluaci\u00f3n, actas de sesiones de evaluaci\u00f3n, gratuidad de libros de texto, documentaci\u00f3n de tr\u00e1nsitos, etc.<\/span><\/span><\/em><\/p>\n<\/li>\n<\/ul>\n<p style=\"text-align: justify;\" align=\"JUSTIFY\"><em><span style=\"font-family: Arial, sans-serif;\"><span style=\"font-size: large;\">Han sido muchas las actuaciones que hemos llevado a cabo y con el \u00fanico objetivo final que es nuestro alumnado para el que trabajamos; as\u00ed como la dinamizaci\u00f3n de nuestros claustros y poder alcanzar unos resultados satisfactorios en la organizaci\u00f3n y funcionamiento del centro.<\/span><\/span><\/em><\/p>\n<p style=\"text-align: justify;\" align=\"JUSTIFY\"><em><span style=\"font-family: Arial, sans-serif;\"><span style=\"font-size: large;\">Entendemos que como elemento clave del sistema educativo, m\u00e1s a\u00fan en este per\u00edodo an\u00f3malo que estamos viviendo, los equipos directivos, hemos orientado, asesorado, dado respuestas a todos los agentes implicados, compartiendo e intercambiando experiencias y conocimientos que nos han facilitado llevar al \u00e9xito en situaciones complicadas, gracias a la experiencia y buen hacer de todos los compa\u00f1eros y compa\u00f1eras que formamos ASADIPRE. Ha sido un ejemplo de trabajo colaborativo, que ha hecho posible una coordinaci\u00f3n muy positiva entre una gran parte de las direcciones escolares de Andaluc\u00eda.<\/span><\/span><\/em><\/p>\n<p style=\"text-align: justify;\" align=\"JUSTIFY\"><em><span style=\"font-family: Arial, sans-serif;\"><span style=\"font-size: large;\">Hemos contribuido al desarrollo organizativo, de funcionamiento y de gesti\u00f3n de los Centros, a su vez demandando a la Administraci\u00f3n cambios en la normativa, comunicando propuestas, carencias, necesidades detectadas de la Direcci\u00f3n, de los Claustros siempre referidas a la normativa,<\/span><\/span><\/em><\/p>\n<p style=\"text-align: justify;\"><em><span style=\"font-family: Arial, sans-serif;\"><span style=\"font-size: large;\">organizaci\u00f3n, funcionamiento, recursos humanos, equipamiento, que desde nuestro punto de vista mejorar\u00eda la Educaci\u00f3n P\u00fablica.<\/span><\/span><\/em><\/p>\n<p style=\"text-align: justify;\" align=\"JUSTIFY\"><em><span style=\"font-family: Arial, sans-serif;\"><span style=\"font-size: large;\">ASADIPRE ha sido, lo es y seguir\u00e1 siendo, el apoyo que todas las direcciones escolares necesitamos para el desempe\u00f1o de nuestro trabajo de la forma m\u00e1s eficaz y eficiente posible. Nos mueve la mejora de la Escuela y la Educaci\u00f3n P\u00fablica, el \u00e9xito educativo de nuestro alumnado. Las Direcciones Escolares hacemos una apuesta en firme para mejorar la educaci\u00f3n de nuestros alumnos y alumnas.<\/span><\/span><\/em><\/p>\n<p style=\"text-align: justify;\" align=\"JUSTIFY\"><em><span style=\"font-family: Arial, sans-serif;\"><span style=\"font-size: large;\">ASADIPRE quiere mostrar su agradecimiento a toda la comunidad educativa por las aportaciones y colaboraci\u00f3n con los centros escolares durante este per\u00edodo de docencia no presencial.<\/span><\/span><\/em><\/p>\n<p style=\"text-align: justify;\" align=\"JUSTIFY\"><em><span style=\"font-family: Arial, sans-serif;\"><span style=\"font-size: large;\">ASADIPRE manifiesta su predisposici\u00f3n e inter\u00e9s en mantener encuentros con las fuerzas sindicales, Asociaciones de madres y padres, colectivos implicados con la educaci\u00f3n, as\u00ed como las fuerzas pol\u00edticas de Andaluc\u00eda, para unir esfuerzos en pro de la calidad de la educaci\u00f3n andaluza y la mejora de los resultados de nuestro alumnado, tanto acad\u00e9micos como personales; ya que entendemos que su formaci\u00f3n integral pasa por la aportaci\u00f3n de todos y todas.<\/span><\/span><\/em><\/p>\n<p style=\"text-align: justify;\" align=\"JUSTIFY\"><em><span style=\"font-family: Arial, sans-serif;\"><span style=\"font-size: large;\">Nos queda un per\u00edodo de incertidumbre hasta el inicio del curso 20- 21, derivado por la situaci\u00f3n del COVID-19, pero no se duda que las Direcciones Escolares pondremos todos los medios necesarios para asegurar la salud p\u00fablica y un proceso de ense\u00f1anza-aprendizaje acorde a la situaci\u00f3n del momento.<\/span><\/span>\u00ab<\/em><\/p>\n<\/div>\n","protected":false},"excerpt":{"rendered":"<p>ASADIPRE hace p\u00fablico un comunicado tras su reuni\u00f3n en \u00c9cija realiza un peque\u00f1o balance del&#8230;<\/p>\n","protected":false},"author":1,"featured_media":41270,"comment_status":"closed","ping_status":"closed","sticky":false,"template":"","format":"standard","meta":{"_coblocks_attr":"","_coblocks_dimensions":"","_coblocks_responsive_height":"","_coblocks_accordion_ie_support":"","jetpack_post_was_ever_published":false,"_jetpack_newsletter_access":"","_jetpack_dont_email_post_to_subs":false,"_jetpack_newsletter_tier_id":0,"_jetpack_memberships_contains_paywalled_content":false,"_jetpack_memberships_contains_paid_content":false,"footnotes":"","jetpack_publicize_message":"","jetpack_publicize_feature_enabled":true,"jetpack_social_post_already_shared":false,"jetpack_social_options":{"image_generator_settings":{"template":"highway","default_image_id":0,"enabled":false},"version":2}},"categories":[187,7149,44,15],"tags":[3634,27,74],"class_list":["post-41269","post","type-post","status-publish","format-standard","has-post-thumbnail","hentry","category-centros-educativos","category-coronavirus","category-noticias-de-hoy","category-ultimas-noticias","tag-direccion","tag-educacion","tag-trabajo"],"jetpack_publicize_connections":[],"jetpack_featured_media_url":"https:\/\/i0.wp.com\/miradordeatarfe.es\/wp-content\/uploads\/2020\/07\/LOGO-DE-ASADIPRE.png?fit=650%2C451&ssl=1","jetpack_likes_enabled":true,"jetpack_sharing_enabled":true,"_links":{"self":[{"href":"https:\/\/miradordeatarfe.es\/index.php?rest_route=\/wp\/v2\/posts\/41269","targetHints":{"allow":["GET"]}}],"collection":[{"href":"https:\/\/miradordeatarfe.es\/index.php?rest_route=\/wp\/v2\/posts"}],"about":[{"href":"https:\/\/miradordeatarfe.es\/index.php?rest_route=\/wp\/v2\/types\/post"}],"author":[{"embeddable":true,"href":"https:\/\/miradordeatarfe.es\/index.php?rest_route=\/wp\/v2\/users\/1"}],"replies":[{"embeddable":true,"href":"https:\/\/miradordeatarfe.es\/index.php?rest_route=%2Fwp%2Fv2%2Fcomments&post=41269"}],"version-history":[{"count":1,"href":"https:\/\/miradordeatarfe.es\/index.php?rest_route=\/wp\/v2\/posts\/41269\/revisions"}],"predecessor-version":[{"id":41271,"href":"https:\/\/miradordeatarfe.es\/index.php?rest_route=\/wp\/v2\/posts\/41269\/revisions\/41271"}],"wp:featuredmedia":[{"embeddable":true,"href":"https:\/\/miradordeatarfe.es\/index.php?rest_route=\/wp\/v2\/media\/41270"}],"wp:attachment":[{"href":"https:\/\/miradordeatarfe.es\/index.php?rest_route=%2Fwp%2Fv2%2Fmedia&parent=41269"}],"wp:term":[{"taxonomy":"category","embeddable":true,"href":"https:\/\/miradordeatarfe.es\/index.php?rest_route=%2Fwp%2Fv2%2Fcategories&post=41269"},{"taxonomy":"post_tag","embeddable":true,"href":"https:\/\/miradordeatarfe.es\/index.php?rest_route=%2Fwp%2Fv2%2Ftags&post=41269"}],"curies":[{"name":"wp","href":"https:\/\/api.w.org\/{rel}","templated":true}]}}