{"id":41304,"date":"2020-07-23T11:25:32","date_gmt":"2020-07-23T09:25:32","guid":{"rendered":"http:\/\/miradordeatarfe.es\/?p=41304"},"modified":"2020-09-18T18:58:48","modified_gmt":"2020-09-18T16:58:48","slug":"el-posito-de-atarfe-en-el-ano-1911-por-fuencisla-moreno-rueda","status":"publish","type":"post","link":"https:\/\/miradordeatarfe.es\/?p=41304","title":{"rendered":"\u00abEl P\u00f3sito de Atarfe en el a\u00f1o 1911\u00bb por Fuencisla Moreno Rueda"},"content":{"rendered":"<h3>Al igual que en la mayor\u00eda del pa\u00eds, el P\u00f3sito desempe\u00f1o un important\u00edsimo papel dentro de la vida econ\u00f3mica de este municipio. No obstante dada la importancia del mismo, es necesario ahondar un poco\u00a0 dentro de su historia antes de concretar su actuaci\u00f3n en el n\u00facleo de Atarfe.<\/h3>\n<p>Se cree que es en el siglo XV cuando empiezan a funcionar en toda Espa\u00f1a los P\u00f3sitos, sin embargo hasta el reinado de los Reyes Cat\u00f3licos no alcanzaron su m\u00e1s portentoso incremento. Seg\u00fan el \u00abDiccionario de autoridades\u00bb de <strong>1737,<\/strong> el P\u00f3sito quedaba definido de la siguiente manera:<\/p>\n<p><em>\u00abCasa en que se guarda la cantidad de trigo que en las ciudades, villas y lugares se tiene de repuesto y prevenci\u00f3n, har\u00e1 usar en tiempo de necesidad y carest\u00eda\u00bb<\/em>.<\/p>\n<p>En <strong>1881<\/strong> se define como<\/p>\n<p>\u00ab<em>el banco del pobre, el auxiliar del proletarismo agricultor, el liberador de la reducida propiedad rural\u00bb<\/em>.<\/p>\n<p>M\u00e1s recientemente<strong> J. Bautista Delgado<\/strong>, lo defini\u00f3 como<\/p>\n<p><em>\u00abinstituci\u00f3n de car\u00e1cter local, constituida bajo el protectorado del Estado que tiene por objeto fundamental el pr\u00e9stamo en met\u00e1lico, efectos o especies fungibles para el fomento y desarrollo de la riqueza agr\u00edcola y pecuaria\u00bb<\/em>.<\/p>\n<p>En el per\u00edodo comprendido entre<strong> 1907 y 1910<\/strong>, los pr\u00e9stamos en dinero fueron sustituyendo a los efectuados en granos y de forma clara en este siglo, los P\u00f3sitos <em>se convierten en una instituci\u00f3n de cr\u00e9dito en el mundo rural para apoyar actividades que no teman porque ser estrictamente agr\u00edcolas, pues los beneficiarlos pod\u00edan usar las cantidades recibidas para otros fines, aunque mediara su condici\u00f3n de<\/em><br \/>\n<em>agricultores.<\/em><\/p>\n<p>Chocaban as\u00ed con otras entidades, bancos o cajas de ahorro que ofrec\u00edan tambi\u00e9n cr\u00e9ditos parecidos aunque con un inter\u00e9s mayor.<\/p>\n<p>En<strong> 1906<\/strong>, por Ley de 23 de enero, el Ministerio de Fomento se hace cargo del servicio de P\u00f3sitos mediante el nombramiento de un delegado regio para ese ramo, que contar\u00eda como \u00f3rgano consultivo con el Consejo Superior de Agricultura, sustituido en 1907 por el<br \/>\nConsejo Superior de Fomento y m\u00e1s tarde por la Caja Central de Cr\u00e9dito Agr\u00edcola.<\/p>\n<p>La contabilidad de esta instituci\u00f3n pas\u00f3 por numerosos cambios todos ellos tendentes a evitar incumplimientos en la normativa e incluso fraudes. As\u00ed, a partir de 1909, toda la documentaci\u00f3n se simplifica. Los P\u00f3sitos dejan de rendir cuentas, el libro de partes mensuales que<br \/>\nentonces se crea y que se lleva en forma de talonario vendr\u00e1 a sustituir toda la tipolog\u00eda anterior.<\/p>\n<p>Cada mes se remitir\u00eda durante su primera decena, el parte mensual en el que se registraban todas las operaciones que el P\u00f3sito llevaba a cabo, caso de no remitir dicha documentaci\u00f3n a la Secci\u00f3n Provincial de P\u00f3sitos, previo aviso, se nombraba, a instancia del presidente de dicha Secci\u00f3n Provincial, un subdelegado que estudiaba in situ las causas de la demora en el env\u00edo de la documentaci\u00f3n, as\u00ed como las supuestas anomal\u00edas que hubiere.<\/p>\n<p>Dicho subdelegado percib\u00eda sus honorarios a trav\u00e9s de la\u00a0 Junta Local, entendi\u00e9ndose que era ella (la Junta Local) la causante del trabajo realizado por el subdelegado. En el mes de diciembre ir\u00eda acompa\u00f1ado de una lista certificada de todos los deudores y de otra de todas las<br \/>\nfincas y valores del P\u00f3sito.<\/p>\n<p>El <strong>P\u00f3sito en el municipio de Atarfe<\/strong> estaba dirigido por una Junta Administrativa que contaba como presidente de la misma con don Juan de Dios Osuna Rueda, el cual una vez reunida la mencionada Junta y una vez que la misma determinaba el reparto de las existencias del P\u00f3sito, hac\u00eda circular entre los vecinos del municipio un bando, por medio del cual les hac\u00eda saber la intencionalidad de la Junta Administrativa del P\u00f3sito de repartir las existencias del mismo entre los labradores que lo necesitasen guardando en su distribuci\u00f3n las reglas y formalidades previstas por las disposiciones vigentes.<\/p>\n<p>Los beneficiarios de estas ayudas deber\u00edan dirigir sus instancias a dicha Junta en un plazo no superior a seis d\u00edas desde la publicaci\u00f3n del bando, en la cual deb\u00edan hacer constar la cantidad de dinero que necesitan as\u00ed como el n\u00famero de marjales que cultivan. Dicho reparto deb\u00eda de reintegrarse en la cosecha venidera con un inter\u00e9s del 4% anual liquidado trimestralmente. Los pr\u00e9stamos superiores a 1.000<br \/>\npesetas no pod\u00edan concederse sin que \u00e9stos fueran garantizados mediante fianza hipotecaria y quedaban excluidos de todo tipo de pr\u00e9stamos los concejales y el secretario de la Corporaci\u00f3n.<\/p>\n<p>Una vez instruidas y examinadas las instancias presentadas ante el P\u00f3sito Local, \u00e9stas deb\u00edan remitirse a la Secci\u00f3n Provincial de P\u00f3sitos en Granada, las cuales ir\u00edan acompa\u00f1adas de:<\/p>\n<ul>\n<li>1 Certificado expresivo de la existencia en caja en d\u00eda en que se acuerde el reparto.<br \/>\n2 Certificado de haberse expuesto al p\u00fablico por un per\u00edodo de ocho d\u00edas para o\u00edr supuestas reclamaciones de agravio.<br \/>\n3 Certificado de las presentadas o negativo en su caso.<br \/>\n4 Relaci\u00f3n duplicada de los pr\u00e9stamos acordados, con expresi\u00f3n de nombres y cantidades.<\/li>\n<\/ul>\n<p>\nAs\u00ed, en 1911 en Atarfe, se presentan 202 solicitudes de pr\u00e9stamo a la Junta Administrativa del P\u00f3sito Local. Estos 202 propietarios cultivaban un total de 5.851 marjales. El P\u00f3sito Local acuerda concederles aproximadamente el 59% de las cantidades solicitadas<br \/>\nen todos los casos, lo cual ascend\u00eda a 19.575 pesetas, importe equivalente al que deb\u00edan al P\u00f3sito 195 deudores del a\u00f1o anterior, a los cuales mediante apremio de primer grado se les incrementaba en un 5% la cantidad debida y se les instaba a que en un plazo de ocho d\u00edas abonasen dicha cantidad. En caso de requerimiento negativo, se aumentaba el recargo en un 10%.<\/p>\n<p>&nbsp;<\/p>\n<p><a href=\"https:\/\/i0.wp.com\/miradordeatarfe.es\/wp-content\/uploads\/2020\/07\/IMG_20200609_140219-1.jpg?ssl=1\"><img data-recalc-dims=\"1\" loading=\"lazy\" decoding=\"async\" class=\"alignnone wp-image-41321 size-full\" src=\"https:\/\/i0.wp.com\/miradordeatarfe.es\/wp-content\/uploads\/2020\/07\/IMG_20200609_140219-1.jpg?resize=640%2C692&#038;ssl=1\" alt=\"\" width=\"640\" height=\"692\" srcset=\"https:\/\/i0.wp.com\/miradordeatarfe.es\/wp-content\/uploads\/2020\/07\/IMG_20200609_140219-1.jpg?w=2331&amp;ssl=1 2331w, https:\/\/i0.wp.com\/miradordeatarfe.es\/wp-content\/uploads\/2020\/07\/IMG_20200609_140219-1.jpg?resize=278%2C300&amp;ssl=1 278w, https:\/\/i0.wp.com\/miradordeatarfe.es\/wp-content\/uploads\/2020\/07\/IMG_20200609_140219-1.jpg?resize=948%2C1024&amp;ssl=1 948w, https:\/\/i0.wp.com\/miradordeatarfe.es\/wp-content\/uploads\/2020\/07\/IMG_20200609_140219-1.jpg?resize=768%2C830&amp;ssl=1 768w, https:\/\/i0.wp.com\/miradordeatarfe.es\/wp-content\/uploads\/2020\/07\/IMG_20200609_140219-1.jpg?resize=600%2C648&amp;ssl=1 600w, https:\/\/i0.wp.com\/miradordeatarfe.es\/wp-content\/uploads\/2020\/07\/IMG_20200609_140219-1.jpg?resize=1421%2C1536&amp;ssl=1 1421w, https:\/\/i0.wp.com\/miradordeatarfe.es\/wp-content\/uploads\/2020\/07\/IMG_20200609_140219-1.jpg?resize=1895%2C2048&amp;ssl=1 1895w, https:\/\/i0.wp.com\/miradordeatarfe.es\/wp-content\/uploads\/2020\/07\/IMG_20200609_140219-1.jpg?resize=1320%2C1426&amp;ssl=1 1320w\" sizes=\"auto, (max-width: 640px) 100vw, 640px\" \/><\/a><\/p>\n<p>ARTICULO PUBLICADO EN ATARFE EN PAPEL\u00a0 DE IDEAL PAGINA 186 Y 187<\/p>\n","protected":false},"excerpt":{"rendered":"<p>Al igual que en la mayor\u00eda del pa\u00eds, el P\u00f3sito desempe\u00f1o un important\u00edsimo papel dentro&#8230;<\/p>\n","protected":false},"author":1,"featured_media":41318,"comment_status":"closed","ping_status":"closed","sticky":false,"template":"","format":"standard","meta":{"_coblocks_attr":"","_coblocks_dimensions":"","_coblocks_responsive_height":"","_coblocks_accordion_ie_support":"","jetpack_post_was_ever_published":false,"_jetpack_newsletter_access":"","_jetpack_dont_email_post_to_subs":false,"_jetpack_newsletter_tier_id":0,"_jetpack_memberships_contains_paywalled_content":false,"_jetpack_memberships_contains_paid_content":false,"footnotes":"","jetpack_publicize_message":"","jetpack_publicize_feature_enabled":true,"jetpack_social_post_already_shared":false,"jetpack_social_options":{"image_generator_settings":{"template":"highway","default_image_id":0,"enabled":false},"version":2}},"categories":[2,7537,2949,1225,186,44,15],"tags":[81,7538,1125],"class_list":["post-41304","post","type-post","status-publish","format-standard","has-post-thumbnail","hentry","category-atarfe","category-atarfe-en-papel-de-ideal","category-opinion-de-fuencisla-moreno","category-ha-de-atarfe","category-instituciones","category-noticias-de-hoy","category-ultimas-noticias","tag-atarfe","tag-el-posito","tag-historia"],"jetpack_publicize_connections":[],"jetpack_featured_media_url":"https:\/\/i0.wp.com\/miradordeatarfe.es\/wp-content\/uploads\/2020\/07\/IMG_20200609_140219-2.jpg?fit=2266%2C1399&ssl=1","jetpack_likes_enabled":true,"jetpack_sharing_enabled":true,"_links":{"self":[{"href":"https:\/\/miradordeatarfe.es\/index.php?rest_route=\/wp\/v2\/posts\/41304","targetHints":{"allow":["GET"]}}],"collection":[{"href":"https:\/\/miradordeatarfe.es\/index.php?rest_route=\/wp\/v2\/posts"}],"about":[{"href":"https:\/\/miradordeatarfe.es\/index.php?rest_route=\/wp\/v2\/types\/post"}],"author":[{"embeddable":true,"href":"https:\/\/miradordeatarfe.es\/index.php?rest_route=\/wp\/v2\/users\/1"}],"replies":[{"embeddable":true,"href":"https:\/\/miradordeatarfe.es\/index.php?rest_route=%2Fwp%2Fv2%2Fcomments&post=41304"}],"version-history":[{"count":3,"href":"https:\/\/miradordeatarfe.es\/index.php?rest_route=\/wp\/v2\/posts\/41304\/revisions"}],"predecessor-version":[{"id":41322,"href":"https:\/\/miradordeatarfe.es\/index.php?rest_route=\/wp\/v2\/posts\/41304\/revisions\/41322"}],"wp:featuredmedia":[{"embeddable":true,"href":"https:\/\/miradordeatarfe.es\/index.php?rest_route=\/wp\/v2\/media\/41318"}],"wp:attachment":[{"href":"https:\/\/miradordeatarfe.es\/index.php?rest_route=%2Fwp%2Fv2%2Fmedia&parent=41304"}],"wp:term":[{"taxonomy":"category","embeddable":true,"href":"https:\/\/miradordeatarfe.es\/index.php?rest_route=%2Fwp%2Fv2%2Fcategories&post=41304"},{"taxonomy":"post_tag","embeddable":true,"href":"https:\/\/miradordeatarfe.es\/index.php?rest_route=%2Fwp%2Fv2%2Ftags&post=41304"}],"curies":[{"name":"wp","href":"https:\/\/api.w.org\/{rel}","templated":true}]}}