{"id":41349,"date":"2020-07-26T08:53:43","date_gmt":"2020-07-26T06:53:43","guid":{"rendered":"http:\/\/miradordeatarfe.es\/?p=41349"},"modified":"2020-07-21T18:58:08","modified_gmt":"2020-07-21T16:58:08","slug":"es-falso-que-espana-sea-el-pais-con-mas-contagios-y-muertes-de-covid-19-por-cada-100-000-habitantes-como-dice-ana-pastor","status":"publish","type":"post","link":"https:\/\/miradordeatarfe.es\/?p=41349","title":{"rendered":"Es falso que Espa\u00f1a sea el pa\u00eds con m\u00e1s contagios y muertes de COVID-19 por cada 100.000 habitantes como dice Ana Pastor"},"content":{"rendered":"<h3><strong>\u201cTenemos el mayor n\u00famero de contagios por 100.000 habitantes, el mayor n\u00famero de fallecidos por 100.000 habitantes, que ning\u00fan pa\u00eds del mundo\u201d<\/strong><\/h3>\n<p>Este lunes 20 de julio la vicepresidenta segunda del Congreso de los Diputados y portavoz del <strong>Grupo Popular<\/strong> en la comisi\u00f3n para la Reconstrucci\u00f3n Econ\u00f3mica y Social, <strong>Ana Pastor<\/strong>, ha asistido a un desayuno online de Nueva Econom\u00eda F\u00f3rum. Durante su intervenci\u00f3n, Pastor ha declarado, hablando sobre el coronavirus, que <strong>\u201ctenemos el mayor n\u00famero de contagios por 100.000 habitantes, el mayor n\u00famero de fallecidos por 100.000 habitantes, que ning\u00fan pa\u00eds del mundo\u201d<\/strong>.<\/p>\n<p><strong>FALSO.<\/strong><\/p>\n<p>Actualmente <strong>Espa\u00f1a no es el pa\u00eds con mayor n\u00famero de fallecidos ni contagiados por cada 100.000 habitantes como dice Ana Pastor.<\/strong><\/p>\n<p><strong>Espa\u00f1a tiene 5.566 casos de coronavirus por cada mill\u00f3n de habitantes<\/strong>, lo que supondr\u00eda 556,6 casos por cada 100.000 habitantes, seg\u00fan los datos que recopila la organizaci\u00f3n <a href=\"https:\/\/ourworldindata.org\/\">Our World in Data<\/a>, formada por investigadores de la <strong>Universidad de Oxford<\/strong>.<\/p>\n<p>Los datos que los investigadores de la Universidad de Oxford <a href=\"https:\/\/github.com\/owid\/covid-19-data\/tree\/master\/public\/data\/\">recogen <\/a>en <strong>\u00abOur World in Data\u00bb<\/strong> son los que publica el <a href=\"https:\/\/www.ecdc.europa.eu\/en\/publications-data\/download-todays-data-geographic-distribution-covid-19-cases-worldwide\">Centro Europeo para la Prevenci\u00f3n y Control de Enfermedades<\/a>, una agencia perteneciente a la Uni\u00f3n Europea que trabaja en la investigaci\u00f3n de enfermedades infecciosas. Este centro hace una <a href=\"https:\/\/www.ecdc.europa.eu\/en\/covid-19\/data-collection\">recopilaci\u00f3n<\/a> de las cifras que publica cada pa\u00eds a diario y los actualiza en su base de datos.<\/p>\n<p>Las cifras de Our World in Data a <strong>19 de julio<\/strong> (el \u00faltimo d\u00eda de actualizaci\u00f3n en el caso de Espa\u00f1a), muestran que por delante de Espa\u00f1a en n\u00famero de contagiados se encuentran pa\u00edses como <strong>Catar, ocupando la primera posici\u00f3n<\/strong> con 3.689,8 casos por cada 100.000 habitantes, <strong>Estados Unidos<\/strong>, con 1.121,28 casos, y otros pa\u00edses como<strong> Brasil<\/strong>, <strong>Luxemburgo, Suecia o Islandia<\/strong>.<\/p>\n<div class=\"wp-block-image\">\n<figure class=\"aligncenter size-large is-resized\"><img data-recalc-dims=\"1\" loading=\"lazy\" decoding=\"async\" class=\"wp-image-118819 jetpack-lazy-image jetpack-lazy-image--handled\" src=\"https:\/\/i0.wp.com\/maldita.es\/app\/uploads\/2020\/07\/Captura-de-pantalla-2020-07-21-a-las-10.13.45-1024x577.png?resize=640%2C360&#038;ssl=1\" sizes=\"auto, (max-width: 687px) 100vw, 687px\" srcset=\"https:\/\/maldita.es\/app\/uploads\/2020\/07\/Captura-de-pantalla-2020-07-21-a-las-10.13.45-1024x577.png 1024w, https:\/\/maldita.es\/app\/uploads\/2020\/07\/Captura-de-pantalla-2020-07-21-a-las-10.13.45-300x169.png 300w, https:\/\/maldita.es\/app\/uploads\/2020\/07\/Captura-de-pantalla-2020-07-21-a-las-10.13.45-768x433.png 768w, https:\/\/maldita.es\/app\/uploads\/2020\/07\/Captura-de-pantalla-2020-07-21-a-las-10.13.45-1536x866.png 1536w, https:\/\/maldita.es\/app\/uploads\/2020\/07\/Captura-de-pantalla-2020-07-21-a-las-10.13.45.png 1894w\" alt=\"\" width=\"640\" height=\"360\" data-lazy-loaded=\"1\" \/><figcaption>Fuente:<a href=\"https:\/\/ourworldindata.org\/coronavirus-data-explorer?zoomToSelection=true&amp;casesMetric=true&amp;totalFreq=true&amp;perCapita=true&amp;smoothing=0&amp;country=USA~GBR~CAN~BRA~AUS~IND~DEU~FRA~MEX~CHL~ZAF~DZA~COL~ESP~BEL&amp;pickerMetric=location&amp;pickerSort=asc\"> Our World in Data. Casos confirmados por cada mill\u00f3n de habitantes. Datos a 19 de julio.<\/a><\/figcaption><\/figure>\n<\/div>\n<p>Por lo tanto, <strong>no es cierto que Espa\u00f1a tenga el mayor n\u00famero de contagios en el mundo por cada 100.000 habitantes, como dice Ana Pastor<\/strong>.<\/p>\n<p><strong>Tampoco es Espa\u00f1a el pa\u00eds que tiene m\u00e1s muertes por cada 100.000 habitantes<\/strong>. Seg\u00fan Our World in Data, Espa\u00f1a ocupa el quinto pa\u00eds en n\u00famero de muertes, por detr\u00e1s de<strong> San Marino, B\u00e9lgica, Andorra y\u00a0 Reino Unido<\/strong>. Si bien San Marino y Andorra cuentan con una poblaci\u00f3n por debajo de los 100.000 habitantes, <strong>B\u00e9lgica <\/strong>con una poblaci\u00f3n de 11,4 millones, <strong>cuenta con 84,45 muertes por cada 100.000 habitantes y Reino Unido,<\/strong> 66,65 millones, <strong>con 66,69 muertes por 100.000 habitantes<\/strong>. <strong>Espa\u00f1a<\/strong>, sin embargo, <strong>tiene 60,78 muertes por cada 100.000 habitantes<\/strong>.<\/p>\n<p>Es cierto que tal y como se puede ver en la gr\u00e1fica, Espa\u00f1a se mantuvo varias semanas entre\u00a0 los tres primeros lugares en el r\u00e1nking de muertes a nivel mundial en los meses de marzo y abril. No obstante, desde finales de abril, Espa\u00f1a ha ido bajando puestos hasta ocupar en la actualidad el quinto lugar.<\/p>\n<div class=\"wp-block-image\">\n<figure class=\"aligncenter size-large is-resized\"><img data-recalc-dims=\"1\" loading=\"lazy\" decoding=\"async\" class=\"wp-image-118817 jetpack-lazy-image jetpack-lazy-image--handled\" src=\"https:\/\/i0.wp.com\/maldita.es\/app\/uploads\/2020\/07\/Captura-de-pantalla-2020-07-21-a-las-10.11.48-1024x576.png?resize=640%2C360&#038;ssl=1\" sizes=\"auto, (max-width: 711px) 100vw, 711px\" srcset=\"https:\/\/maldita.es\/app\/uploads\/2020\/07\/Captura-de-pantalla-2020-07-21-a-las-10.11.48-1024x576.png 1024w, https:\/\/maldita.es\/app\/uploads\/2020\/07\/Captura-de-pantalla-2020-07-21-a-las-10.11.48-300x169.png 300w, https:\/\/maldita.es\/app\/uploads\/2020\/07\/Captura-de-pantalla-2020-07-21-a-las-10.11.48-768x432.png 768w, https:\/\/maldita.es\/app\/uploads\/2020\/07\/Captura-de-pantalla-2020-07-21-a-las-10.11.48-1536x864.png 1536w, https:\/\/maldita.es\/app\/uploads\/2020\/07\/Captura-de-pantalla-2020-07-21-a-las-10.11.48.png 1902w\" alt=\"\" width=\"640\" height=\"360\" data-lazy-loaded=\"1\" \/><figcaption>Fuente: <a href=\"https:\/\/ourworldindata.org\/coronavirus-data-explorer?zoomToSelection=true&amp;time=..2020-07-19&amp;deathsMetric=true&amp;totalFreq=true&amp;perCapita=true&amp;smoothing=0&amp;country=USA~GBR~CAN~BRA~AUS~IND~DEU~FRA~MEX~CHL~ZAF~DZA~COL~ESP~BEL&amp;pickerMetric=location&amp;pickerSort=asc\">Our World in Data. Muertes confirmadas por cada mill\u00f3n de habitantes. Datos a 19 de julio<\/a>.<\/figcaption><\/figure>\n<\/div>\n<p>Por lo tanto, <strong>no es cierto que, como dice Ana Pastor, Espa\u00f1a sea el pa\u00eds del mundo con mayor n\u00famero de muertes de coronavirus por cada 100.000 habitantes<\/strong>.\u00a0<\/p>\n<p>Esta es <strong>una declaraci\u00f3n que ya ha sido realizada por otros miembros del Partido Popular<\/strong>. <a href=\"https:\/\/maldita.es\/malditodato\/2020\/06\/26\/javier-maroto-espana-eeuu-cifras-pandemia-covid19\/\">Hace unas semanas en <em>Maldita.es <\/em>ya desmentimos<\/a> unas declaraciones que hizo el portavoz del PP en el Senado, Javier Maroto, donde afirmaba que \u00ab[Espa\u00f1a] ha obtenido el primer puesto en los datos de los peores resultados en fallecidos y en contagiados de todo el mundo, por encima de Estados Unidos si lo comparamos en t\u00e9rminos porcentuales\u00bb.<\/p>\n<p>Desde <em>Maldita.es<\/em> <strong>nos hemos puesto en contacto con el departamento de prensa del PP<\/strong> para que nos aclarasen a qu\u00e9 se refer\u00eda la vicepresidenta segunda del Congreso de los Diputados, Ana Pastor, con sus declaraciones en Nueva Econom\u00eda F\u00f3rum. No obstante, <strong>en el momento de publicaci\u00f3n de este art\u00edculo no hemos obtenido respuesta<\/strong>.<\/p>\n<p><div class=\"jetpack-video-wrapper\"><iframe loading=\"lazy\" title=\"Ana Pastor (PP) sobre que Espa\u00f1a tiene el mayor n\u00ba de contagios y fallecidos por 100.000 habitantes\" width=\"640\" height=\"360\" src=\"https:\/\/www.youtube.com\/embed\/4i1wVtVW3FI?feature=oembed\" frameborder=\"0\" allow=\"accelerometer; autoplay; clipboard-write; encrypted-media; gyroscope; picture-in-picture; web-share\" referrerpolicy=\"strict-origin-when-cross-origin\" allowfullscreen><\/iframe><\/div>\n<\/p>\n<p class=\"has-small-font-size\"><strong>Primera fecha de publicaci\u00f3n de este art\u00edculo: 21\/07\/2020<\/strong><\/p>\n<p>PUBLICADA EN MALDITA.ES<\/p>\n<p>&nbsp;<\/p>\n","protected":false},"excerpt":{"rendered":"<p>\u201cTenemos el mayor n\u00famero de contagios por 100.000 habitantes, el mayor n\u00famero de fallecidos por&#8230;<\/p>\n","protected":false},"author":1,"featured_media":41350,"comment_status":"closed","ping_status":"closed","sticky":false,"template":"","format":"standard","meta":{"_coblocks_attr":"","_coblocks_dimensions":"","_coblocks_responsive_height":"","_coblocks_accordion_ie_support":"","jetpack_post_was_ever_published":false,"_jetpack_newsletter_access":"","_jetpack_dont_email_post_to_subs":false,"_jetpack_newsletter_tier_id":0,"_jetpack_memberships_contains_paywalled_content":false,"_jetpack_memberships_contains_paid_content":false,"footnotes":"","jetpack_publicize_message":"","jetpack_publicize_feature_enabled":true,"jetpack_social_post_already_shared":false,"jetpack_social_options":{"image_generator_settings":{"template":"highway","default_image_id":0,"enabled":false},"version":2}},"categories":[1161,7149,44,15],"tags":[7542,42,349],"class_list":["post-41349","post","type-post","status-publish","format-standard","has-post-thumbnail","hentry","category-ciudadania","category-coronavirus","category-noticias-de-hoy","category-ultimas-noticias","tag-ana-pastor","tag-politica","tag-pp"],"jetpack_publicize_connections":[],"jetpack_featured_media_url":"https:\/\/i0.wp.com\/miradordeatarfe.es\/wp-content\/uploads\/2020\/07\/ana-pastor-290113.jpg?fit=600%2C320&ssl=1","jetpack_likes_enabled":true,"jetpack_sharing_enabled":true,"_links":{"self":[{"href":"https:\/\/miradordeatarfe.es\/index.php?rest_route=\/wp\/v2\/posts\/41349","targetHints":{"allow":["GET"]}}],"collection":[{"href":"https:\/\/miradordeatarfe.es\/index.php?rest_route=\/wp\/v2\/posts"}],"about":[{"href":"https:\/\/miradordeatarfe.es\/index.php?rest_route=\/wp\/v2\/types\/post"}],"author":[{"embeddable":true,"href":"https:\/\/miradordeatarfe.es\/index.php?rest_route=\/wp\/v2\/users\/1"}],"replies":[{"embeddable":true,"href":"https:\/\/miradordeatarfe.es\/index.php?rest_route=%2Fwp%2Fv2%2Fcomments&post=41349"}],"version-history":[{"count":1,"href":"https:\/\/miradordeatarfe.es\/index.php?rest_route=\/wp\/v2\/posts\/41349\/revisions"}],"predecessor-version":[{"id":41351,"href":"https:\/\/miradordeatarfe.es\/index.php?rest_route=\/wp\/v2\/posts\/41349\/revisions\/41351"}],"wp:featuredmedia":[{"embeddable":true,"href":"https:\/\/miradordeatarfe.es\/index.php?rest_route=\/wp\/v2\/media\/41350"}],"wp:attachment":[{"href":"https:\/\/miradordeatarfe.es\/index.php?rest_route=%2Fwp%2Fv2%2Fmedia&parent=41349"}],"wp:term":[{"taxonomy":"category","embeddable":true,"href":"https:\/\/miradordeatarfe.es\/index.php?rest_route=%2Fwp%2Fv2%2Fcategories&post=41349"},{"taxonomy":"post_tag","embeddable":true,"href":"https:\/\/miradordeatarfe.es\/index.php?rest_route=%2Fwp%2Fv2%2Ftags&post=41349"}],"curies":[{"name":"wp","href":"https:\/\/api.w.org\/{rel}","templated":true}]}}