{"id":41355,"date":"2020-07-25T09:12:21","date_gmt":"2020-07-25T07:12:21","guid":{"rendered":"http:\/\/miradordeatarfe.es\/?p=41355"},"modified":"2020-07-21T20:37:12","modified_gmt":"2020-07-21T18:37:12","slug":"el-coronavirus-acelera-la-caida-del-precio-de-la-vivienda","status":"publish","type":"post","link":"https:\/\/miradordeatarfe.es\/?p=41355","title":{"rendered":"El coronavirus acelera la ca\u00edda del precio de la vivienda"},"content":{"rendered":"<h2 style=\"text-align: justify;\">El descenso en Barcelona supera el 7%<\/h2>\n<div class=\"cnt-body\">\n<div id=\"cuerpo_noticia_r\" class=\"cuerpo\">\n<p style=\"text-align: justify;\">La crisis generada por la pandemia del <a title=\"Coronavirus Covid-19\" href=\"https:\/\/cadenaser.com\/tag\/covid_19\/a\/\">coronavirus<\/a> ha acelerado el descenso del precio de la vivienda de segunda mano en Espa\u00f1a, que en el primer semestre del a\u00f1o alcanz\u00f3 los 2.245 euros por metro cuadrado, <strong>un 4,94 % menos que en el mismo per\u00edodo del a\u00f1o anterior<\/strong>.<\/p>\n<p style=\"text-align: justify;\">El <a href=\"https:\/\/prensa.tecnocasa.es\/wp-content\/uploads\/2020\/07\/GRUPO-TECNOCASA-Informe-sobre-el-mercado-de-la-vivienda-2020I.pdf\" target=\"_blank\" rel=\"noopener noreferrer\"><em>Informe sobre el mercado de la vivienda<\/em><\/a>\u00a0[PDF] realizado por la <a title=\"UPF\" href=\"https:\/\/cadenaser.com\/tag\/upf_universidad_pompeu_fabra\/a\/\">Universidad Pompeu Fabra<\/a> (UPF) y el Grupo Tecnocasa, que se hace con datos reales de las operaciones intermediadas por el grupo, recuerda que ya en el segundo semestre de 2019 el precio de la vivienda en Espa\u00f1a baj\u00f3 en tasa interanual un 2,1 %.<\/p>\n<p style=\"text-align: justify;\"><strong>Las ciudades de Barcelona y Madrid registraron importantes ca\u00eddas<\/strong>, 7,21 % y 4,46 %, respectivamente, y fueron las primeras en anotar descensos de los precios, adem\u00e1s de ser las poblaciones que han marcado la tendencia de lo que suceder\u00e1 en el resto del pa\u00eds.<\/p>\n<p style=\"text-align: justify;\">Otras ciudades tambi\u00e9n registraron bajadas de precios destacadas, como Sevilla, con un descenso respecto al primer semestre de 2019 del 8,21 %, o Guadalajara, del 10,28 %.<\/p>\n<p style=\"text-align: justify;\">Aunque es dif\u00edcil predecir el comportamiento del mercado ante la incertidumbre de los pr\u00f3ximos meses, el director del departamento de An\u00e1lisis e Informes del grupo Tecnocasa, L\u00e1zaro Cubero, cree que todo hace pensar que se seguir\u00e1 moviendo en estos par\u00e1metros.<\/p>\n<p style=\"text-align: justify;\"><strong>La compraventa de viviendas durante el primer semestre baj\u00f3 un 16 %, aunque en ciudades como Barcelona el porcentaje lleg\u00f3 al 17,8 %<\/strong>. El descenso del precio de la vivienda ha venido acompa\u00f1ado de m\u00e1s negociaciones y rebajas de los precios de salida de los pisos, cuya media ronda el 4 %.<\/p>\n<p style=\"text-align: justify;\">Otra tendencia detectada es que <strong>los pisos se compran para vivir<\/strong> y los peque\u00f1os inversores que suelen adquirir inmuebles para alquilar se han reducido de manera considerable y est\u00e1n a la espera de que mejore la incertidumbre y, en parte, est\u00e1n desanimados por la bajada del precio de los arriendos.<\/p>\n<p style=\"text-align: justify;\">El n\u00famero de inversores a nivel nacional se sit\u00faa en el 25,1 %, dato que en 2019 fue del 26,5 %, mientras que el porcentaje m\u00e1ximo de inversores se alcanz\u00f3 en 2017, con casi el 30 % de las compraventas realizadas.<\/p>\n<p style=\"text-align: justify;\">Pese al COVID-19, <strong>la actividad inmobiliaria se \u00abha normalizado\u00bb en cuanto las visitas y compras<\/strong>, seg\u00fan Cubero, ya que el n\u00famero de solicitudes de compra alcanz\u00f3 en junio los niveles de principios de a\u00f1o y el n\u00famero se visitas se recuper\u00f3 al ritmo previo a la pandemia y se ha registrado un importante aumento de las solicitudes telem\u00e1ticas.<\/p>\n<p style=\"text-align: justify;\">En el primer semestre, <strong>la hipoteca media se situ\u00f3 en 121.597 euros, un 0,90 % m\u00e1s<\/strong>, y el importe medio de la cuota mensual que pagan los clientes fue de unos 463 euros, lo que representa el 30 % de los ingresos medios.<\/p>\n<p style=\"text-align: justify;\">El consejero delegado del Grupo Tecnocasa, Paolo Boarini, ha destacado que la situaci\u00f3n actual derivada de la COVID-19 es muy diferente a la de crisis econ\u00f3mica de 2008, cuando el sector inmobiliario fue uno de los m\u00e1s perjudicados.<\/p>\n<p style=\"text-align: justify;\">En la actual crisis, el sector ha sufrido, sobre todo, durante las primeras semanas de confinamiento estricto, pero ahora <strong>se est\u00e1n reactivando muchas compraventas<\/strong> y se est\u00e1 recuperando el volumen de operaciones en el \u00faltimo trimestre del a\u00f1o.<\/p>\n<p style=\"text-align: justify;\">Adem\u00e1s, Boarini ha destacado que los bancos ahora han reaccionado de manera muy diferente a como lo hicieron en la anterior crisis y \u00abno han cerrado el grifo\u00bb del cr\u00e9dito ni han endurecido los par\u00e1metros de riesgo.<\/p>\n<\/div>\n<\/div>\n<p>EFE<\/p>\n<p>FOTO: Imagen de archivo de una vivienda con un cartel de venta. \/ EUROPA PRESS<\/p>\n<p>https:\/\/cadenaser.com\/ser\/2020\/07\/21\/economia\/1595330224_124971.html<\/p>\n","protected":false},"excerpt":{"rendered":"<p>El descenso en Barcelona supera el 7% La crisis generada por la pandemia del coronavirus&#8230;<\/p>\n","protected":false},"author":1,"featured_media":41356,"comment_status":"closed","ping_status":"closed","sticky":false,"template":"","format":"standard","meta":{"_coblocks_attr":"","_coblocks_dimensions":"","_coblocks_responsive_height":"","_coblocks_accordion_ie_support":"","jetpack_post_was_ever_published":false,"_jetpack_newsletter_access":"","_jetpack_dont_email_post_to_subs":false,"_jetpack_newsletter_tier_id":0,"_jetpack_memberships_contains_paywalled_content":false,"_jetpack_memberships_contains_paid_content":false,"footnotes":"","jetpack_publicize_message":"","jetpack_publicize_feature_enabled":true,"jetpack_social_post_already_shared":false,"jetpack_social_options":{"image_generator_settings":{"template":"highway","default_image_id":0,"enabled":false},"version":2}},"categories":[7149,9,44,6937,15],"tags":[7021,682],"class_list":["post-41355","post","type-post","status-publish","format-standard","has-post-thumbnail","hentry","category-coronavirus","category-medio-ambiente","category-noticias-de-hoy","category-sociedad","category-ultimas-noticias","tag-coronavirus","tag-vivienda"],"jetpack_publicize_connections":[],"jetpack_featured_media_url":"https:\/\/i0.wp.com\/miradordeatarfe.es\/wp-content\/uploads\/2020\/07\/1595330224_124971_1595330694_noticia_normal_recorte1.jpg?fit=1300%2C868&ssl=1","jetpack_likes_enabled":true,"jetpack_sharing_enabled":true,"_links":{"self":[{"href":"https:\/\/miradordeatarfe.es\/index.php?rest_route=\/wp\/v2\/posts\/41355","targetHints":{"allow":["GET"]}}],"collection":[{"href":"https:\/\/miradordeatarfe.es\/index.php?rest_route=\/wp\/v2\/posts"}],"about":[{"href":"https:\/\/miradordeatarfe.es\/index.php?rest_route=\/wp\/v2\/types\/post"}],"author":[{"embeddable":true,"href":"https:\/\/miradordeatarfe.es\/index.php?rest_route=\/wp\/v2\/users\/1"}],"replies":[{"embeddable":true,"href":"https:\/\/miradordeatarfe.es\/index.php?rest_route=%2Fwp%2Fv2%2Fcomments&post=41355"}],"version-history":[{"count":2,"href":"https:\/\/miradordeatarfe.es\/index.php?rest_route=\/wp\/v2\/posts\/41355\/revisions"}],"predecessor-version":[{"id":41358,"href":"https:\/\/miradordeatarfe.es\/index.php?rest_route=\/wp\/v2\/posts\/41355\/revisions\/41358"}],"wp:featuredmedia":[{"embeddable":true,"href":"https:\/\/miradordeatarfe.es\/index.php?rest_route=\/wp\/v2\/media\/41356"}],"wp:attachment":[{"href":"https:\/\/miradordeatarfe.es\/index.php?rest_route=%2Fwp%2Fv2%2Fmedia&parent=41355"}],"wp:term":[{"taxonomy":"category","embeddable":true,"href":"https:\/\/miradordeatarfe.es\/index.php?rest_route=%2Fwp%2Fv2%2Fcategories&post=41355"},{"taxonomy":"post_tag","embeddable":true,"href":"https:\/\/miradordeatarfe.es\/index.php?rest_route=%2Fwp%2Fv2%2Ftags&post=41355"}],"curies":[{"name":"wp","href":"https:\/\/api.w.org\/{rel}","templated":true}]}}