{"id":41418,"date":"2020-07-27T11:14:41","date_gmt":"2020-07-27T09:14:41","guid":{"rendered":"http:\/\/miradordeatarfe.es\/?p=41418"},"modified":"2020-08-17T13:49:20","modified_gmt":"2020-08-17T11:49:20","slug":"pisa-otra-vez-por-remedios-sanchez","status":"publish","type":"post","link":"https:\/\/miradordeatarfe.es\/?p=41418","title":{"rendered":"\u00abPISA, OTRA VEZ\u00bb por  Remedios S\u00e1nchez"},"content":{"rendered":"<h3 align=\"JUSTIFY\"><span lang=\"es-ES\">La educaci\u00f3n espa\u00f1ola no funciona desde hace d\u00e9cadas, porque un pa\u00eds que fabrica leyes educativas como el que hace un patchwork (es decir, a fragmentos) va directo al precipicio.<\/span><\/h3>\n<p align=\"JUSTIFY\"><span lang=\"es-ES\">Llega el verano, con su vuelo lento de gaviota, el cansancio acumulado en las pupilas y, con \u00e9l, los resultados del Informe PISA 2018 referidos a comprensi\u00f3n lectora de nuestros estudiantes. Lo cual que se constata otra vez que los nenes de secundaria, con todos los medios t\u00e9cnicos a su disposici\u00f3n, se enteran mucho peor de lo que leen que hace catorce a\u00f1os, cuando \u00e9ramos menos digitales y los aprendizajes se fundamentaban en la filosof\u00eda de la tiza, la voz m\u00e1gica de los docentes y en prestar atenci\u00f3n en clase para acabar r\u00e1pido los deberes vespertinos. Habr\u00e1 quien piense que hablo de la Edad Media, pero me refiero a hace menos de 30 a\u00f1os, justo cuando la LOGSE tom\u00f3 posesi\u00f3n del cortijo y empezamos con esta ca\u00edda en picado en la que se ha ido corrompiendo progresivamente la labor de los profesores hasta convertirlos en una suerte de animadores socioculturales de aula para evitar que se nos aburran las nuevas generaciones en esas tardes pardas de invierno con monoton\u00eda de lluvia tras los cristales, parafraseando a Machado, que, visto el perfil del alumnado, tengo serias dudas de que sepan qui\u00e9n es. <\/span><\/p>\n<p align=\"JUSTIFY\"><span lang=\"es-ES\">Los datos evidencian que tanta TIC y tanta sociedad 2.0 no forja unos quincea\u00f1eros con m\u00e1s capacidad de entender lo que leen; al contrario, porque andamos ya con unos niveles similares a los de Hungr\u00eda, Bielorrusia, Israel o Turqu\u00eda, que no se caracterizan precisamente por su compromiso formativo. En fin, que las encuestas y sus verdades postergadas vienen a sacarnos los colores para contar al mundo lo que ya sabemos; lo que se le ha explicado por activa, por pasiva y por perifr\u00e1stica a los se\u00f1ores del ministerio del ramo y de la Junta de Andaluc\u00eda para que pongan remedio: que la educaci\u00f3n espa\u00f1ola no funciona desde hace d\u00e9cadas, porque un pa\u00eds que fabrica leyes educativas como el que hace un patchwork (es decir, a fragmentos) va directo al precipicio. En la Espa\u00f1a democr\u00e1tica ya estamos en la aplicaci\u00f3n de la s\u00e9ptima (Ley del 70, LOECE, LODE, LOGSE, LOCE, LOE y LOMCE) y, con cada una, se ha ido restando cada vez mayor protagonismo a las humanidades y destruyendo, con la contumacia de un martillo pil\u00f3n, todos los valores positivos de lo que supone el proceso real de ense\u00f1anza-aprendizaje, digan lo que digan los palmeros que justifican la calamidad para que los pol\u00edticos camastrones de turno salgan del paso; si nos comparamos con Uganda, claro. Y <\/span><span lang=\"es-ES\"><b>no es que nuestros adolescentes sean especialmente torpes; es que han perdido la motivaci\u00f3n y el entusiasmo por el descubrimiento, toda capacidad de asombro y de admiraci\u00f3n frente a un maestro desalentado, que ha dejado de ser un espejo en el que mirarse para convertirse en una pieza m\u00e1s, maltratada por un sistema<\/b><\/span> <span lang=\"es-ES\"><b>perverso<\/b><\/span><span lang=\"es-ES\"> que prioriza que se dediquen a rellenar formularios en vez de a encender el entusiasmo lector de una generaci\u00f3n que, para sobrevivir, necesita comprender bien lo que pasa a su alrededor dentro de esta sociedad globalizada en la que s\u00f3lo triunfan los m\u00e1s fuertes. <\/span><\/p>\n<p align=\"JUSTIFY\">PUBLICADO EN IDEAL DE HOY<\/p>\n<p align=\"JUSTIFY\">\u00a0<\/p>\n","protected":false},"excerpt":{"rendered":"<p>La educaci\u00f3n espa\u00f1ola no funciona desde hace d\u00e9cadas, porque un pa\u00eds que fabrica leyes educativas&#8230;<\/p>\n","protected":false},"author":1,"featured_media":41419,"comment_status":"closed","ping_status":"closed","sticky":false,"template":"","format":"standard","meta":{"_coblocks_attr":"","_coblocks_dimensions":"","_coblocks_responsive_height":"","_coblocks_accordion_ie_support":"","jetpack_post_was_ever_published":false,"_jetpack_newsletter_access":"","_jetpack_dont_email_post_to_subs":false,"_jetpack_newsletter_tier_id":0,"_jetpack_memberships_contains_paywalled_content":false,"_jetpack_memberships_contains_paid_content":false,"footnotes":"","jetpack_publicize_message":"","jetpack_publicize_feature_enabled":true,"jetpack_social_post_already_shared":false,"jetpack_social_options":{"image_generator_settings":{"template":"highway","default_image_id":0,"enabled":false},"version":2}},"categories":[187,1161,44,6914,6937,15],"tags":[201],"class_list":["post-41418","post","type-post","status-publish","format-standard","has-post-thumbnail","hentry","category-centros-educativos","category-ciudadania","category-noticias-de-hoy","category-opinion-de-reme-sanchez","category-sociedad","category-ultimas-noticias","tag-pisa"],"jetpack_publicize_connections":[],"jetpack_featured_media_url":"https:\/\/i0.wp.com\/miradordeatarfe.es\/wp-content\/uploads\/2020\/07\/Portada-Final-PISA-2.jpg?fit=2373%2C1848&ssl=1","jetpack_likes_enabled":true,"jetpack_sharing_enabled":true,"_links":{"self":[{"href":"https:\/\/miradordeatarfe.es\/index.php?rest_route=\/wp\/v2\/posts\/41418","targetHints":{"allow":["GET"]}}],"collection":[{"href":"https:\/\/miradordeatarfe.es\/index.php?rest_route=\/wp\/v2\/posts"}],"about":[{"href":"https:\/\/miradordeatarfe.es\/index.php?rest_route=\/wp\/v2\/types\/post"}],"author":[{"embeddable":true,"href":"https:\/\/miradordeatarfe.es\/index.php?rest_route=\/wp\/v2\/users\/1"}],"replies":[{"embeddable":true,"href":"https:\/\/miradordeatarfe.es\/index.php?rest_route=%2Fwp%2Fv2%2Fcomments&post=41418"}],"version-history":[{"count":2,"href":"https:\/\/miradordeatarfe.es\/index.php?rest_route=\/wp\/v2\/posts\/41418\/revisions"}],"predecessor-version":[{"id":41421,"href":"https:\/\/miradordeatarfe.es\/index.php?rest_route=\/wp\/v2\/posts\/41418\/revisions\/41421"}],"wp:featuredmedia":[{"embeddable":true,"href":"https:\/\/miradordeatarfe.es\/index.php?rest_route=\/wp\/v2\/media\/41419"}],"wp:attachment":[{"href":"https:\/\/miradordeatarfe.es\/index.php?rest_route=%2Fwp%2Fv2%2Fmedia&parent=41418"}],"wp:term":[{"taxonomy":"category","embeddable":true,"href":"https:\/\/miradordeatarfe.es\/index.php?rest_route=%2Fwp%2Fv2%2Fcategories&post=41418"},{"taxonomy":"post_tag","embeddable":true,"href":"https:\/\/miradordeatarfe.es\/index.php?rest_route=%2Fwp%2Fv2%2Ftags&post=41418"}],"curies":[{"name":"wp","href":"https:\/\/api.w.org\/{rel}","templated":true}]}}