{"id":4142,"date":"2015-10-26T09:04:31","date_gmt":"2015-10-26T09:04:31","guid":{"rendered":"http:\/\/miradordeatarfe.es\/?p=4142"},"modified":"2015-10-28T08:09:50","modified_gmt":"2015-10-28T08:09:50","slug":"musicos-arabes-israelies-y-espanoles-comienzan-en-granada-un-taller-orquestal-y-de-convivencia","status":"publish","type":"post","link":"https:\/\/miradordeatarfe.es\/?p=4142","title":{"rendered":"M\u00fasicos \u00e1rabes, israel\u00edes y espa\u00f1oles comienzan en Granada un taller orquestal y de convivencia"},"content":{"rendered":"<p>La Orquesta West-Eastern Divan, formada por j\u00f3venes m\u00fasicos \u00e1rabes, israel\u00edes y espa\u00f1oles, est\u00e1 ya reunida en Granada hasta el 29 de octubre para desarrollar un taller orquestal y de convivencia que conmemorara el 80 aniversario del nacimiento del intelectual palestino Edward Said.<!--more--><\/p>\n<p>El \u201cWest-Eastern Divan\u201d fue fundado por el pianista y director argentino-israel\u00ed Daniel Barenboim y el intelectual palestino Edward Said en 1999 para reunir a j\u00f3venes \u00e1rabes e israel\u00edes en torno a la m\u00fasica como veh\u00edculo de convivencia entre personas procedentes de sociedades en conflicto.<\/p>\n<p>Desde que la Junta de Andaluc\u00eda la invitara a establecerse en la comunidad, j\u00f3venes m\u00fasicos espa\u00f1oles forman parte de la misma, ha informado hoy la administraci\u00f3n auton\u00f3mica.<\/p>\n<p>Daniel Barenboim y Edward Said recibieron el Premio de Asturias a la Concordia por esta iniciativa en 2002 y, tal y como destac\u00f3 el jurado, con independencia de su destacada proyecci\u00f3n art\u00edstica e intelectual, hace una encomiable tarea a favor de la convivencia y de la paz, simbolizada en la colaboraci\u00f3n de j\u00f3venes m\u00fasicos que, superando antagonismos hist\u00f3ricos, fomenta el di\u00e1logo y la reflexi\u00f3n.<\/p>\n<p>Los ensayos tienen lugar en el Auditorio Manuel de Falla gracias a la colaboraci\u00f3n del Ayuntamiento de Granada y, tras unos d\u00edas de convivencia y trabajo, la orquesta ofrecer\u00e1 conciertos en este mismo espacio el mi\u00e9rcoles 28 de octubre y en el en el Teatro Cervantes de M\u00e1laga el jueves 29.<\/p>\n<p>A continuaci\u00f3n se desplazar\u00e1 a Ginebra para ofrecer un concierto el s\u00e1bado 31 en la Sala de los Derechos Humanos y la Alianza de Civilizaciones de la sede de las Naciones Unidas que contar\u00e1 con la asistencia del secretario general, Ban Ki-Moon.<\/p>\n<p>El repertorio estar\u00e1 compuesto por tres sinfon\u00edas de W.A. Mozart: la Sinfon\u00eda n.\u00ba 39 en mi bemol mayor, K. 543, la Sinfon\u00eda n.\u00ba 40 en sol menor, K. 550 y la Sinfon\u00eda n.\u00ba 41 en do mayor, K. 551, J\u00fapiter.<\/p>\n<p>Este pr\u00f3ximo martes 27 de octubre tendr\u00e1 adem\u00e1s lugar la proyecci\u00f3n del documental \u201cSelves and Others\u201d (\u201cLos mismos y otros\u201d) en colaboraci\u00f3n con la Fundaci\u00f3n Euro\u00e1rabe de Altos Estudios, grabado poco antes del fallecimiento de Edward Said y que ofrece una visi\u00f3n de sus \u00faltimas reflexiones.<\/p>\n","protected":false},"excerpt":{"rendered":"<p>La Orquesta West-Eastern Divan, formada por j\u00f3venes m\u00fasicos \u00e1rabes, israel\u00edes y espa\u00f1oles, est\u00e1 ya reunida&#8230;<\/p>\n","protected":false},"author":1,"featured_media":4143,"comment_status":"closed","ping_status":"closed","sticky":false,"template":"","format":"standard","meta":{"_coblocks_attr":"","_coblocks_dimensions":"","_coblocks_responsive_height":"","_coblocks_accordion_ie_support":"","jetpack_post_was_ever_published":false,"_jetpack_newsletter_access":"","_jetpack_dont_email_post_to_subs":false,"_jetpack_newsletter_tier_id":0,"_jetpack_memberships_contains_paywalled_content":false,"_jetpack_memberships_contains_paid_content":false,"footnotes":"","jetpack_publicize_message":"","jetpack_publicize_feature_enabled":true,"jetpack_social_post_already_shared":false,"jetpack_social_options":{"image_generator_settings":{"template":"highway","default_image_id":0,"enabled":false},"version":2}},"categories":[12,15],"tags":[695,90,1492],"class_list":["post-4142","post","type-post","status-publish","format-standard","has-post-thumbnail","hentry","category-cultura","category-ultimas-noticias","tag-convivencia","tag-cultura","tag-orquesta"],"jetpack_publicize_connections":[],"jetpack_featured_media_url":"https:\/\/i0.wp.com\/miradordeatarfe.es\/wp-content\/uploads\/2015\/10\/israel.jpg?fit=610%2C407&ssl=1","jetpack_likes_enabled":true,"jetpack_sharing_enabled":true,"_links":{"self":[{"href":"https:\/\/miradordeatarfe.es\/index.php?rest_route=\/wp\/v2\/posts\/4142","targetHints":{"allow":["GET"]}}],"collection":[{"href":"https:\/\/miradordeatarfe.es\/index.php?rest_route=\/wp\/v2\/posts"}],"about":[{"href":"https:\/\/miradordeatarfe.es\/index.php?rest_route=\/wp\/v2\/types\/post"}],"author":[{"embeddable":true,"href":"https:\/\/miradordeatarfe.es\/index.php?rest_route=\/wp\/v2\/users\/1"}],"replies":[{"embeddable":true,"href":"https:\/\/miradordeatarfe.es\/index.php?rest_route=%2Fwp%2Fv2%2Fcomments&post=4142"}],"version-history":[{"count":1,"href":"https:\/\/miradordeatarfe.es\/index.php?rest_route=\/wp\/v2\/posts\/4142\/revisions"}],"predecessor-version":[{"id":4144,"href":"https:\/\/miradordeatarfe.es\/index.php?rest_route=\/wp\/v2\/posts\/4142\/revisions\/4144"}],"wp:featuredmedia":[{"embeddable":true,"href":"https:\/\/miradordeatarfe.es\/index.php?rest_route=\/wp\/v2\/media\/4143"}],"wp:attachment":[{"href":"https:\/\/miradordeatarfe.es\/index.php?rest_route=%2Fwp%2Fv2%2Fmedia&parent=4142"}],"wp:term":[{"taxonomy":"category","embeddable":true,"href":"https:\/\/miradordeatarfe.es\/index.php?rest_route=%2Fwp%2Fv2%2Fcategories&post=4142"},{"taxonomy":"post_tag","embeddable":true,"href":"https:\/\/miradordeatarfe.es\/index.php?rest_route=%2Fwp%2Fv2%2Ftags&post=4142"}],"curies":[{"name":"wp","href":"https:\/\/api.w.org\/{rel}","templated":true}]}}