{"id":41446,"date":"2020-08-10T11:36:37","date_gmt":"2020-08-10T09:36:37","guid":{"rendered":"http:\/\/miradordeatarfe.es\/?p=41446"},"modified":"2020-08-17T13:49:51","modified_gmt":"2020-08-17T11:49:51","slug":"no-pienses-en-un-elefante-por-remedios-sanchez","status":"publish","type":"post","link":"https:\/\/miradordeatarfe.es\/?p=41446","title":{"rendered":"\u00abNO PIENSES EN UN ELEFANTE\u00bb por Remedios S\u00e1nchez"},"content":{"rendered":"<p align=\"JUSTIFY\"><span style=\"font-size: medium;\"><span lang=\"es-ES\">Espa\u00f1a se acost\u00f3 mon\u00e1rquica y se levant\u00f3 republicana. As\u00ed, del tir\u00f3n, que es como hacemos las cosas los espa\u00f1oles cuando estamos motivados. Lo que pasa es que aqu\u00ed nos motivamos poco; el calor, la pereza y tal nos baldan el alma, y de ah\u00ed que Franco aguantara cuarenta a\u00f1os y se les muriera (porque servidora no hab\u00eda nacido) en la cama. Luego, despu\u00e9s de que varios millones de paisanos honraran debidamente al General\u00edsimo -no hay m\u00e1s que ver los documentales, que ahora parece que todo el mundo era mon\u00e1rquico desde los Reyes Cat\u00f3licos-, se cumpli\u00f3 la voluntad franquista y tom\u00f3 posesi\u00f3n del cortijo Juan Carlos, que hab\u00eda venido de Estoril a educarse, a pasear en Vespa y a borbonear, que es algo que siempre se les da bien a los monarcas campechanos. <\/span><\/span><\/p>\n<p align=\"JUSTIFY\"><span style=\"font-size: medium;\"><span lang=\"es-ES\">Pero hete aqu\u00ed que los militares del r\u00e9gimen moribundo, se percataron de que, entre borboneo y borboneo, Juan Carlos estaba por convertir en pa\u00eds en una democracia aut\u00e9ntica y aprovech\u00f3 la Constituci\u00f3n del 78, \u00e9sa que votaron nuestros padres y abuelos, para que la forma de gobierno, seg\u00fan su art\u00edculo primero, fuese una monarqu\u00eda parlamentaria dentro de un Estado social y democr\u00e1tico de Derecho. Lo cual que, indignados porque Juan Carlos seguramente hizo el juramento franquista con los dedos cruzados (y eso ya sabe cualquier ni\u00f1o que no vale), algunas mesnadas del ej\u00e9rcito sacaron los tanques a la calle el 23-F y tomaron el Congreso de los Diputados al grito de \u201cquieto todo el mundo\u201d y \u201cse sienten, co\u00f1o\u201d, con m\u00fasica de disparos y fondo de bigote con tricornio. Ah\u00ed estaba la cosa fea, con lo que, si se descuida Juan Carlos en dar un discurso televisado reafirmando su compromiso democr\u00e1tico, se van<\/span><\/span> <span style=\"font-size: medium;\"><span lang=\"es-ES\">Felipe, Guerra, Suarez y Carrillo de Madrid al cielo con un pistoletazo en la frente y volvemos al r\u00e9gimen preconstitucional, por muy chulos que ahora se pongan algunos. Exactamente eso es lo que se le debe: que supo estar a la altura en el momento oportuno. <\/span><\/span><\/p>\n<p align=\"JUSTIFY\"><span style=\"font-size: medium;\"><span lang=\"es-ES\">Luego, en los \u00faltimos a\u00f1os, se ha producido la degeneraci\u00f3n ca\u00f1\u00ed de un Juan Carlos que ha pasado de representar a una instituci\u00f3n-\u00e1rbitro mod\u00e9lica a ser un problema con sus entra\u00f1ables amistades femeninas y sus gustos de nuevo rico. Tuvo la oportunidad de irse dignamente cuando la abdicaci\u00f3n en Felipe VI, pero ya era tarde, el da\u00f1o estaba hecho y el esc\u00e1ndalo de los primos de Arabia a punto de caramelo. Porque 65 millones de euros -no declarados- son complicados de justificar, pero Espa\u00f1a se merec\u00eda al menos una explicaci\u00f3n, no salir por la puerta de atr\u00e1s dejando esta sensaci\u00f3n de decepci\u00f3n y fracaso. Si adem\u00e1s se constata, como dicen en ABC, que se ha ido a Abu-Dabi mientras se calma el enfado generalizado, la cosa tiene dif\u00edcil arreglo. Ya avisaba Lakoff cuando escribi\u00f3 \u2018No pienses en un elefante\u2019 de que ni las palabras ni los gestos son inocentes jam\u00e1s. Y el em\u00e9rito ha hecho exactamente lo \u00fanico que no deb\u00eda hacer: recordarnos su pecado original regresando al escenario de su verg\u00fcenza. <\/span><\/span><\/p>\n","protected":false},"excerpt":{"rendered":"<p>Espa\u00f1a se acost\u00f3 mon\u00e1rquica y se levant\u00f3 republicana. As\u00ed, del tir\u00f3n, que es como hacemos&#8230;<\/p>\n","protected":false},"author":1,"featured_media":41447,"comment_status":"closed","ping_status":"closed","sticky":false,"template":"","format":"standard","meta":{"_coblocks_attr":"","_coblocks_dimensions":"","_coblocks_responsive_height":"","_coblocks_accordion_ie_support":"","jetpack_post_was_ever_published":false,"_jetpack_newsletter_access":"","_jetpack_dont_email_post_to_subs":false,"_jetpack_newsletter_tier_id":0,"_jetpack_memberships_contains_paywalled_content":false,"_jetpack_memberships_contains_paid_content":false,"footnotes":"","jetpack_publicize_message":"","jetpack_publicize_feature_enabled":true,"jetpack_social_post_already_shared":false,"jetpack_social_options":{"image_generator_settings":{"template":"highway","default_image_id":0,"enabled":false},"version":2}},"categories":[44,6914,6937,15],"tags":[66,4627,7552,2607],"class_list":["post-41446","post","type-post","status-publish","format-standard","has-post-thumbnail","hentry","category-noticias-de-hoy","category-opinion-de-reme-sanchez","category-sociedad","category-ultimas-noticias","tag-fraude","tag-fraudes","tag-juan-carlos-i","tag-monarquia"],"jetpack_publicize_connections":[],"jetpack_featured_media_url":"https:\/\/i0.wp.com\/miradordeatarfe.es\/wp-content\/uploads\/2020\/08\/reyhuida_a5dbe256.jpg?fit=990%2C660&ssl=1","jetpack_likes_enabled":true,"jetpack_sharing_enabled":true,"_links":{"self":[{"href":"https:\/\/miradordeatarfe.es\/index.php?rest_route=\/wp\/v2\/posts\/41446","targetHints":{"allow":["GET"]}}],"collection":[{"href":"https:\/\/miradordeatarfe.es\/index.php?rest_route=\/wp\/v2\/posts"}],"about":[{"href":"https:\/\/miradordeatarfe.es\/index.php?rest_route=\/wp\/v2\/types\/post"}],"author":[{"embeddable":true,"href":"https:\/\/miradordeatarfe.es\/index.php?rest_route=\/wp\/v2\/users\/1"}],"replies":[{"embeddable":true,"href":"https:\/\/miradordeatarfe.es\/index.php?rest_route=%2Fwp%2Fv2%2Fcomments&post=41446"}],"version-history":[{"count":1,"href":"https:\/\/miradordeatarfe.es\/index.php?rest_route=\/wp\/v2\/posts\/41446\/revisions"}],"predecessor-version":[{"id":41448,"href":"https:\/\/miradordeatarfe.es\/index.php?rest_route=\/wp\/v2\/posts\/41446\/revisions\/41448"}],"wp:featuredmedia":[{"embeddable":true,"href":"https:\/\/miradordeatarfe.es\/index.php?rest_route=\/wp\/v2\/media\/41447"}],"wp:attachment":[{"href":"https:\/\/miradordeatarfe.es\/index.php?rest_route=%2Fwp%2Fv2%2Fmedia&parent=41446"}],"wp:term":[{"taxonomy":"category","embeddable":true,"href":"https:\/\/miradordeatarfe.es\/index.php?rest_route=%2Fwp%2Fv2%2Fcategories&post=41446"},{"taxonomy":"post_tag","embeddable":true,"href":"https:\/\/miradordeatarfe.es\/index.php?rest_route=%2Fwp%2Fv2%2Ftags&post=41446"}],"curies":[{"name":"wp","href":"https:\/\/api.w.org\/{rel}","templated":true}]}}