{"id":41449,"date":"2020-09-03T10:45:17","date_gmt":"2020-09-03T08:45:17","guid":{"rendered":"http:\/\/miradordeatarfe.es\/?p=41449"},"modified":"2020-08-31T12:17:21","modified_gmt":"2020-08-31T10:17:21","slug":"el-atarfe-perfila-su-nuevo-proyecto-en-division-de-honor","status":"publish","type":"post","link":"https:\/\/miradordeatarfe.es\/?p=41449","title":{"rendered":"El Atarfe perfila su nuevo proyecto en Divisi\u00f3n de Honor"},"content":{"rendered":"<div id=\"descripcionseccion\">\n<p>&nbsp;<\/p>\n<\/div>\n<div id=\"columna1y2portada\">\n<div class=\"bloque_short\">\n<h4 style=\"text-align: justify;\">El conjunto blanquiverde apuesta por la continuidad de Manolo Rojas en el banquillo y gran parte de la plantilla de la pasada temporada<\/h4>\n<p style=\"text-align: justify;\">El Atarfe Industrial encara su segunda temporada en la Divisi\u00f3n de Honor Andaluza con la confecci\u00f3n de la plantilla muy avanzada al tener ya confirmados a un total 17 jugadores, de los cuales trece son renovaciones de la pasada temporada.<\/p>\n<p style=\"text-align: justify;\">Esto indica que el conjunto atarfe\u00f1o ha apostado por la continuidad y eso se demuestra en que Manolo Rojas ha renovado como entrenador, en lo que ser\u00e1 la segunda temporada en el club presidido por Andr\u00e9s Prieto.<\/p>\n<p style=\"text-align: justify;\">El t\u00e9cnico del equipo blanquiverde ha renovado a trece jugadores de la pasada temporada. Han sellado su continuidad los defensas Chavo, G\u00e1lvez, Marcos Toro, Najib y V\u00edctor Esp\u00ednola. Tambi\u00e9n continuar\u00e1n los centrocampistas Adri Vegas, Fran Moreno, Juanma, Aya y Miguel Mole\u00f3n. En la delantera seguir\u00e1n Dani Gonz\u00e1lez, Manu Oro y Chico G\u00f3mez.<\/p>\n<p style=\"text-align: justify;\">Hasta el momento el conjunto atarfe\u00f1o ha realizado cuatro incorporaciones. En la porter\u00eda retorna Dar\u00edo, tras su paso por la UD Maracena. Tambi\u00e9n han llegado los defensas Adri, del Albolote CF y Manu Amaya, de la UD Maracena, y el centrocampista Anto\u00f1illo, que la pasada temporada jug\u00f3 en el Gabia.<\/p>\n<p style=\"text-align: justify;\">Manolo Rojas continuar\u00e1 en el Atarfe (L\u00c1ZARO)<\/p>\n<\/div>\n<\/div>\n","protected":false},"excerpt":{"rendered":"<p>&nbsp; El conjunto blanquiverde apuesta por la continuidad de Manolo Rojas en el banquillo y&#8230;<\/p>\n","protected":false},"author":1,"featured_media":41452,"comment_status":"closed","ping_status":"closed","sticky":false,"template":"","format":"standard","meta":{"_coblocks_attr":"","_coblocks_dimensions":"","_coblocks_responsive_height":"","_coblocks_accordion_ie_support":"","jetpack_post_was_ever_published":false,"_jetpack_newsletter_access":"","_jetpack_dont_email_post_to_subs":false,"_jetpack_newsletter_tier_id":0,"_jetpack_memberships_contains_paywalled_content":false,"_jetpack_memberships_contains_paid_content":false,"footnotes":"","jetpack_publicize_message":"","jetpack_publicize_feature_enabled":true,"jetpack_social_post_already_shared":false,"jetpack_social_options":{"image_generator_settings":{"template":"highway","default_image_id":0,"enabled":false},"version":2}},"categories":[182,186,44,15],"tags":[4389,123,666],"class_list":["post-41449","post","type-post","status-publish","format-standard","has-post-thumbnail","hentry","category-deportes","category-instituciones","category-noticias-de-hoy","category-ultimas-noticias","tag-atarfe-industrial-c-f","tag-deportes","tag-futbol"],"jetpack_publicize_connections":[],"jetpack_featured_media_url":"https:\/\/i0.wp.com\/miradordeatarfe.es\/wp-content\/uploads\/2020\/08\/imagen41153_0_ppal-2.jpg?fit=435%2C194&ssl=1","jetpack_likes_enabled":true,"jetpack_sharing_enabled":true,"_links":{"self":[{"href":"https:\/\/miradordeatarfe.es\/index.php?rest_route=\/wp\/v2\/posts\/41449","targetHints":{"allow":["GET"]}}],"collection":[{"href":"https:\/\/miradordeatarfe.es\/index.php?rest_route=\/wp\/v2\/posts"}],"about":[{"href":"https:\/\/miradordeatarfe.es\/index.php?rest_route=\/wp\/v2\/types\/post"}],"author":[{"embeddable":true,"href":"https:\/\/miradordeatarfe.es\/index.php?rest_route=\/wp\/v2\/users\/1"}],"replies":[{"embeddable":true,"href":"https:\/\/miradordeatarfe.es\/index.php?rest_route=%2Fwp%2Fv2%2Fcomments&post=41449"}],"version-history":[{"count":1,"href":"https:\/\/miradordeatarfe.es\/index.php?rest_route=\/wp\/v2\/posts\/41449\/revisions"}],"predecessor-version":[{"id":41451,"href":"https:\/\/miradordeatarfe.es\/index.php?rest_route=\/wp\/v2\/posts\/41449\/revisions\/41451"}],"wp:featuredmedia":[{"embeddable":true,"href":"https:\/\/miradordeatarfe.es\/index.php?rest_route=\/wp\/v2\/media\/41452"}],"wp:attachment":[{"href":"https:\/\/miradordeatarfe.es\/index.php?rest_route=%2Fwp%2Fv2%2Fmedia&parent=41449"}],"wp:term":[{"taxonomy":"category","embeddable":true,"href":"https:\/\/miradordeatarfe.es\/index.php?rest_route=%2Fwp%2Fv2%2Fcategories&post=41449"},{"taxonomy":"post_tag","embeddable":true,"href":"https:\/\/miradordeatarfe.es\/index.php?rest_route=%2Fwp%2Fv2%2Ftags&post=41449"}],"curies":[{"name":"wp","href":"https:\/\/api.w.org\/{rel}","templated":true}]}}