{"id":41463,"date":"2020-09-01T10:37:48","date_gmt":"2020-09-01T08:37:48","guid":{"rendered":"http:\/\/miradordeatarfe.es\/?p=41463"},"modified":"2020-08-25T13:07:55","modified_gmt":"2020-08-25T11:07:55","slug":"los-abuelos-por-juan-santaella","status":"publish","type":"post","link":"https:\/\/miradordeatarfe.es\/?p=41463","title":{"rendered":"\u00abLOS ABUELOS\u00bb por Juan Santaella"},"content":{"rendered":"<h3 style=\"text-align: justify;\">Los abuelos actuales, modelos de compromiso, no est\u00e1n recibiendo el reconocimiento debido<\/h3>\n<p style=\"text-align: justify;\">El pasado 26 de julio se celebr\u00f3 el d\u00eda de los abuelos. Hasta hace poco, las opiniones de los abuelos se impon\u00edan en las familias, porque la ancianidad era un grado. Hoy, aunque su papel ha cambiado, siguen siendo la figura m\u00e1s representativa de la unidad familiar, un modelo de valores morales, y un ejemplo de c\u00f3mo afrontar la vida, y c\u00f3mo envejecer dignamente.<br \/>\nNuestros abuelos son un modelo de comportamiento \u00e9tico: sufrieron las privaciones econ\u00f3micas, culturales, educativas y sanitarias de la posguerra; sobrevivieron, ellos y los suyos, con trabajos precarios y mal retribuidos; y, durante las crisis econ\u00f3micas, con sus pensiones, sufragaron necesidades de hijos y nietos. Consolidaron la democracia y el estado de bienestar, y, sin embargo, la sociedad no les est\u00e1 respondiendo adecuadamente.<\/p>\n<p style=\"text-align: justify;\">A ra\u00edz del covid-19, hemos descubierto c\u00f3mo se les ha marginado. En todas las residencias de Espa\u00f1a, seg\u00fan datos de las Comunidades Aut\u00f3nomas, han muerto 27.359 ancianos (9.003, el 32,9%, por covid-19; 9.830, el 35,9%, por sintomatolog\u00eda parecida, aunque sin confirmar; y el resto, 31,2% por otras causas). Las razones de estas cifras tan altas se deben a la precariedad de medios y personal, pero, tambi\u00e9n, a que, en ciertas Comunidades Aut\u00f3nomas, como Madrid, se dict\u00f3 un protocolo para que los pacientes de centros geri\u00e1tricos no fueran trasladados a los hospitales. En Catalu\u00f1a, incluso, se puso un tope de edad -80 a\u00f1os- para ingresar en las UCI a los afectados por coronavirus, algo que tumb\u00f3 por inconstitucional el Ministerio de Sanidad, porque \u201cexcluir a pacientes del acceso a determinados recursos asistenciales, por raz\u00f3n \u00fanicamente de una edad avanzada, resulta contrario, por discriminatorio, a los fundamentos mismos de nuestro Estado de Derecho (art. 14 de la Constituci\u00f3n)\u201d.<\/p>\n<p style=\"text-align: justify;\">Esa \u201ccultura del descarte, que nos hace desechar a los mayoresporque no producen\u201d, como dice el Papa Francisco, no solo se da en el \u00e1mbito asistencial, tambi\u00e9n est\u00e1 presente en la econom\u00eda neoliberal. As\u00ed,el ministro japon\u00e9s de Finanzas, Taro Aso, inst\u00f3 recientemente a los mayores a que \u201cse dieran prisa en morir para aliviar los gastos sanitariosdel pa\u00eds\u201d; Dan Patrick, Vicegobernador de Texas, afirma que \u201clos abuelos deber\u00edan sacrificarse y dejarse morir para salvar la econom\u00eda, en bien de sus nietos\u201d; y Christine Lagarde, Presidenta del Banco Central Europeo, que \u201clos ancianos viven demasiado y eso es un riesgo para la econom\u00edaglobal\u201d.<\/p>\n<p style=\"text-align: justify;\">En esta etapa de \u201cposconfinamiento\u201d, tampoco los nietos, nuestros j\u00f3venes, los cuidan adecuadamente. La Asociaci\u00f3n de Abuelos de Espa\u00f1a les pide \u201cresponsabilidad\u201d y que \u201csigan a raja tabla\u201d las medidas de prevenci\u00f3n y seguridad para evitar contagios ante el grave riesgo que los mayores corren en caso de infectarse. Ahora, \u201cla responsabilidad de cuidar a los abuelos es de ellos, pues los contagios se producen, mayormente, en el ocio nocturno, por las reuniones de j\u00f3venes adolescentes. Los que sois nietos y quer\u00e9is a vuestros abuelos: cumplid las normas, por favor, porque en ello nos va la vida\u201d.<\/p>\n<p style=\"text-align: justify;\">Juan Santaella<\/p>\n<p style=\"text-align: justify;\">Publicado en Ideal, el jueves, 13 de agosto de 2020<\/p>\n<p>FOTO:<span class=\"voc-photo-caption\">Abuelos y nietas se abrazan en Mil\u00e1n (Italia) \/ <\/span><span class=\"voc-photo-author\"> EFE<\/span><\/p>\n","protected":false},"excerpt":{"rendered":"<p>Los abuelos actuales, modelos de compromiso, no est\u00e1n recibiendo el reconocimiento debido El pasado 26&#8230;<\/p>\n","protected":false},"author":1,"featured_media":41464,"comment_status":"closed","ping_status":"closed","sticky":false,"template":"","format":"standard","meta":{"_coblocks_attr":"","_coblocks_dimensions":"","_coblocks_responsive_height":"","_coblocks_accordion_ie_support":"","jetpack_post_was_ever_published":false,"_jetpack_newsletter_access":"","_jetpack_dont_email_post_to_subs":false,"_jetpack_newsletter_tier_id":0,"_jetpack_memberships_contains_paywalled_content":false,"_jetpack_memberships_contains_paid_content":false,"footnotes":"","jetpack_publicize_message":"","jetpack_publicize_feature_enabled":true,"jetpack_social_post_already_shared":false,"jetpack_social_options":{"image_generator_settings":{"template":"highway","default_image_id":0,"enabled":false},"version":2}},"categories":[1161,7149,44,6937,15],"tags":[358,1273,360,417],"class_list":["post-41463","post","type-post","status-publish","format-standard","has-post-thumbnail","hentry","category-ciudadania","category-coronavirus","category-noticias-de-hoy","category-sociedad","category-ultimas-noticias","tag-abuelos","tag-jovenes","tag-nietos","tag-politicos"],"jetpack_publicize_connections":[],"jetpack_featured_media_url":"https:\/\/i0.wp.com\/miradordeatarfe.es\/wp-content\/uploads\/2020\/08\/italia-kSQD-U110652720981Z7D-624x385%40RC.jpg?fit=624%2C385&ssl=1","jetpack_likes_enabled":true,"jetpack_sharing_enabled":true,"_links":{"self":[{"href":"https:\/\/miradordeatarfe.es\/index.php?rest_route=\/wp\/v2\/posts\/41463","targetHints":{"allow":["GET"]}}],"collection":[{"href":"https:\/\/miradordeatarfe.es\/index.php?rest_route=\/wp\/v2\/posts"}],"about":[{"href":"https:\/\/miradordeatarfe.es\/index.php?rest_route=\/wp\/v2\/types\/post"}],"author":[{"embeddable":true,"href":"https:\/\/miradordeatarfe.es\/index.php?rest_route=\/wp\/v2\/users\/1"}],"replies":[{"embeddable":true,"href":"https:\/\/miradordeatarfe.es\/index.php?rest_route=%2Fwp%2Fv2%2Fcomments&post=41463"}],"version-history":[{"count":2,"href":"https:\/\/miradordeatarfe.es\/index.php?rest_route=\/wp\/v2\/posts\/41463\/revisions"}],"predecessor-version":[{"id":41466,"href":"https:\/\/miradordeatarfe.es\/index.php?rest_route=\/wp\/v2\/posts\/41463\/revisions\/41466"}],"wp:featuredmedia":[{"embeddable":true,"href":"https:\/\/miradordeatarfe.es\/index.php?rest_route=\/wp\/v2\/media\/41464"}],"wp:attachment":[{"href":"https:\/\/miradordeatarfe.es\/index.php?rest_route=%2Fwp%2Fv2%2Fmedia&parent=41463"}],"wp:term":[{"taxonomy":"category","embeddable":true,"href":"https:\/\/miradordeatarfe.es\/index.php?rest_route=%2Fwp%2Fv2%2Fcategories&post=41463"},{"taxonomy":"post_tag","embeddable":true,"href":"https:\/\/miradordeatarfe.es\/index.php?rest_route=%2Fwp%2Fv2%2Ftags&post=41463"}],"curies":[{"name":"wp","href":"https:\/\/api.w.org\/{rel}","templated":true}]}}