{"id":41467,"date":"2020-09-04T10:43:43","date_gmt":"2020-09-04T08:43:43","guid":{"rendered":"http:\/\/miradordeatarfe.es\/?p=41467"},"modified":"2020-08-17T13:47:44","modified_gmt":"2020-08-17T11:47:44","slug":"teletrabajar-con-hijos-sin-colegio-no-es-teletrabajar-es-sobrevivir","status":"publish","type":"post","link":"https:\/\/miradordeatarfe.es\/?p=41467","title":{"rendered":"\u00abTeletrabajar con hijos sin colegio no es teletrabajar, es sobrevivir\u00bb"},"content":{"rendered":"<h3 class=\"voc-reportage voc-reportage-plus\" style=\"text-align: justify;\">Las &#8216;Malasmadres&#8217; tienen sue\u00f1o, poco tiempo libre y ojeras hasta los pies. Pelean por la igualdad y la conciliaci\u00f3n en un club que durante el confinamiento y la desescalada ha aprovechado para pedir la regulaci\u00f3n del trabajo desde casa, para que sea un aliado y no una trampa.<\/h3>\n<div class=\"voc-detail voc-detail-grid\" data-voc-share-selection=\"\">\n<p style=\"text-align: justify;\"><strong>Laura Baena<\/strong> (M\u00e1laga, 1981) se disculpa nada m\u00e1s descolgar el tel\u00e9fono: \u00abA lo mejor escuchas a mi peque\u00f1a de vez en cuando\u00bb. A los treinta segundos de charla, su pareja ha tenido que llevarse a los ni\u00f1as para que pueda atender al peri\u00f3dico. \u00ab<i>Esto que est\u00e1s viviendo ahora ha sido el d\u00eda a d\u00eda mientras intentaba trabajar en tiempos de coronavirus<\/i>\u00bb. Es fundadora del<a href=\"https:\/\/clubdemalasmadres.com\/\" data-voc-vtm-id=\"in-text-traffic\"> Club de Malasmadres<\/a>, que cuenta sus seguidoras y seguidores por cientos de miles.<\/p>\n<p style=\"text-align: justify;\"><strong>\u2013\u00bfQu\u00e9 es una &#8216;malamadre&#8217;?<\/strong><\/p>\n<p style=\"text-align: justify;\">\u2013Es una madre con mucho sue\u00f1o, poco tiempo libre, con ojeras hasta los pies, pero que lucha por una conciliaci\u00f3n real, que hace lo mejor que puede para sus hijos. Ha aprendido que la madre perfecta no sirve y ha dejado cosas por el camino, pero cada ma\u00f1ana se levanta haci\u00e9ndolo lo mejor posible. Pero sabiendo que la maternidad no es s\u00f3lo una responsabilidad individual, sino social, y ahora mismo eso brilla por su ausencia.<\/p>\n<p style=\"text-align: justify;\"><strong>\u2013\u00bfAlguien os dice malas madres? Pero en serio\u2026<\/strong><\/p>\n<p style=\"text-align: justify;\">\u2013Nace de eso, de cuando empec\u00e9 a desahogarme en Twitter porque te sientes &#8216;malamadre&#8217; si tienes planes m\u00e1s all\u00e1 de tus hijos y metas en la vida. La maternidad est\u00e1 en constante juicio. Antes hab\u00eda madres que renunciaban a toda su vida por su hijos y ahora sigue estando mal visto en la sociedad. Como que te vayas con tus amigas a tomar algo, que des potitos, y muchas m\u00e1s cosas. Abogamos no por un tipo de crianza, sino por que todos son v\u00e1lidos y cada madre hace lo que puede.<\/p>\n<div class=\"voc-detail-summary\" style=\"text-align: justify;\">\n<p>\u00abTenemos que poner a los ni\u00f1os en el centro. Han sido los grandes olvidados de la pandemia y son el futuro de esta sociedad\u00bb<\/p>\n<\/div>\n<p style=\"text-align: justify;\"><strong>\u2013\u00bfAlgo positivo de vivir confinada con tres ni\u00f1as?<\/strong><\/p>\n<p style=\"text-align: justify;\">\u2013Me confinaron cuando mi ni\u00f1a ten\u00eda quince d\u00edas. Ha sido la oportunidad de estar juntos y llevar esos meses tras el parto juntos. Hemos sacado en positivo el agudizar el ingenio y que sea una familia m\u00e1s unida, pero ha sido muy duro. Ahora hay que parar, reflexionar y dar un enfoque positivo para sea una sociedad m\u00e1s justa. Tenemos que poner a los ni\u00f1os en el centro. Han sido los grandes olvidados de la pandemia y son el futuro de esta sociedad. Pero poco hemos aprendido: no hay planes de conciliacion y mucha incertidumbre en la vuelta al cole.<\/p>\n<p style=\"text-align: justify;\"><strong>\u2013\u00bfEl teletrabajo es un aliado o una trampa?<\/strong><\/p>\n<p style=\"text-align: justify;\">\u2013Bien regulado es un aliado. Hemos compartido nuestra propuesta de teletrabajo al Ministerio y ah\u00ed est\u00e1. Principalmente est\u00e1 enfocada a regularlo con perspectiva de g\u00e9nero para que precisamente no sea una trampa. En muchas empresas se ha obligado a volver de manera presencial y en muchos casos han vuelto los padres porque muchas mujeres madres se han quedado al cargo de los hijos. (&#8230;)Ahora no hemos teletrabajado: teletrabajar con hijos e hijas sin colegio no es teletrabajar, es sobrevivir, hay que buscar la flexibilidad laboral.<\/p>\n<p style=\"text-align: justify;\"><strong>\u2013\u00bfHace m\u00e1s por la conciliaci\u00f3n el Gobierno o un par de cap\u00edtulos de Peppa Pig?<\/strong><\/p>\n<p style=\"text-align: justify;\">\u2013Ahora mismo es una buena comparaci\u00f3n. Ha habido que agudizar el ingenio de una manera incre\u00edble y sintiendo culpa. Hemos tenido que cambiar las normas de las nuevas tecnolog\u00edas y apoyarnos en los cuidadores digitales. Si no era imposible, desde tener una call de trabajo hasta estar concentrada un momento para mandar un mail. Ha sido de locos. No s\u00f3lo los cap\u00edtulos de Peppa Pig, sino los gusanitos o dejar que tiren abajo un caj\u00f3n que ya lo recoger\u00e9. (&#8230;) Las familias desfavorecidas han perdido su empleo, no han podido conciliar, no han podido acceder a la escuela digital, y las familias con ni\u00f1os con necesidades especiales han parado sus terapias.<\/p>\n<p style=\"text-align: justify;\"><strong>\u2013\u00bfViste la foto de Pilar Rubio tras dar a luz a su cuarto hijo?<\/strong><\/p>\n<p style=\"text-align: justify;\">\u2013Me parece muy mal que aboguemos por una sociedad justa igualitaria, que vele por la sororidad, que las mujeres hagamos equipo y luego critiquemos a otras mujeres. Sale maquillada y divina porque es as\u00ed en su d\u00eda a d\u00eda, con lo cual es coherente. Es como si yo salgo con los pelos tiesos, las ojeras y las canas. Me parece incre\u00edble que las mujeres sigamos critic\u00e1ndonos. A los medios y la sociedad hay que pedir que visibilicen otra realidad. Tambi\u00e9n la de quienes salimos de parto y tenemos que ponernos zapatillas dos tallas m\u00e1s grandes.<\/p>\n<p style=\"text-align: justify;\"><strong>\u2013\u00bfUn emoticono de despedida?<\/strong><\/p>\n<p>\u2013La flamenca, para tirar de humor.<\/p>\n<\/div>\n<p><a class=\"voc-author\" title=\"JAVIER MORALES\" href=\"https:\/\/www.ideal.es\/autor\/javier-morales-1518.html\">JAVIER MORALES <\/a><\/p>\n<p>FOTO:<span class=\"voc-photo-caption\">Es tiempo de descansar, pese a la incertidumbre de septiembre. \/ <\/span><span class=\"voc-photo-author\">IDEAL<\/span><\/p>\n","protected":false},"excerpt":{"rendered":"<p>Las &#8216;Malasmadres&#8217; tienen sue\u00f1o, poco tiempo libre y ojeras hasta los pies. Pelean por la&#8230;<\/p>\n","protected":false},"author":1,"featured_media":41469,"comment_status":"closed","ping_status":"closed","sticky":false,"template":"","format":"standard","meta":{"_coblocks_attr":"","_coblocks_dimensions":"","_coblocks_responsive_height":"","_coblocks_accordion_ie_support":"","jetpack_post_was_ever_published":false,"_jetpack_newsletter_access":"","_jetpack_dont_email_post_to_subs":false,"_jetpack_newsletter_tier_id":0,"_jetpack_memberships_contains_paywalled_content":false,"_jetpack_memberships_contains_paid_content":false,"footnotes":"","jetpack_publicize_message":"","jetpack_publicize_feature_enabled":true,"jetpack_social_post_already_shared":false,"jetpack_social_options":{"image_generator_settings":{"template":"highway","default_image_id":0,"enabled":false},"version":2}},"categories":[1161,7149,14,44,6937,15],"tags":[2541,7555],"class_list":["post-41467","post","type-post","status-publish","format-standard","has-post-thumbnail","hentry","category-ciudadania","category-coronavirus","category-feminismo","category-noticias-de-hoy","category-sociedad","category-ultimas-noticias","tag-blog","tag-malasmadres"],"jetpack_publicize_connections":[],"jetpack_featured_media_url":"https:\/\/i0.wp.com\/miradordeatarfe.es\/wp-content\/uploads\/2020\/09\/laurabaena-kxOG-U110954097846DJI-984x608%40Ideal.jpg?fit=984%2C608&ssl=1","jetpack_likes_enabled":true,"jetpack_sharing_enabled":true,"_links":{"self":[{"href":"https:\/\/miradordeatarfe.es\/index.php?rest_route=\/wp\/v2\/posts\/41467","targetHints":{"allow":["GET"]}}],"collection":[{"href":"https:\/\/miradordeatarfe.es\/index.php?rest_route=\/wp\/v2\/posts"}],"about":[{"href":"https:\/\/miradordeatarfe.es\/index.php?rest_route=\/wp\/v2\/types\/post"}],"author":[{"embeddable":true,"href":"https:\/\/miradordeatarfe.es\/index.php?rest_route=\/wp\/v2\/users\/1"}],"replies":[{"embeddable":true,"href":"https:\/\/miradordeatarfe.es\/index.php?rest_route=%2Fwp%2Fv2%2Fcomments&post=41467"}],"version-history":[{"count":1,"href":"https:\/\/miradordeatarfe.es\/index.php?rest_route=\/wp\/v2\/posts\/41467\/revisions"}],"predecessor-version":[{"id":41468,"href":"https:\/\/miradordeatarfe.es\/index.php?rest_route=\/wp\/v2\/posts\/41467\/revisions\/41468"}],"wp:featuredmedia":[{"embeddable":true,"href":"https:\/\/miradordeatarfe.es\/index.php?rest_route=\/wp\/v2\/media\/41469"}],"wp:attachment":[{"href":"https:\/\/miradordeatarfe.es\/index.php?rest_route=%2Fwp%2Fv2%2Fmedia&parent=41467"}],"wp:term":[{"taxonomy":"category","embeddable":true,"href":"https:\/\/miradordeatarfe.es\/index.php?rest_route=%2Fwp%2Fv2%2Fcategories&post=41467"},{"taxonomy":"post_tag","embeddable":true,"href":"https:\/\/miradordeatarfe.es\/index.php?rest_route=%2Fwp%2Fv2%2Ftags&post=41467"}],"curies":[{"name":"wp","href":"https:\/\/api.w.org\/{rel}","templated":true}]}}