{"id":41473,"date":"2020-09-06T09:02:41","date_gmt":"2020-09-06T07:02:41","guid":{"rendered":"http:\/\/miradordeatarfe.es\/?p=41473"},"modified":"2020-09-02T17:17:22","modified_gmt":"2020-09-02T15:17:22","slug":"que-es-el-cheque-familiar-de-1-200-euros-y-como-solicitar-su-abono-anticipado","status":"publish","type":"post","link":"https:\/\/miradordeatarfe.es\/?p=41473","title":{"rendered":"Qu\u00e9 es el cheque familiar de 1.200 euros y c\u00f3mo solicitar su abono anticipado"},"content":{"rendered":"<h2>Es una deducci\u00f3n aplicable en la declaraci\u00f3n del IRPF, aunque tambi\u00e9n se puede cobrar mensualmente<\/h2>\n<div class=\"voc-detail voc-detail-grid\" data-voc-share-selection=\"\">\n<p>Las familias numerosas o con familiares con discapacidad a su cargo pueden disfrutar cada a\u00f1o del &#8216;cheque familiar&#8217;. Esta ayuda en realidad es una deducci\u00f3n del IRPF por familia numerosa, ascendiente con dos hijos o personas con discapacidad a cargo. Gracias a ella, pueden deducir 1.200 euros en su declaraci\u00f3n de la Renta las siguientes familias:<\/p>\n<p>&#8211; Familias <strong>numerosas<\/strong>.<\/p>\n<p>&#8211; Familias<strong> monoparentales con dos hijos<\/strong>.<\/p>\n<p>&#8211; Familias <strong>con descendientes con discapacidad<\/strong>: en este caso son 1.200 euros anuales por cada descendiente.<\/p>\n<p>&#8211; Familias <strong>con ascendientes con discapacidad<\/strong>: igual que en el caso anterior, son 1.200 euros anuales por cada ascendiente.<\/p>\n<p>&#8211;<strong> Familias numerosas de categor\u00eda especial<\/strong>: aquellas integradas por 5 o m\u00e1s hijos o hijas; integradas por 4 hijos o hijas de los cuales al menos 3 proceden de parto, adopci\u00f3n o acogimiento permanente o preadoptivo m\u00faltiples; o las unidades familiares con cuatro hijos o hijas en las que sus ingresos anuales divididos por el n\u00famero de miembros que las componen no superen en c\u00f3mputo anual el 75% del IPREM (Indicador P\u00fablico de Renta de Efectos M\u00faltiples) vigente. <strong>En este caso la deducci\u00f3n no es de 1.200 euros anuales, sino de 2.400<\/strong>.<\/p>\n<div class=\"voc-article-container\">\n<article class=\"voc-article voc-article--related voc-home-tit-st voc-article--photo-left voc-article--photo-left--right-xs\">\n<div class=\"voc-img-container \"><a class=\"voc-horizontal  voc-img-icon-link\" href=\"https:\/\/www.ideal.es\/andalucia\/calendarios-escolares-provincias-andaluzas-20200824121307-nt.html#vca=modulos&amp;vso=ideal&amp;vmc=noticias-rel-cmp&amp;vli=sociedad\"><img data-recalc-dims=\"1\" decoding=\"async\" src=\"https:\/\/i0.wp.com\/static1.ideal.es\/www\/multimedia\/202008\/24\/media\/cortadas\/calendarios-kgxD-U1208225596mlC-624x385%40Ideal.jpg?w=640&#038;ssl=1\" alt=\"Los calendarios escolares de las provincias andaluzas para el curso 2020\/21\" \/><\/a><\/div>\n<div class=\"voc-info-container\">\n<h3 class=\"voc-title\"><a title=\"Los calendarios escolares de las provincias andaluzas para el curso 2020\/21\" href=\"https:\/\/www.ideal.es\/andalucia\/calendarios-escolares-provincias-andaluzas-20200824121307-nt.html#vca=modulos&amp;vso=ideal&amp;vmc=noticias-rel-1-cmp&amp;vli=sociedad\"> Los calendarios escolares de las provincias andaluzas para el curso 2020\/21 <\/a><\/h3>\n<div class=\"voc-author-onplus-container\"><span class=\"voc-article-author\"><a class=\"voc-author\" title=\"ideal\" href=\"https:\/\/www.ideal.es\/sociedad\/cheque-familiar-1200-20200824125644-nt.html#\"> ideal <\/a><\/span><\/div>\n<\/div>\n<\/article>\n<\/div>\n<p>En lugar de deducir estas cantidades en la Renta, <strong>existe la opci\u00f3n de solicitar el abono anticipado de la ayuda<\/strong>. El pago de la deducci\u00f3n se efect\u00faa mensualmente por la Agencia Estatal de Administraci\u00f3n Tributaria mediante transferencia bancaria. <strong>Cada mes se abonan 100 euros por cada familia numerosa o ascendiente o descendiente con discapacidad<\/strong>. Este importe es de 200 euros si se trata de una familia numerosa de categor\u00eda especial.<\/p>\n<h3>Requisitos para solicitar el abono anticipado<\/h3>\n<p>Para solicitar el abono anticipado de esta deducci\u00f3n hay que cumplir los siguientes requisitos:<\/p>\n<p>1.<strong> Estar en posesi\u00f3n del t\u00edtulo en vigor de familia numerosa o la certificaci\u00f3n de discapacidad del descendiente o ascendiente<\/strong>. Es conveniente comprobar que se dispone del t\u00edtulo de familia numerosa y del certificado de discapacidad emitido por la Comunidad Aut\u00f3noma. En el caso del ascendiente separado legalmente, o sin v\u00ednculo matrimonial, deber\u00e1 tener dos hijos sin derecho a percibir anualidades por alimentos y por los que tenga derecho a la totalidad del m\u00ednimo.<\/p>\n<p>2. <strong>Todos los solicitantes, los titulares de la familia numerosa y los descendientes o ascendientes que deban reflejarse en la solicitud deben disponer de n\u00famero de identificaci\u00f3n fiscal <\/strong>(NIF) sin el cual no se podr\u00e1 realizar el abono de manera anticipada.<\/p>\n<p>3.<strong> Realizar una actividad por cuenta propia o ajena por la cual est\u00e9 dado de alta<\/strong> en el r\u00e9gimen correspondiente de la Seguridad Social o mutualidad y cotizar unos plazos m\u00ednimos:<\/p>\n<p>&#8211; <strong>Trabajadores con contrato de trabajo a jornada completa<\/strong>, en alta durante, al menos, quince d\u00edas de cada mes, en el R\u00e9gimen General o en los Reg\u00edmenes Especiales de la Miner\u00eda del Carb\u00f3n y de los Trabajadores del Mar.<\/p>\n<p>&#8211;<strong> Trabajadores con contrato de trabajo a tiempo parcial<\/strong> cuya jornada laboral sea de, al menos, el 50 por 100 de la jornada ordinaria en la empresa, en c\u00f3mputo mensual, y se encuentren en alta durante todo el mes en los reg\u00edmenes citados en la letra anterior.<\/p>\n<p>&#8211; <strong>Trabajadores por cuenta ajena en alta en el Sistema Especial para Trabajadores por Cuenta Ajena Agrarios<\/strong> incluidos en el R\u00e9gimen General de la Seguridad Social cuando se hubiera optado por bases diarias de cotizaci\u00f3n, que realicen, al menos, diez jornadas reales en dicho periodo.<\/p>\n<p>&#8211;<strong> Trabajadores incluidos en los restantes Reg\u00edmenes Especiales <\/strong>de la Seguridad Social no citados en los apartados anteriores o mutualistas de las respectivas mutualidades alternativas a la Seguridad Social que se encuentren en alta durante quince d\u00edas en el mes.<\/p>\n<p><strong>A los desempleados y pensionistas perceptores de prestaciones, no les resulta aplicable el requisito de estar dado de alta <\/strong>en el r\u00e9gimen correspondiente de la Seguridad Social o mutualidad.<\/p>\n<h3>C\u00f3mo solicitar el abono anticipado<\/h3>\n<p><strong>Pueden solicitar el abono anticipado de la deducci\u00f3n:<\/strong><\/p>\n<p>&#8211; Los ascendientes o hermanos hu\u00e9rfanos de padre y madre que formen parte de una familia numerosa.<\/p>\n<p>&#8211; El ascendiente separado legalmente, o sin v\u00ednculo matrimonial, con dos hijos sin derecho a percibir anualidades por alimentos y por los que tenga derecho a la totalidad del m\u00ednimo.<\/p>\n<p>&#8211; Los contribuyentes con derecho a la aplicaci\u00f3n de los m\u00ednimos por descendientes o ascendientes con discapacidad.<\/p>\n<p><strong>La solicitud del abono anticipado se puede realizar por varias v\u00edas:<\/strong><\/p>\n<p>&#8211; <strong>Electr\u00f3nica<\/strong>: presentando una solicitud modelo 143 por cada una de las deducciones a que tenga derecho en la Sede electr\u00f3nica de la Agencia Tributaria mediante DNI electr\u00f3nico, certificado digital o Cl@ve.<\/p>\n<p>&#8211; <strong>Por tel\u00e9fono<\/strong>: en el n\u00famero 901 200 345 aportando el importe de la casilla correspondiente a la base liquidable general de la declaraci\u00f3n del IRPF de cada ejercicio.<\/p>\n<p>&#8211; <strong>Presencial<\/strong>: presentando en cualquier oficina de la Agencia Tributaria el formulario que se debe cumplimentar e imprimir desde la p\u00e1gina de Internet de la Agencia Tributaria. Una vez impreso lo deben firmar todos los solicitantes.<\/p>\n<p>Una vez tramitada la solicitud de devoluci\u00f3n anticipada<strong> no es necesario reiterar la solicitud<\/strong> en enero del siguiente ejercicio para seguir percibiendo el abono anticipado<\/p>\n<\/div>\n<p>IDEAL DE GRANADA<\/p>\n","protected":false},"excerpt":{"rendered":"<p>Es una deducci\u00f3n aplicable en la declaraci\u00f3n del IRPF, aunque tambi\u00e9n se puede cobrar mensualmente&#8230;<\/p>\n","protected":false},"author":1,"featured_media":0,"comment_status":"closed","ping_status":"closed","sticky":false,"template":"","format":"standard","meta":{"_coblocks_attr":"","_coblocks_dimensions":"","_coblocks_responsive_height":"","_coblocks_accordion_ie_support":"","jetpack_post_was_ever_published":false,"_jetpack_newsletter_access":"","_jetpack_dont_email_post_to_subs":false,"_jetpack_newsletter_tier_id":0,"_jetpack_memberships_contains_paywalled_content":false,"_jetpack_memberships_contains_paid_content":false,"footnotes":"","jetpack_publicize_message":"","jetpack_publicize_feature_enabled":true,"jetpack_social_post_already_shared":false,"jetpack_social_options":{"image_generator_settings":{"template":"highway","default_image_id":0,"enabled":false},"version":2}},"categories":[1161,44,6937,15,1],"tags":[2011,3817],"class_list":["post-41473","post","type-post","status-publish","format-standard","hentry","category-ciudadania","category-noticias-de-hoy","category-sociedad","category-ultimas-noticias","category-uncategorized","tag-cheque","tag-familia-numerosa"],"jetpack_publicize_connections":[],"jetpack_featured_media_url":"","jetpack_likes_enabled":true,"jetpack_sharing_enabled":true,"_links":{"self":[{"href":"https:\/\/miradordeatarfe.es\/index.php?rest_route=\/wp\/v2\/posts\/41473","targetHints":{"allow":["GET"]}}],"collection":[{"href":"https:\/\/miradordeatarfe.es\/index.php?rest_route=\/wp\/v2\/posts"}],"about":[{"href":"https:\/\/miradordeatarfe.es\/index.php?rest_route=\/wp\/v2\/types\/post"}],"author":[{"embeddable":true,"href":"https:\/\/miradordeatarfe.es\/index.php?rest_route=\/wp\/v2\/users\/1"}],"replies":[{"embeddable":true,"href":"https:\/\/miradordeatarfe.es\/index.php?rest_route=%2Fwp%2Fv2%2Fcomments&post=41473"}],"version-history":[{"count":3,"href":"https:\/\/miradordeatarfe.es\/index.php?rest_route=\/wp\/v2\/posts\/41473\/revisions"}],"predecessor-version":[{"id":41477,"href":"https:\/\/miradordeatarfe.es\/index.php?rest_route=\/wp\/v2\/posts\/41473\/revisions\/41477"}],"wp:attachment":[{"href":"https:\/\/miradordeatarfe.es\/index.php?rest_route=%2Fwp%2Fv2%2Fmedia&parent=41473"}],"wp:term":[{"taxonomy":"category","embeddable":true,"href":"https:\/\/miradordeatarfe.es\/index.php?rest_route=%2Fwp%2Fv2%2Fcategories&post=41473"},{"taxonomy":"post_tag","embeddable":true,"href":"https:\/\/miradordeatarfe.es\/index.php?rest_route=%2Fwp%2Fv2%2Ftags&post=41473"}],"curies":[{"name":"wp","href":"https:\/\/api.w.org\/{rel}","templated":true}]}}