{"id":41484,"date":"2020-09-05T11:45:32","date_gmt":"2020-09-05T09:45:32","guid":{"rendered":"http:\/\/miradordeatarfe.es\/?p=41484"},"modified":"2020-09-09T11:02:43","modified_gmt":"2020-09-09T09:02:43","slug":"el-atarfeno-oscar-ramon-ramos-disenador-del-puente-atirantado-de-la-segunda-circunvalacion-sobre-el-rio-genil","status":"publish","type":"post","link":"https:\/\/miradordeatarfe.es\/?p=41484","title":{"rendered":"El Atarfe\u00f1o \u00d3scar Ram\u00f3n Gutierrez dise\u00f1ador del puente atirantado de la Segunda Circunvalaci\u00f3n sobre el r\u00edo Genil"},"content":{"rendered":"<h3 style=\"text-align: justify;\">\u00abEl puente sobre el r\u00edo Genil es singular porque no hay muchos con tres arcos\u00bb \u00abLo que marca el dise\u00f1o de un puente es la resistencia, pero en este caso pensaba tambi\u00e9n en la gente que lo ver\u00e1 y lo recorrer\u00e1\u00bb, dice el ingeniero atarfe\u00f1o.<\/h3>\n<p style=\"text-align: justify;\">\u00d3scar Ram\u00f3n Ramos Guti\u00e9rrez es un granadino de cuarenta y cuatro a\u00f1os reci\u00e9n cumplidos que vive desde hace veinte all\u00e1 por Santander. Granadino de Atarfe, para m\u00e1s se\u00f1as. Tambi\u00e9n es el dise\u00f1ador del puente atirantado de la Segunda Circunvalaci\u00f3n, <strong>la estructura m\u00e1s singular de una autov\u00eda que si las expectativas no fallan, entrar\u00e1 en funcionamiento en este 2020<\/strong> despu\u00e9s de catorce a\u00f1os de obras y una crisis de por medio. Licenciado en la Escuela de Caminos de Granada (1994-1999), su trayectoria profesional est\u00e1 avalada por innumerables estructuras tanto en Espa\u00f1a como el extranjero. Entre las m\u00e1s importantes, el puente de las Escaleritas en las Palmas de Gran Canaria, el del AVE en Antequera sobre la llanura del Guadalhorce, el de Temuco en Chile y el de Villamar\u00eda en Argentina. El de la Segunda Circunvalaci\u00f3n tiene un valor muy especial para \u00e9l. Est\u00e1 al lado de su casa familiar en Atarfe y encima de un r\u00edo tan emblem\u00e1tico como el Genil. Ahora pasa unos d\u00edas de vacaciones en Salobre\u00f1a, su &#8216;rinc\u00f3n&#8217; favorito de la provincia.<\/p>\n<p style=\"text-align: justify;\"><strong>\u2013\u00bfQu\u00e9 significa para un granadino participar en un proyecto tan importante y con tanta repercusi\u00f3n como la Segunda Circunvalaci\u00f3n?<\/strong><\/p>\n<p style=\"text-align: justify;\">\u2013Fue una ilusi\u00f3n grande cuando mi empresa, Apia XXI, consigui\u00f3 ganar esta licitaci\u00f3n del proyecto en 2006. Participar ha sido un privilegio y un orgullo en la medida en que una infraestructura de Granada, en la que ha intervenido mucha gente, cuenta con ingenier\u00eda de Granada y de Atarfe. Adem\u00e1s, quien dirige todo es la Demarcaci\u00f3n de Carreteras de Granada.<\/p>\n<p style=\"text-align: justify;\"><strong>\u2013M\u00e1s all\u00e1 del conocimiento riguroso de los datos que implica dise\u00f1ar una estructura como \u00e9sta, supongo que la experiencia de conocer el terreno de primera mano le ayudar\u00eda en el momento de dise\u00f1ar&#8230;<\/strong><\/p>\n<p style=\"text-align: justify;\">\u2013Eso fue un aspecto importante. Ten\u00edamos la ilusi\u00f3n de hacer un puente especial porque ya conoc\u00edamos el terreno. Cuanto tuvimos el encargo de hacer este proyecto, nuestros ojos ya estaban puestos ah\u00ed. Sab\u00edamos que ten\u00edamos que hacer el cruce sobre el Genil, sab\u00edamos que es un r\u00edo importante y sab\u00edamos que demandaba una luz importante. Ten\u00edamos todo muy pensado. Tambi\u00e9n respecto a los pasos superiores de los caminos que utiliza mucha gente para conectarse con Albolote o Atarfe, con los cortijos o con los regad\u00edos. En esta autov\u00eda hemos cuidado mucho dos aspectos: esos pasos superiores, estructuras peque\u00f1as pero elegantes, porque sab\u00edamos que la Segunda Circunvalaci\u00f3n tendr\u00e1 mucho tr\u00e1fico y estos caminos se ver\u00e1n mucho, y por supuesto el salto del Genil.<\/p>\n<figure class=\"voc-inner-figure\" style=\"text-align: justify;\">\n<div class=\"voc-height-auto\"><img data-recalc-dims=\"1\" decoding=\"async\" src=\"https:\/\/i0.wp.com\/static.ideal.es\/www\/multimedia\/202008\/13\/media\/cortadas\/puente%20%2814%29-kdOC--624x385%40Ideal.jpg?w=640&#038;ssl=1\" alt=\"El puente destaca por su esbeltez y su elegancia.\" \/><\/div><figcaption class=\"figure-caption\"><span class=\"voc-photo-caption\">El puente destaca por su esbeltez y su elegancia. \/ <\/span><span class=\"voc-photo-author\">JORGE PASTOR<\/span><\/figcaption><\/figure>\n<p style=\"text-align: justify;\"><strong>\u2013\u00bfCu\u00e1l ser\u00edan, a grandes trazos, las l\u00edneas b\u00e1sicas de dise\u00f1o del puente del Genil?<\/strong><\/p>\n<p style=\"text-align: justify;\">\u2013El puente del Genil es singular. Primero porque es muy ancho. Est\u00e1 previsto para tener tres carriles en cada sentido. No son dos puentes separados, sino uno \u00fanico para toda la autov\u00eda. En total, treinta y cuatro metros de anchura. No es habitual. Segundo, la gran distancia que hay entre apoyos porque tiene que salvar el Genil. Y adem\u00e1s, quer\u00edamos que tuviese poco canto para no tener que subir mucho la carretera. Con esos tres conceptos, desarrollamos esta estructura con tres arcos. Es singular, novedosa, no hay muchos puentes en el mundo con tres arcos. Normalmente se resuelven con un \u00fanico central o con dos. Con tres aporta una sensaci\u00f3n espacial muy interesante gracias a tener tambi\u00e9n los arcos laterales un poco inclinados.<\/p>\n<p style=\"text-align: justify;\"><strong>\u2013\u00bfHay algo de emocional en el dise\u00f1o de un puente?<\/strong><\/p>\n<p style=\"text-align: justify;\">\u2013S\u00ed que lo hay. Evidentemente, lo que marca el dise\u00f1o de un puente es la resistencia. Tiene que resistir y ser duradero. Pero en este caso, cuando dise\u00f1aba, pensaba en la gente que lo ver\u00e1 y lo recorrer\u00e1. Y por lo tanto, esa emoci\u00f3n de poner en contexto el lugar con Granada al fondo y con Sierra Elvira y la ermita de los Tres Juanes al otro fondo, estuvieron en mi mente.<\/p>\n<div class=\"voc-detail-summary\" style=\"text-align: justify;\">\n<p>\u00abEs un puente esbelto con las dimensiones muy ajustadas;no le sobra nada\u00bb<\/p>\n<\/div>\n<p style=\"text-align: justify;\"><strong>\u2013\u00bfHa sido t\u00e9cnicamente complejo?<\/strong><\/p>\n<p style=\"text-align: justify;\">\u2013S\u00ed lo ha sido porque es un puente que tiene todas las dimensiones muy ajustadas. No le sobra nada. Pretendimos hacer una estructura esbelta. Ha sido t\u00e9cnicamente complejo el dise\u00f1o y la construcci\u00f3n. La contratista ha tenido que luchar contra esa complejidad y lo han resuelto de una manera formidable.<\/p>\n<p style=\"text-align: justify;\"><strong>\u2013\u00bfQu\u00e9 ha sido lo m\u00e1s dif\u00edcil?<\/strong><\/p>\n<p style=\"text-align: justify;\">\u2013Sin duda, el estar trabajando sobre un r\u00edo. Cuando hay tormenta el Genil lleva mucha agua.<\/p>\n<div class=\"voc-detail-summary\" style=\"text-align: justify;\">\n<p>\u00abPara m\u00ed, el puente m\u00e1s hermoso del mundo es el Golden Gate de San Francisco\u00bb<\/p>\n<\/div>\n<p style=\"text-align: justify;\"><strong>\u2013Qu\u00e9 bonito y qu\u00e9 metaf\u00f3rico esto de tender puentes y unir las dos orillas de un r\u00edo o de tantas cosas en la vida \u00bfno?<\/strong><\/p>\n<p style=\"text-align: justify;\">\u2013Del Papa se dice que es el sumo pont\u00edfice porque hace de puente entre esta realidad y la realidad trascendente. Habl\u00e1bamos de las emociones. La emoci\u00f3n de alcanzar el final de valle es enorme. Y en el caso de una ciudad, el conectar dos orillas o dos barrios, es maravilloso. El hacer que la gente vaya de un sitio para otro es importante y satisfactorio.El puente como met\u00e1fora de unir es otra de las motivaciones para los que nos dedicamos a las infraestructuras. No s\u00f3lo por pensar d\u00f3nde estamos, sino a d\u00f3nde podemos llegar.<\/p>\n<figure class=\"voc-inner-figure\" style=\"text-align: justify;\">\n<div class=\"voc-height-auto\"><img data-recalc-dims=\"1\" decoding=\"async\" src=\"https:\/\/i0.wp.com\/static.ideal.es\/www\/multimedia\/202008\/13\/media\/cortadas\/puente%20%282%29-kdOC--624x385%40Ideal.jpg?w=640&#038;ssl=1\" alt=\"El puente tiene treinta y cuatro metros de anchura.\" \/><\/div><figcaption class=\"figure-caption\"><span class=\"voc-photo-caption\">El puente tiene treinta y cuatro metros de anchura. \/ <\/span><span class=\"voc-photo-author\">JORGE PASTOR<\/span><\/figcaption><\/figure>\n<p style=\"text-align: justify;\"><strong>\u2013\u00bfCu\u00e1l es el puente m\u00e1s bonito del mundo?<\/strong><\/p>\n<p style=\"text-align: justify;\">\u2013Yo te dir\u00eda que el Golden Gate de San Francisco. Lo he recorrido andando y en bici, y es una maravilla. Por su color, por su luz, por lo que tiene de simb\u00f3lico como puerta de entrada y porque es un puente colgante incre\u00edble.<\/p>\n<p style=\"text-align: justify;\"><strong>\u2013\u00bfY de Granada?<\/strong><\/p>\n<p style=\"text-align: justify;\">\u2013Yo me quedar\u00eda con el medieval del Genil, en el Viol\u00f3n, el que se conoce popularmente en Granada como el Puente Romano, aunque realmente data del siglo XII y fue rehabilitado posteriormente, en el XV.<\/p>\n<p style=\"text-align: justify;\"><strong>\u2013\u00bfCu\u00e1l es el puente que le queda por hacer?<\/strong><\/p>\n<p style=\"text-align: justify;\">\u2013No suelo so\u00f1ar mucho con lo que me queda por hacer. Estoy muy centrado en el d\u00eda a d\u00eda. Pero s\u00ed que me encantar\u00eda participar en alguno colgante estilo el del Golden Gate.<\/p>\n<p>&nbsp;<\/p>\n<div>\n<div class=\"voc-author-info\"><a class=\"voc-author\" title=\"JORGE PASTOR\" href=\"https:\/\/www.ideal.es\/autor\/jorge-pastor-400.html\">JORGE PASTOR <\/a><\/div>\n<div>\u00a0<\/div>\n<\/div>\n<div>https:\/\/www.ideal.es\/granada\/puente-sobre-genil-20200825002028-nt.html<\/div>\n<div>\u00a0<\/div>\n<div>FOTO :<span class=\"voc-photo-caption\">\u00d3scar Ram\u00f3n Ramos posa en el puente que sortea el r\u00edo Genil en el trazado de la Segunda Circunvalaci\u00f3n, dise\u00f1ado por \u00e9l. \/ <\/span><span class=\"voc-photo-author\">JORGE PASTOR<\/span><\/div>\n","protected":false},"excerpt":{"rendered":"<p>\u00abEl puente sobre el r\u00edo Genil es singular porque no hay muchos con tres arcos\u00bb&#8230;<\/p>\n","protected":false},"author":1,"featured_media":41485,"comment_status":"closed","ping_status":"closed","sticky":false,"template":"","format":"standard","meta":{"_coblocks_attr":"","_coblocks_dimensions":"","_coblocks_responsive_height":"","_coblocks_accordion_ie_support":"","jetpack_post_was_ever_published":false,"_jetpack_newsletter_access":"","_jetpack_dont_email_post_to_subs":false,"_jetpack_newsletter_tier_id":0,"_jetpack_memberships_contains_paywalled_content":false,"_jetpack_memberships_contains_paid_content":false,"footnotes":"","jetpack_publicize_message":"","jetpack_publicize_feature_enabled":true,"jetpack_social_post_already_shared":false,"jetpack_social_options":{"image_generator_settings":{"template":"highway","default_image_id":0,"enabled":false},"version":2}},"categories":[2,44,6539,6920,15],"tags":[7560,7558,7559],"class_list":["post-41484","post","type-post","status-publish","format-standard","has-post-thumbnail","hentry","category-atarfe","category-noticias-de-hoy","category-personajes-de-ataref","category-tecnologia","category-ultimas-noticias","tag-oscar-ramon-ramos","tag-puente","tag-segunda-circunvalacion"],"jetpack_publicize_connections":[],"jetpack_featured_media_url":"https:\/\/i0.wp.com\/miradordeatarfe.es\/wp-content\/uploads\/2020\/08\/puente-6-kdOC-U1101047564113WME-624x385%40Ideal.jpg?fit=624%2C385&ssl=1","jetpack_likes_enabled":true,"jetpack_sharing_enabled":true,"_links":{"self":[{"href":"https:\/\/miradordeatarfe.es\/index.php?rest_route=\/wp\/v2\/posts\/41484","targetHints":{"allow":["GET"]}}],"collection":[{"href":"https:\/\/miradordeatarfe.es\/index.php?rest_route=\/wp\/v2\/posts"}],"about":[{"href":"https:\/\/miradordeatarfe.es\/index.php?rest_route=\/wp\/v2\/types\/post"}],"author":[{"embeddable":true,"href":"https:\/\/miradordeatarfe.es\/index.php?rest_route=\/wp\/v2\/users\/1"}],"replies":[{"embeddable":true,"href":"https:\/\/miradordeatarfe.es\/index.php?rest_route=%2Fwp%2Fv2%2Fcomments&post=41484"}],"version-history":[{"count":3,"href":"https:\/\/miradordeatarfe.es\/index.php?rest_route=\/wp\/v2\/posts\/41484\/revisions"}],"predecessor-version":[{"id":41632,"href":"https:\/\/miradordeatarfe.es\/index.php?rest_route=\/wp\/v2\/posts\/41484\/revisions\/41632"}],"wp:featuredmedia":[{"embeddable":true,"href":"https:\/\/miradordeatarfe.es\/index.php?rest_route=\/wp\/v2\/media\/41485"}],"wp:attachment":[{"href":"https:\/\/miradordeatarfe.es\/index.php?rest_route=%2Fwp%2Fv2%2Fmedia&parent=41484"}],"wp:term":[{"taxonomy":"category","embeddable":true,"href":"https:\/\/miradordeatarfe.es\/index.php?rest_route=%2Fwp%2Fv2%2Fcategories&post=41484"},{"taxonomy":"post_tag","embeddable":true,"href":"https:\/\/miradordeatarfe.es\/index.php?rest_route=%2Fwp%2Fv2%2Ftags&post=41484"}],"curies":[{"name":"wp","href":"https:\/\/api.w.org\/{rel}","templated":true}]}}