{"id":41492,"date":"2020-09-01T11:50:22","date_gmt":"2020-09-01T09:50:22","guid":{"rendered":"http:\/\/miradordeatarfe.es\/?p=41492"},"modified":"2020-09-03T13:35:07","modified_gmt":"2020-09-03T11:35:07","slug":"casa-ajsaris-por-remedios-sanchez","status":"publish","type":"post","link":"https:\/\/miradordeatarfe.es\/?p=41492","title":{"rendered":"CASA AJSARIS  por Remedios S\u00e1nchez"},"content":{"rendered":"<h3 align=\"JUSTIFY\"><span lang=\"es-ES\">Dec\u00eda Federico que Granada es apta para el sue\u00f1o y para el ensue\u00f1o y, el Albaic\u00edn, bien cuidado y con un proyecto de barrio verdadero, pudiera ser el lugar m\u00e1s hermoso del mundo, habitable y habitado<\/span><\/h3>\n<p align=\"JUSTIFY\"><span style=\"font-family: Times New Roman, serif;\"><span style=\"font-size: medium;\"><span lang=\"es-ES\">Cuando la luna abraza Granada, el Albaic\u00edn, que es un laberinto eternizado de calles intrincadas, le da las buenas noches a su vecina de enfrente, La Alhambra, ante de irse a dormir con una manta de estrellas. Es hermosa la noche albaicinera, caminar despacio en soledad buscada, transitar sus recodos perdi\u00e9ndose en la lentitud de siglos que supone cada piedra desgastada que es tiempo detenido. A lo lejos suena una guitarra y el agua es un surtidor peque\u00f1o y delicado -que casi no se escucha-<\/span><\/span><\/span> <span style=\"font-family: Times New Roman, serif;\"><span style=\"font-size: medium;\"><span lang=\"es-ES\">verti\u00e9ndose en la alberca que se esconde en cada carmen con su jard\u00edn sereno, porque ya se sabe que los granadinos vivimos para adentro. Dec\u00eda Federico que Granada es apta para el sue\u00f1o y para el ensue\u00f1o y, el Albaic\u00edn, bien cuidado y con un proyecto de barrio verdadero, pudiera ser el lugar m\u00e1s hermoso del mundo, habitable y habitado. <\/span><\/span><\/span><\/p>\n<p align=\"JUSTIFY\"><span style=\"font-family: Times New Roman, serif;\"><span style=\"font-size: medium;\"><span lang=\"es-ES\">En mitad de tanta paz y sosiego est\u00e1 Casa Ajsaris, que es como decir uno de los museos privados m\u00e1s importantes de Espa\u00f1a. Hace unos quince a\u00f1os ya, acompa\u00f1ando a la poeta Mariluz Escribano, tuve la fortuna de que sus propietarios, Juanma y Paco, nos mostraran la inmensidad de su tesoro, \u00e9se que han construido a fuerza de tes\u00f3n, con el sacrificio que da la pasi\u00f3n por el arte verdadero. All\u00ed se dan la mano las obras de Capulino Jauregui con las de Gabriel Morcillo, Juan de Sevilla o Apperley; y hay un di\u00e1logo silente entre bell\u00edsimas esculturas de una Dolorosa y un Ecce Homo de Pedro de Mena con otras de Risue\u00f1o, mientras unas mujeres desmadejadas, que se salen del lienzo de L\u00f3pez-Mezquita, admiran<\/span><\/span><\/span> <span style=\"font-family: Times New Roman, serif;\"><span style=\"font-size: medium;\"><span lang=\"es-ES\">una Alhambra plena de luz y color de Mariano Bertuchi. Y no hablamos de las pinturas de Maldonado, Agrasot, Isidoro Mar\u00edn, el maestro Larrocha o Soria Aedo en cada rinc\u00f3n. Pinturas, esculturas, bargue\u00f1os, miniaturas y carteles se dan la mano en un derroche de habilidad en la selecci\u00f3n de los mejores pintores y escultores del siglo diecisiete a hoy, con especial dedicaci\u00f3n a los autores decimon\u00f3nicos. Es un recorrido fascinante e inolvidableor un colecci\u00f3n que recoge obras esenciales del arte, verdaderas joyas irrepetibles. <\/span><\/span><\/span><\/p>\n<p align=\"JUSTIFY\"><span style=\"font-family: Times New Roman, serif;\"><span style=\"font-size: medium;\"><span lang=\"es-ES\">Y ahora, nos enteramos por Ideal de que Juan Manuel Segura y Francisco Jim\u00e9nez, hartos de la desidia y la inoperancia, de esta eternidad que habita el esp\u00edritu granad\u00ed, est\u00e1n negociando con otras ciudades cederles (s\u00ed, he escrito cederles, no venderles, como sucedi\u00f3 con algunos otros personajes a los que se les anda haciendo \u2018rendez vous\u2019 cada dos por tres) su patrimonio, llev\u00e1rselo a un lugar donde se les d\u00e9 su sitio y donde las obras tengan el espacio muse\u00edstico que merecen para disfrute del visitante. Evidentemente, una Granada que busca la Capitalidad Cultural 2031 no puede permitirse desaprovechar tal legado cuando lo \u00fanico que piden sus due\u00f1os es elegir el espacio entre los m\u00faltiples edificios vac\u00edos que posee el Ayuntamiento. Por eso nuestros gestores pol\u00edticos est\u00e1n obligados a llegar a un acuerdo con ellos; porque la sociedad cultural granadina est\u00e1 ya cansada de que todo sea p\u00e9rdida, desafuero, torpeza o ignorancia. <\/span><\/span><\/span><\/p>\n","protected":false},"excerpt":{"rendered":"<p>Dec\u00eda Federico que Granada es apta para el sue\u00f1o y para el ensue\u00f1o y, el&#8230;<\/p>\n","protected":false},"author":1,"featured_media":41493,"comment_status":"closed","ping_status":"closed","sticky":false,"template":"","format":"standard","meta":{"_coblocks_attr":"","_coblocks_dimensions":"","_coblocks_responsive_height":"","_coblocks_accordion_ie_support":"","jetpack_post_was_ever_published":false,"_jetpack_newsletter_access":"","_jetpack_dont_email_post_to_subs":false,"_jetpack_newsletter_tier_id":0,"_jetpack_memberships_contains_paywalled_content":false,"_jetpack_memberships_contains_paid_content":false,"footnotes":"","jetpack_publicize_message":"","jetpack_publicize_feature_enabled":true,"jetpack_social_post_already_shared":false,"jetpack_social_options":{"image_generator_settings":{"template":"highway","default_image_id":0,"enabled":false},"version":2}},"categories":[1161,44,6914,6937,15],"tags":[7561,129,1762],"class_list":["post-41492","post","type-post","status-publish","format-standard","has-post-thumbnail","hentry","category-ciudadania","category-noticias-de-hoy","category-opinion-de-reme-sanchez","category-sociedad","category-ultimas-noticias","tag-casa-ajsaris","tag-granada","tag-museos"],"jetpack_publicize_connections":[],"jetpack_featured_media_url":"https:\/\/i0.wp.com\/miradordeatarfe.es\/wp-content\/uploads\/2020\/08\/MINIATURA-CASA-AJSARIS.jpg?fit=800%2C550&ssl=1","jetpack_likes_enabled":true,"jetpack_sharing_enabled":true,"_links":{"self":[{"href":"https:\/\/miradordeatarfe.es\/index.php?rest_route=\/wp\/v2\/posts\/41492","targetHints":{"allow":["GET"]}}],"collection":[{"href":"https:\/\/miradordeatarfe.es\/index.php?rest_route=\/wp\/v2\/posts"}],"about":[{"href":"https:\/\/miradordeatarfe.es\/index.php?rest_route=\/wp\/v2\/types\/post"}],"author":[{"embeddable":true,"href":"https:\/\/miradordeatarfe.es\/index.php?rest_route=\/wp\/v2\/users\/1"}],"replies":[{"embeddable":true,"href":"https:\/\/miradordeatarfe.es\/index.php?rest_route=%2Fwp%2Fv2%2Fcomments&post=41492"}],"version-history":[{"count":1,"href":"https:\/\/miradordeatarfe.es\/index.php?rest_route=\/wp\/v2\/posts\/41492\/revisions"}],"predecessor-version":[{"id":41494,"href":"https:\/\/miradordeatarfe.es\/index.php?rest_route=\/wp\/v2\/posts\/41492\/revisions\/41494"}],"wp:featuredmedia":[{"embeddable":true,"href":"https:\/\/miradordeatarfe.es\/index.php?rest_route=\/wp\/v2\/media\/41493"}],"wp:attachment":[{"href":"https:\/\/miradordeatarfe.es\/index.php?rest_route=%2Fwp%2Fv2%2Fmedia&parent=41492"}],"wp:term":[{"taxonomy":"category","embeddable":true,"href":"https:\/\/miradordeatarfe.es\/index.php?rest_route=%2Fwp%2Fv2%2Fcategories&post=41492"},{"taxonomy":"post_tag","embeddable":true,"href":"https:\/\/miradordeatarfe.es\/index.php?rest_route=%2Fwp%2Fv2%2Ftags&post=41492"}],"curies":[{"name":"wp","href":"https:\/\/api.w.org\/{rel}","templated":true}]}}