{"id":41517,"date":"2020-09-06T10:51:25","date_gmt":"2020-09-06T08:51:25","guid":{"rendered":"http:\/\/miradordeatarfe.es\/?p=41517"},"modified":"2020-08-30T18:55:36","modified_gmt":"2020-08-30T16:55:36","slug":"una-encuesta-internacional-afirma-que-el-54-de-los-espanoles-cree-que-el-gobierno-ha-hecho-un-buen-trabajo-gestionando-la-pandemia","status":"publish","type":"post","link":"https:\/\/miradordeatarfe.es\/?p=41517","title":{"rendered":"Una encuesta internacional afirma que el 54% de los espa\u00f1oles cree que el gobierno ha hecho \u00abun buen trabajo\u00bb gestionando la pandemia"},"content":{"rendered":"<h3 style=\"text-align: justify;\">El estudio, llevado a cabo por el Pew Research Center, apunta a que solo 6 de cada 10 espa\u00f1oles afirman que el coronavirus ha cambiado su d\u00eda a d\u00eda<\/h3>\n<p class=\"article-text\" style=\"text-align: justify;\">Aprobado raspado. Un <a class=\"link\" href=\"https:\/\/www.pewresearch.org\/global\/2020\/08\/27\/most-approve-of-national-response-to-covid-19-in-14-advanced-economies\/\" target=\"_blank\" rel=\"noopener noreferrer\">estudio llevado a cabo por el Pew Research Center<\/a>, un instituto de investigaci\u00f3n con sede en Washington D.C., sit\u00faa en un 54% el porcentaje de espa\u00f1oles que consideran que el gobierno ha hecho \u00abun buen trabajo\u00bb durante la gesti\u00f3n de la pandemia. Un porcentaje que revela una opini\u00f3n muy dividida y que coloca a nuestro pa\u00eds a la cola en la valoraci\u00f3n que hacen los propios ciudadanos, solo por detr\u00e1s de Reino Unido, con un 46% de aprobaci\u00f3n, y Estados Unidos, con un 47%.<\/p>\n<p class=\"article-text\" style=\"text-align: justify;\">El estudio analiza la valoraci\u00f3n que los ciudadanos de 14 econom\u00edas avanzadas de Norteam\u00e9rica, Asia y Europa hacen de la gesti\u00f3n de la pandemia por parte de los distintos gobiernos. Se ha realizado mediante entrevista telef\u00f3nica entre el 10 de junio y el 3 de agosto a una muestra de 14.276. En Espa\u00f1a se ha entrevistado a 1.041 personas, lo que hace que los propios encuestadores sit\u00faen el margen de error del estudio en un 4,1%.<\/p>\n<p class=\"article-text\" style=\"text-align: justify;\">El estudio arroja algunos datos interesantes, como que la gran mayor\u00eda de los ciudadanos piensan que sus pa\u00edses est\u00e1n haciendo \u00abun buen trabajo\u00bb durante esta pandemia, con un 73% de aceptaci\u00f3n de media. Los m\u00e1s satisfechos son los daneses, australianos y canadienses.<\/p>\n<figure class=\"embed-container embed-container--type-embed \" style=\"text-align: justify;\"><a href=\"https:\/\/www.pewresearch.org\/global\/2020\/08\/27\/most-approve-of-national-response-to-covid-19-in-14-advanced-economies\/pg_2020-08-27_global-coronavirus_0-02\/\"><img data-recalc-dims=\"1\" decoding=\"async\" class=\"loading\" src=\"https:\/\/i0.wp.com\/www.pewresearch.org\/global\/wp-content\/uploads\/sites\/2\/2020\/08\/PG_2020.08.27_Global-Coronavirus_0-02.png?w=640&#038;ssl=1\" data-was-processed=\"true\" \/><\/a><\/figure>\n<h3 class=\"article-text\" style=\"text-align: justify;\">6 de cada 10 espa\u00f1oles creen que la pandemia ha cambiado su d\u00eda a d\u00eda<\/h3>\n<p class=\"article-text\" style=\"text-align: justify;\">Un 58% de los encuestados en estos 14 pa\u00edses afirma que su vida ha cambiado a causa de la pandemia. Esta percepci\u00f3n se eleva hasta un 81% en Corea del Sur, un pa\u00eds en el que tan solo se han detectado poco m\u00e1s de 19.000 casos y 316 fallecidos, una de las cifras de mortalidad m\u00e1s bajas del mundo.<\/p>\n<p class=\"article-text\" style=\"text-align: justify;\">Entre los espa\u00f1oles, 6 de cada 10 opinan que el coronavirus ha cambiado su vida, una cifra inferior a la surcoreana a pesar de que la pandemia ha golpeado nuestro pa\u00eds con mucha m\u00e1s dureza. Entre los que creen que la pandemia no ha afectado a su vida cotidiano est\u00e1n los daneses y los alemanes, solo un 27% y un 39% respectivamente afirman que el virus ha supuesto un cambio en su d\u00eda a d\u00eda.<\/p>\n<p class=\"article-text\" style=\"text-align: justify;\">Es importante destacar que, en 12 de los 14 pa\u00edses encuestados, las mujeres son m\u00e1s proclives que los hombres a afirmar que la pandemia ha cambiado su vida. Y en pa\u00edses como Suiza, Estados Unidos o Francia esta brecha de g\u00e9nero es de dos d\u00edgitos, llegando a un 15%.<\/p>\n<h3 class=\"article-text\" style=\"text-align: justify;\">El coronavirus no nos ha unido<\/h3>\n<p class=\"article-text\" style=\"text-align: justify;\">Eso de que el coronavirus nos unir\u00eda parece que tampoco se ha cumplido. Seg\u00fan el estudio el 77% de los estadounidenses opina que la pandemia ha dividido a\u00fan m\u00e1s a la poblaci\u00f3n, cifra que en Espa\u00f1a se sit\u00faa en el 59%. Solo los habitantes de 5 (Canad\u00e1, Dinamarca, Suiza, Corea del Sur y Australia) de los 14 pa\u00edses encuestados opinan que esta crisis los ha unido.<\/p>\n<p class=\"article-text\" style=\"text-align: justify;\">En Europa, esta opini\u00f3n de que el COVID-19 ha dividido a la poblaci\u00f3n es mucho m\u00e1s fuerte entre los simpatizantes de partidos de extrema derecha como Alternativa por Alemania, los Dem\u00f3cratas Suecos o Vox, en Espa\u00f1a. Se trata de partidos que han llegado a organizar protestas en contra de las medidas tomadas por parte de los gobiernos como puede ser el confinamiento general de la poblaci\u00f3n.<\/p>\n<p class=\"article-text\" style=\"text-align: justify;\">Por \u00faltimo, la encuesta recoge que el sentir general de los participantes es que una mayor cooperaci\u00f3n internacional hubiera reducido el impacto de la COVID-19 en todo el mundo, una pandemia que ya supera los 20 millones de casos a nivel global.<\/p>\n<p class=\"article-text\" style=\"text-align: justify;\">Casi el 60% de los encuestados cree que esta cooperaci\u00f3n entre pa\u00edses hubiera sido beneficiosa, aunque es curioso el caso de Dinamarca, ya que el 78% de los entrevistados en ese pa\u00eds cree que la ayuda entre pa\u00edses no hubiese reducido el n\u00famero de casos. Por el lado contrario, los belgas y los brit\u00e1nicos son los que m\u00e1s convencidos se muestran de que deber\u00eda haberse producido un trabajo conjunto entre pa\u00edses mucho mayor.<\/p>\n<p><a href=\"https:\/\/www.eldiario.es\/autores\/nestor-baez\/\">N\u00e9stor B\u00e1ez<\/a><\/p>\n<p>FOTO: <span class=\"title\">Pedro S\u00e1nchez durante su comparecencia en Moncloa este 25 de agosto. <span class=\"author\"> JM Cuadrado (Moncloa)<\/span><\/span><\/p>\n<p>https:\/\/www.eldiario.es\/politica\/encuesta-internacional-afirma-54-espanoles-cree-gobierno-hecho-buen-trabajo-gestionando-pandemia_1_6188301.html<\/p>\n","protected":false},"excerpt":{"rendered":"<p>El estudio, llevado a cabo por el Pew Research Center, apunta a que solo 6&#8230;<\/p>\n","protected":false},"author":1,"featured_media":41519,"comment_status":"closed","ping_status":"closed","sticky":false,"template":"","format":"standard","meta":{"_coblocks_attr":"","_coblocks_dimensions":"","_coblocks_responsive_height":"","_coblocks_accordion_ie_support":"","jetpack_post_was_ever_published":false,"_jetpack_newsletter_access":"","_jetpack_dont_email_post_to_subs":false,"_jetpack_newsletter_tier_id":0,"_jetpack_memberships_contains_paywalled_content":false,"_jetpack_memberships_contains_paid_content":false,"footnotes":"","jetpack_publicize_message":"","jetpack_publicize_feature_enabled":true,"jetpack_social_post_already_shared":false,"jetpack_social_options":{"image_generator_settings":{"template":"highway","default_image_id":0,"enabled":false},"version":2}},"categories":[1161,7149,44,6937,15],"tags":[3572,904,246],"class_list":["post-41517","post","type-post","status-publish","format-standard","has-post-thumbnail","hentry","category-ciudadania","category-coronavirus","category-noticias-de-hoy","category-sociedad","category-ultimas-noticias","tag-pandemia","tag-valoracion","tag-votacion"],"jetpack_publicize_connections":[],"jetpack_featured_media_url":"https:\/\/i0.wp.com\/miradordeatarfe.es\/wp-content\/uploads\/2020\/09\/5ce41a88-b823-48bc-8a36-db26f2ec3988_16-9-discover-aspect-ratio_default_0.jpg?fit=1200%2C675&ssl=1","jetpack_likes_enabled":true,"jetpack_sharing_enabled":true,"_links":{"self":[{"href":"https:\/\/miradordeatarfe.es\/index.php?rest_route=\/wp\/v2\/posts\/41517","targetHints":{"allow":["GET"]}}],"collection":[{"href":"https:\/\/miradordeatarfe.es\/index.php?rest_route=\/wp\/v2\/posts"}],"about":[{"href":"https:\/\/miradordeatarfe.es\/index.php?rest_route=\/wp\/v2\/types\/post"}],"author":[{"embeddable":true,"href":"https:\/\/miradordeatarfe.es\/index.php?rest_route=\/wp\/v2\/users\/1"}],"replies":[{"embeddable":true,"href":"https:\/\/miradordeatarfe.es\/index.php?rest_route=%2Fwp%2Fv2%2Fcomments&post=41517"}],"version-history":[{"count":1,"href":"https:\/\/miradordeatarfe.es\/index.php?rest_route=\/wp\/v2\/posts\/41517\/revisions"}],"predecessor-version":[{"id":41518,"href":"https:\/\/miradordeatarfe.es\/index.php?rest_route=\/wp\/v2\/posts\/41517\/revisions\/41518"}],"wp:featuredmedia":[{"embeddable":true,"href":"https:\/\/miradordeatarfe.es\/index.php?rest_route=\/wp\/v2\/media\/41519"}],"wp:attachment":[{"href":"https:\/\/miradordeatarfe.es\/index.php?rest_route=%2Fwp%2Fv2%2Fmedia&parent=41517"}],"wp:term":[{"taxonomy":"category","embeddable":true,"href":"https:\/\/miradordeatarfe.es\/index.php?rest_route=%2Fwp%2Fv2%2Fcategories&post=41517"},{"taxonomy":"post_tag","embeddable":true,"href":"https:\/\/miradordeatarfe.es\/index.php?rest_route=%2Fwp%2Fv2%2Ftags&post=41517"}],"curies":[{"name":"wp","href":"https:\/\/api.w.org\/{rel}","templated":true}]}}