{"id":41523,"date":"2020-09-08T09:01:14","date_gmt":"2020-09-08T07:01:14","guid":{"rendered":"http:\/\/miradordeatarfe.es\/?p=41523"},"modified":"2020-08-30T19:05:17","modified_gmt":"2020-08-30T17:05:17","slug":"reinfecciones-de-coronavirus-confirmadas-por-que-no-deben-aterrarte","status":"publish","type":"post","link":"https:\/\/miradordeatarfe.es\/?p=41523","title":{"rendered":"Reinfecciones de coronavirus confirmadas: por qu\u00e9 no deben aterrarte"},"content":{"rendered":"<h3 style=\"text-align: justify;\">Ya se han registrado al menos tres casos confirmados de segundas infecciones en el mundo<\/h3>\n<div class=\"article-text\">\n<p id=\"m91-90-92\" class=\"paragraph \" style=\"text-align: justify;\">Uno de los hechos m\u00e1s desconcertantes de la pandemia del <a title=\"Coronavirus\" href=\"https:\/\/www.20minutos.es\/minuteca\/coronavirus\/\">coronavirus<\/a> es que ya se han documentado casos de personas que han pasado la enfermedad y vuelven a reinfectarse. Pero pese a lo dram\u00e1tico que pueda parecer,<strong> no hay motivos para entrar en p\u00e1nico.<\/strong><\/p>\n<p id=\"m96-95-97\" class=\"paragraph \" style=\"text-align: justify;\">Se han confirmado ya la reinfecci\u00f3n de un paciente en Hong Kong, as\u00ed como de otro caso en B\u00e9lgica y otro en Pa\u00edses Bajos. Tambi\u00e9n habr\u00eda una reinfecci\u00f3n m\u00e1s en Estados Unidos. En todos los casos, est\u00e1 confirmado que no se trata de restos de la primera infecci\u00f3n, <strong>sino casos nuevos<\/strong>. Esta conclusi\u00f3n se alcanz\u00f3 tras realizar testeo gen\u00e9tico.<\/p>\n<p id=\"m101-100-102\" class=\"paragraph \" style=\"text-align: justify;\">Tal y como recoge <em><a href=\"https:\/\/www.sciencealert.com\/more-covid-19-reinfections-are-being-reported-but-here-s-why-that-s-not-a-bad-thing\" target=\"_blank\" rel=\"noopener noreferrer\">Science Alert<\/a><\/em>, estos tres casos son muy pocos comparados con los casi<strong> 24 millones de casos documentados<\/strong> en todo el mundo. Estas reinfecciones no significa que los que han pasado el virus tengan alg\u00fan grado u otro de inmunidad, o que las vacunas no vayan a funcionar.<\/p>\n<p id=\"m106-105-107\" class=\"paragraph \" style=\"text-align: justify;\">\u00abTenemos que asegurarnos de que la gente entienda que cuando una persona est\u00e1 infectada, incluso de forma leve,<strong> desarrolla una respuesta inmune<\/strong>\u00ab, dijo Maria van Kerkhove, directora t\u00e9cnica de la OMS en materia de Covid-19.<\/p>\n<p id=\"m111-110-112\" class=\"paragraph \" style=\"text-align: justify;\">Marion Koopmans, vir\u00f3loga neerlandesa que detect\u00f3 uno de los casos de reinfecci\u00f3n, explic\u00f3 que \u00abs\u00f3lo porque hayas desarrollado anticuperpos <strong>no significa que seas inmune\u00bb.<\/strong><\/p>\n<p id=\"m116-115-117\" class=\"paragraph \" style=\"text-align: justify;\">Pero incluso en estos casos en los que no se ha desarrollado inmunidad total y el enfermo es reinfectado, su organismo<strong> es capaz de recordar el primer episodio<\/strong> y diversos componentes del sistema inmune trabajan juntos para luchar contra la segunda infecci\u00f3n.<\/p>\n<p id=\"m121-120-122\" class=\"paragraph \" style=\"text-align: justify;\">Es lo que se cree que ocurri\u00f3 en el caso de B\u00e9lgica, protagonizado por una mujer de unos 50 a\u00f1os que pas\u00f3 el coronavirus en marzo y fue diagnosticada de nuevo en junio. Esta se\u00f1ora desarroll\u00f3<strong> unos pocos anticuerpos <\/strong>de la primera infecci\u00f3n, pero no fueron suficientes para evitar el segundo contagio, que no obstante fue leve.<\/p>\n<p id=\"m126-125-127\" class=\"paragraph \" style=\"text-align: justify;\">El vir\u00f3logo belga Marc van Ranst, responsable del caso, afirm\u00f3 que lo normal ser\u00e1 que surjan <strong>nuevos casos de este tipo<\/strong> conforme avance el tiempo.<\/p>\n<p id=\"m131-130-132\" class=\"paragraph \" style=\"text-align: justify;\">Los casos de reinfecci\u00f3n en Corea registrados en abril <strong>resultaron ser positivos tras falsos negativos.<\/strong> Adem\u00e1s, un posible caso de reinfecci\u00f3n en Estados Unidos y otros tres en Francia no pudieron ser confirmados.<\/p>\n<p id=\"m136-135-137\" class=\"paragraph \" style=\"text-align: justify;\">Pero en cualquier caso, los expertos creen que no es nada de lo que preocuparse y que estas reinfecciones son posibles. Florian Krammer, experto del hospital Monte Sina\u00ed de Nueva York, afirma que \u00abpuedes reinfectarte repetidamente una vez que tu inmunidad baje\u00bb. Los expertos creen adem\u00e1s que el hecho de que <strong>s\u00f3lo haya tres casos<\/strong> es una buena noticia.<\/p>\n<p id=\"m141-140-142\" class=\"paragraph \" style=\"text-align: justify;\">Adem\u00e1s, en todas las reinfecciones, los casos<strong> han sido menos graves<\/strong> que los primeros, por lo que se puede considerar una enfermedad atenuada.<\/p>\n<\/div>\n<p>20 MINUTOS<\/p>\n<p>FOTO:Pruebas PCR en el barrio del Remei de Vic (Barcelona)<span id=\"m64-63-65\" class=\"author \">EFE<\/span><\/p>\n<p>https:\/\/www.20minutos.es\/noticia\/4363753\/0\/reinfecciones-coronavirus-confirmadas-no-deben-aterrarte\/<\/p>\n<div id=\"axds-Skyscraper\">\n<div id=\"x31\" class=\"henneoHB\" data-google-query-id=\"CMDt2t6zw-sCFWsbBgAdO-AKYw\">\n<div id=\"google_ads_iframe_\/34616581\/20minutos.es\/ciencia\/noticia\/x31_0__container__\">\u00a0<\/div>\n<\/div>\n<div id=\"x41\" class=\"henneoHB\" data-google-query-id=\"CMHt2t6zw-sCFWsbBgAdO-AKYw\">\n<div id=\"google_ads_iframe_\/34616581\/20minutos.es\/ciencia\/noticia\/x41_0__container__\">\u00a0<\/div>\n<\/div>\n<\/div>\n<header class=\"header-main\">\n<div id=\"ui-header-down\" class=\"header-scroll-wrapper header-scroll-down header-fixed  \">\n<div class=\"header-primary header-scroll-down\">\n<div class=\"logo\"><a href=\"https:\/\/www.20minutos.es\/\"><img decoding=\"async\" src=\"https:\/\/www.20minutos.es\/static\/images\/logo-20m.svg\" \/><\/a><\/div>\n<div class=\"flex-container\">\n<nav>\n<ul class=\"section-menu\">\n<li class=\"selected\">\u00a0<\/li>\n<\/ul>\n<\/nav>\n<\/div>\n<\/div>\n<\/div>\n<\/header>\n<div id=\"m20-18-21\">\n<div><main class=\"page-article  \"><\/p>\n<div class=\"container-grid-box\">\n<section class=\"container-grid-cell content\">\n<article class=\"article-body\">\n<div class=\"multimedia\">\n<div id=\"m40-39-41\">\n<div class=\"image-container\">\n<figure class=\"image\">\n<div>\u00a0<\/div>\n<\/figure>\n<\/div>\n<\/div>\n<\/div>\n<\/article>\n<\/section>\n<\/div>\n<p><\/main><\/div>\n<\/div>\n","protected":false},"excerpt":{"rendered":"<p>Ya se han registrado al menos tres casos confirmados de segundas infecciones en el mundo&#8230;<\/p>\n","protected":false},"author":1,"featured_media":41524,"comment_status":"closed","ping_status":"closed","sticky":false,"template":"","format":"standard","meta":{"_coblocks_attr":"","_coblocks_dimensions":"","_coblocks_responsive_height":"","_coblocks_accordion_ie_support":"","jetpack_post_was_ever_published":false,"_jetpack_newsletter_access":"","_jetpack_dont_email_post_to_subs":false,"_jetpack_newsletter_tier_id":0,"_jetpack_memberships_contains_paywalled_content":false,"_jetpack_memberships_contains_paid_content":false,"footnotes":"","jetpack_publicize_message":"","jetpack_publicize_feature_enabled":true,"jetpack_social_post_already_shared":false,"jetpack_social_options":{"image_generator_settings":{"template":"highway","default_image_id":0,"enabled":false},"version":2}},"categories":[1161,7149,44,15],"tags":[7021,7570,7569,7554],"class_list":["post-41523","post","type-post","status-publish","format-standard","has-post-thumbnail","hentry","category-ciudadania","category-coronavirus","category-noticias-de-hoy","category-ultimas-noticias","tag-coronavirus","tag-infectados","tag-pcr","tag-rebrotes"],"jetpack_publicize_connections":[],"jetpack_featured_media_url":"https:\/\/i0.wp.com\/miradordeatarfe.es\/wp-content\/uploads\/2020\/08\/pruebas-pcr.jpeg?fit=656%2C370&ssl=1","jetpack_likes_enabled":true,"jetpack_sharing_enabled":true,"_links":{"self":[{"href":"https:\/\/miradordeatarfe.es\/index.php?rest_route=\/wp\/v2\/posts\/41523","targetHints":{"allow":["GET"]}}],"collection":[{"href":"https:\/\/miradordeatarfe.es\/index.php?rest_route=\/wp\/v2\/posts"}],"about":[{"href":"https:\/\/miradordeatarfe.es\/index.php?rest_route=\/wp\/v2\/types\/post"}],"author":[{"embeddable":true,"href":"https:\/\/miradordeatarfe.es\/index.php?rest_route=\/wp\/v2\/users\/1"}],"replies":[{"embeddable":true,"href":"https:\/\/miradordeatarfe.es\/index.php?rest_route=%2Fwp%2Fv2%2Fcomments&post=41523"}],"version-history":[{"count":1,"href":"https:\/\/miradordeatarfe.es\/index.php?rest_route=\/wp\/v2\/posts\/41523\/revisions"}],"predecessor-version":[{"id":41525,"href":"https:\/\/miradordeatarfe.es\/index.php?rest_route=\/wp\/v2\/posts\/41523\/revisions\/41525"}],"wp:featuredmedia":[{"embeddable":true,"href":"https:\/\/miradordeatarfe.es\/index.php?rest_route=\/wp\/v2\/media\/41524"}],"wp:attachment":[{"href":"https:\/\/miradordeatarfe.es\/index.php?rest_route=%2Fwp%2Fv2%2Fmedia&parent=41523"}],"wp:term":[{"taxonomy":"category","embeddable":true,"href":"https:\/\/miradordeatarfe.es\/index.php?rest_route=%2Fwp%2Fv2%2Fcategories&post=41523"},{"taxonomy":"post_tag","embeddable":true,"href":"https:\/\/miradordeatarfe.es\/index.php?rest_route=%2Fwp%2Fv2%2Ftags&post=41523"}],"curies":[{"name":"wp","href":"https:\/\/api.w.org\/{rel}","templated":true}]}}