{"id":41526,"date":"2020-09-09T09:08:43","date_gmt":"2020-09-09T07:08:43","guid":{"rendered":"http:\/\/miradordeatarfe.es\/?p=41526"},"modified":"2020-08-30T19:12:28","modified_gmt":"2020-08-30T17:12:28","slug":"las-mascarillas-de-tela-si-son-eficaces-y-toser-en-el-codo-no-sirve","status":"publish","type":"post","link":"https:\/\/miradordeatarfe.es\/?p=41526","title":{"rendered":"Las mascarillas de tela s\u00ed son eficaces y toser en el codo no sirve"},"content":{"rendered":"<div class=\"article-text\">\n<h3 id=\"m91-90-92\" class=\"paragraph \" style=\"text-align: justify;\">Investigadores indios han analizado la eficacia de <strong>distintos tipos de mascarillas<\/strong> con el objetivo de disipar las dudas que algunas personas tienen al respecto sobre este m\u00e9todo que se ha impuesto en todo el mundo para combatir el COVID-19, y han comprobado que la efectividad de las mascarillas de tela y, al mismo tiempo, que toser en el codo no sirve, salvo que se lleve manga larga.<\/h3>\n<p id=\"m96-95-97\" class=\"paragraph \" style=\"text-align: justify;\">Para disipar estas dudas, Padmanabha Prasanna Simha, de la Organizaci\u00f3n de Investigaci\u00f3n Espacial de la India, y Prasanna Simha Mohan Rao, del Instituto Sri Jayadeva de Ciencias e Investigaciones Cardiovasculares, visualizaron experimentalmente los campos de <strong>flujo de la tos<\/strong> en varios escenarios comunes con la boca cubierta y han presentado sus hallazgos en la revista &#8216;Physics of Fluids&#8217;.<\/p>\n<p id=\"m101-100-102\" class=\"paragraph \" style=\"text-align: justify;\">\u00abSi una persona puede reducir el grado de contaminaci\u00f3n del medio ambiente al mitigar la propagaci\u00f3n, es una situaci\u00f3n mucho mejor para otras personas sanas que pueden ingresar a lugares que tienen <strong>\u00e1reas tan contaminadas<\/strong>\u00ab, destaca de partida Simha.<\/p>\n<p id=\"m106-105-107\" class=\"paragraph \" style=\"text-align: justify;\"><strong>La densidad y la temperatura<\/strong> est\u00e1n estrechamente relacionadas y la tos tiende a ser m\u00e1s c\u00e1lida que en el aire circundante. Aprovechando esta conexi\u00f3n, Simha y Rao utilizaron una t\u00e9cnica llamada im\u00e1genes schlieren, que visualiza cambios en la densidad, para capturar im\u00e1genes de toses voluntarias de cinco sujetos de prueba. Al rastrear el movimiento de una tos en im\u00e1genes sucesivas, el equipo estim\u00f3 la velocidad y la dispersi\u00f3n de las gotas expulsadas.<\/p>\n<p id=\"m111-110-112\" class=\"paragraph \" style=\"text-align: justify;\">Como era de esperar, encontraron que <strong>las mascarillas N95 eran las m\u00e1s efectivas<\/strong> para reducir la propagaci\u00f3n horizontal de la tos. Las m\u00e1scaras N95 reducen la velocidad inicial de la tos hasta en un factor de 10 y limitan su propagaci\u00f3n entre 0,1 y 0,25 metros.<\/p>\n<p id=\"m116-115-117\" class=\"paragraph \" style=\"text-align: justify;\">Una <strong>tos sin mascarilla<\/strong> en cambio puede viajar hasta 3 metros, pero incluso una simple mascarilla desechable puede reducirlo hasta 0,5 metros.<\/p>\n<p id=\"m121-120-122\" class=\"paragraph \" style=\"text-align: justify;\">\u00abIncluso si una m\u00e1scara no filtra todas las part\u00edculas, si podemos evitar que las nubes de tales part\u00edculas viajen muy lejos, es mejor que no hacer nada, recuerda Simha. En situaciones en las que no se dispone de m\u00e1scaras sofisticadas, <strong>cualquier mascarilla es mejor que ninguna<\/strong> para el p\u00fablico en general para frenar la propagaci\u00f3n de la infecci\u00f3n\u00bb.<\/p>\n<p id=\"m126-125-127\" class=\"paragraph \" style=\"text-align: justify;\">Algunas de las otras comparaciones, sin embargo, fueron sorprendentes. Por ejemplo, <strong>usar un codo para cubrir la tos<\/strong> se considera t\u00edpicamente una buena alternativa en caso de apuro, lo cual es contradictorio con lo que la pareja encontr\u00f3.<\/p>\n<p id=\"m131-130-132\" class=\"paragraph \" style=\"text-align: justify;\">A menos que est\u00e9 <strong>cubierto por una manga<\/strong>, un brazo desnudo no puede formar el sello adecuado contra la nariz necesario para obstruir el flujo de aire. Luego, la tos puede filtrarse a trav\u00e9s de cualquier abertura y propagarse en muchas direcciones.<\/p>\n<p id=\"m136-135-137\" class=\"paragraph \" style=\"text-align: justify;\">Simha y Rao esperan que sus hallazgos acaben con el argumento de que las mascarilla de tela normales son ineficaces, pero enfatizan que deben continuar us\u00e1ndose junto con el distanciamiento social. \u00abEl <strong>distanciamiento<\/strong> adecuado es algo que no se debe ignorar, ya que las mascarillas no son infalibles\u00bb, se\u00f1ala Simha.<\/p>\n<\/div>\n<p>https:\/\/www.20minutos.es\/noticia\/4362682\/0\/las-mascarillas-de-tela-si-son-eficaces-y-toser-en-el-codo-no-sirve\/<\/p>\n<p style=\"text-align: justify;\">FOTO:Comparativa de los efectos de la tos con dos mascarillas caseras.<span id=\"m64-63-65\" class=\"author \">FAU.EDU<\/span><\/p>\n","protected":false},"excerpt":{"rendered":"<p>Investigadores indios han analizado la eficacia de distintos tipos de mascarillas con el objetivo de&#8230;<\/p>\n","protected":false},"author":1,"featured_media":41527,"comment_status":"closed","ping_status":"closed","sticky":false,"template":"","format":"standard","meta":{"_coblocks_attr":"","_coblocks_dimensions":"","_coblocks_responsive_height":"","_coblocks_accordion_ie_support":"","jetpack_post_was_ever_published":false,"_jetpack_newsletter_access":"","_jetpack_dont_email_post_to_subs":false,"_jetpack_newsletter_tier_id":0,"_jetpack_memberships_contains_paywalled_content":false,"_jetpack_memberships_contains_paid_content":false,"footnotes":"","jetpack_publicize_message":"","jetpack_publicize_feature_enabled":true,"jetpack_social_post_already_shared":false,"jetpack_social_options":{"image_generator_settings":{"template":"highway","default_image_id":0,"enabled":false},"version":2}},"categories":[1161,7149,44,15,10],"tags":[7021,7155],"class_list":["post-41526","post","type-post","status-publish","format-standard","has-post-thumbnail","hentry","category-ciudadania","category-coronavirus","category-noticias-de-hoy","category-ultimas-noticias","category-salud","tag-coronavirus","tag-mascarillas"],"jetpack_publicize_connections":[],"jetpack_featured_media_url":"https:\/\/i0.wp.com\/miradordeatarfe.es\/wp-content\/uploads\/2020\/08\/mascarillas.jpeg?fit=656%2C370&ssl=1","jetpack_likes_enabled":true,"jetpack_sharing_enabled":true,"_links":{"self":[{"href":"https:\/\/miradordeatarfe.es\/index.php?rest_route=\/wp\/v2\/posts\/41526","targetHints":{"allow":["GET"]}}],"collection":[{"href":"https:\/\/miradordeatarfe.es\/index.php?rest_route=\/wp\/v2\/posts"}],"about":[{"href":"https:\/\/miradordeatarfe.es\/index.php?rest_route=\/wp\/v2\/types\/post"}],"author":[{"embeddable":true,"href":"https:\/\/miradordeatarfe.es\/index.php?rest_route=\/wp\/v2\/users\/1"}],"replies":[{"embeddable":true,"href":"https:\/\/miradordeatarfe.es\/index.php?rest_route=%2Fwp%2Fv2%2Fcomments&post=41526"}],"version-history":[{"count":1,"href":"https:\/\/miradordeatarfe.es\/index.php?rest_route=\/wp\/v2\/posts\/41526\/revisions"}],"predecessor-version":[{"id":41528,"href":"https:\/\/miradordeatarfe.es\/index.php?rest_route=\/wp\/v2\/posts\/41526\/revisions\/41528"}],"wp:featuredmedia":[{"embeddable":true,"href":"https:\/\/miradordeatarfe.es\/index.php?rest_route=\/wp\/v2\/media\/41527"}],"wp:attachment":[{"href":"https:\/\/miradordeatarfe.es\/index.php?rest_route=%2Fwp%2Fv2%2Fmedia&parent=41526"}],"wp:term":[{"taxonomy":"category","embeddable":true,"href":"https:\/\/miradordeatarfe.es\/index.php?rest_route=%2Fwp%2Fv2%2Fcategories&post=41526"},{"taxonomy":"post_tag","embeddable":true,"href":"https:\/\/miradordeatarfe.es\/index.php?rest_route=%2Fwp%2Fv2%2Ftags&post=41526"}],"curies":[{"name":"wp","href":"https:\/\/api.w.org\/{rel}","templated":true}]}}