{"id":41532,"date":"2020-09-06T11:28:12","date_gmt":"2020-09-06T09:28:12","guid":{"rendered":"http:\/\/miradordeatarfe.es\/?p=41532"},"modified":"2020-09-18T18:56:54","modified_gmt":"2020-09-18T16:56:54","slug":"peatonalizar-la-calle-realy-alrededores-por-jose-enrique-granados","status":"publish","type":"post","link":"https:\/\/miradordeatarfe.es\/?p=41532","title":{"rendered":"PEATONALIZAR LA CALLE REAL Y ALREDEDORES por Jos\u00e9 Enrique Granados"},"content":{"rendered":"<div class=\"\" dir=\"auto\">\n<div id=\"jsc_c_ju\" class=\"ecm0bbzt hv4rvrfc ihqw7lf3 dati1w0a\" data-ad-comet-preview=\"message\" data-ad-preview=\"message\">\n<div class=\"j83agx80 cbu4d94t ew0dbk1b irj2b8pg\">\n<div class=\"qzhwtbm6 knvmm38d\">\n<div class=\"kvgmc6g5 cxmmr5t8 oygrvhab hcukyx3x c1et5uql ii04i59q\">\n<h3 dir=\"auto\">Hace unos a\u00f1os le\u00ed un art\u00edculo en El Pa\u00eds, en donde la periodista Anatxu Zabalbalbeascoa reflexionaba sobre los perjuicios y beneficios de peatonalizar el centro de las ciudades.<\/h3>\n<div dir=\"auto\" style=\"text-align: justify;\">\u00a0<\/div>\n<div dir=\"auto\" style=\"text-align: justify;\">Ahora que ciertas voces apuntan a una futurible peatonalizaci\u00f3n de nuestra calle principal, habi\u00e9ndose generado un movimiento ciudadano en contra de dicha opci\u00f3n, extraigo algunos p\u00e1rrafos de este:<\/div>\n<div dir=\"auto\">\u00a0<\/div>\n<\/div>\n<div class=\"o9v6fnle cxmmr5t8 oygrvhab hcukyx3x c1et5uql ii04i59q\" style=\"text-align: justify;\">\n<div dir=\"auto\">\u201c\u00a1El Homo sapiens camina! Una persona que no lo hace est\u00e1 incompleta. La OMS recomienda que las ciudades sean transitables. La falta de ejercicio es uno de los mayores problemas de salud en el mundo. Mayor que el tabaco hace dos d\u00e9cadas. Caminar es sostenible en todos los sentidos. El coche tiene los d\u00edas contados en la ciudad\u201d. As\u00ed explicaba el urbanista dan\u00e9s Jan Gehl, ide\u00f3logo de la peatonalizaci\u00f3n de Broadway, por qu\u00e9 es fundamental peatonalizar los centros.<\/div>\n<div dir=\"auto\">\u00a0<\/div>\n<div dir=\"auto\">Por eso el t\u00edtulo de este post es falso puesto que no puede haber disyuntiva cuando no hay opci\u00f3n. Y no la hay: peatonalizar los centros urbanos es una cuesti\u00f3n de tiempo. Cuanto antes lo hagamos, mejor viviremos\u2026\u2026.<\/div>\n<\/div>\n<div class=\"o9v6fnle cxmmr5t8 oygrvhab hcukyx3x c1et5uql ii04i59q\" style=\"text-align: justify;\">\n<div dir=\"auto\">\u2026\u2026\u2026Peatonalizar no quiere decir que los vecinos no puedan aparcar ni que los autobuses no puedan circular ni que los camiones no puedan repartir ni que no se pueda llegar pedaleando, caminando, o en taxi. Por supuesto tampoco quiere decir que los comerciantes deban perder dinero. Dar prioridad a los peatones en los centros urbanos significa poner a las personas por delante de los coches. Implica reconquistar el disfrute del paseo por el centro y facilita la seguridad de quienes caminan por la ciudad. Tambi\u00e9n supone fomentar el ejercicio f\u00edsico, rebajar la velocidad de la circulaci\u00f3n y aumentar, en consecuencia, la calidad de vida de los ciudadanos. As\u00ed como la de los visitantes.<\/div>\n<div dir=\"auto\">\u00a0<\/div>\n<div dir=\"auto\">Una ciudad en la que las personas caminan por el centro, a cualquier hora, es una urbe viva, un lugar m\u00e1s seguro que otro en el que mandan los coches y la gente deja de ir caminando a los sitios. Un centro urbano en el que los autom\u00f3viles no pueden entrar, salvo las excepciones ya mencionadas, es un barrio m\u00e1s amable y acogedor.<\/div>\n<div dir=\"auto\">\u00a0<\/div>\n<\/div>\n<div class=\"o9v6fnle cxmmr5t8 oygrvhab hcukyx3x c1et5uql ii04i59q\" style=\"text-align: justify;\">\n<div dir=\"auto\">Est\u00e1 comproba<a href=\"https:\/\/i0.wp.com\/miradordeatarfe.es\/wp-content\/uploads\/2020\/08\/116364749_3250354361717223_6153068453442406125_n.jpg?ssl=1\"><img data-recalc-dims=\"1\" loading=\"lazy\" decoding=\"async\" class=\"wp-image-41533 size-full alignleft\" src=\"https:\/\/i0.wp.com\/miradordeatarfe.es\/wp-content\/uploads\/2020\/08\/116364749_3250354361717223_6153068453442406125_n.jpg?resize=521%2C720&#038;ssl=1\" alt=\"\" width=\"521\" height=\"720\" srcset=\"https:\/\/i0.wp.com\/miradordeatarfe.es\/wp-content\/uploads\/2020\/08\/116364749_3250354361717223_6153068453442406125_n.jpg?w=521&amp;ssl=1 521w, https:\/\/i0.wp.com\/miradordeatarfe.es\/wp-content\/uploads\/2020\/08\/116364749_3250354361717223_6153068453442406125_n.jpg?resize=217%2C300&amp;ssl=1 217w\" sizes=\"auto, (max-width: 521px) 100vw, 521px\" \/><\/a>do que peatonalizar las calles m\u00e1s c\u00e9ntricas aumenta las ventas de los comercios, disminuye la contaminaci\u00f3n atmosf\u00e9rica y ac\u00fastica y mejora la salud de las personas. Tambi\u00e9n cuida la de los edificios. El mantenimiento de los inmuebles sale beneficiado de la expulsi\u00f3n de los autom\u00f3viles. Piensen en las ciudades europeas que como \u00c1msterdam, Utrecht o Copenhague pedalean y caminan. Al margen del clima f\u00edjense en cu\u00e1nta gente hay en la calle. Presten atenci\u00f3n al ritmo de la ciudad. A la forma f\u00edsica de los ciudadanos. Reparen en los pocos casos de sobrepeso. Piensen en los centros urbanos que ya han sido peatonalizados. O mejor, intenten recordar las pocas urbes que todav\u00eda no lo han hecho. La respuesta de los comerciantes suele ser siempre la misma: protestan ante los anuncios de cierre al tr\u00e1fico. Lo que sucede poco despu\u00e9s tambi\u00e9n tiende a repetirse: las ventas, lejos de disminuir, aumentan. El coche, en el siglo XX, no deber\u00eda ser utilizado para alcanzar los centros de las ciudades.<\/div>\n<div dir=\"auto\">\u00a0<\/div>\n<\/div>\n<div class=\"o9v6fnle cxmmr5t8 oygrvhab hcukyx3x c1et5uql ii04i59q\" style=\"text-align: justify;\">\n<div dir=\"auto\">M\u00e1s all\u00e1 de la educaci\u00f3n y su peor versi\u00f3n, las multas, existen t\u00e1cticas disuasorias que combinan aparcamientos y transporte p\u00fablico. Existen tambi\u00e9n maneras de fomentar la peatonalizaci\u00f3n y la circulaci\u00f3n en bicicleta. Todas requieren educaci\u00f3n y civismo. Un ciclista que pedalea por una acera debe asumir el ritmo de un peat\u00f3n\u2026\u2026\u2026<\/div>\n<div dir=\"auto\">\u00a0<\/div>\n<\/div>\n<div class=\"o9v6fnle cxmmr5t8 oygrvhab hcukyx3x c1et5uql ii04i59q\" style=\"text-align: justify;\">\n<div dir=\"auto\">\u2026\u2026El centro de las ciudades puede servir para aprender, para pasear y para convivir. Con la gente en la calle se establece una red de vigilancia c\u00edvica en la que unos velan por otros. Con la gente caminando aparecen otros valores. Aparecen incluso nuevos comercios.<\/div>\n<\/div>\n<div class=\"o9v6fnle cxmmr5t8 oygrvhab hcukyx3x c1et5uql ii04i59q\" style=\"text-align: justify;\">\n<div dir=\"auto\">Hace unos lustros los profesores fumaban en clase. Se fumaba en los aviones y, por supuesto, en los bares y restaurantes. No ha sido tan dif\u00edcil entender que el bien de la mayor\u00eda debe primar por encima de las decisiones y elecciones personales.<\/div>\n<div dir=\"auto\">\u00a0<\/div>\n<\/div>\n<div class=\"o9v6fnle cxmmr5t8 oygrvhab hcukyx3x c1et5uql ii04i59q\" style=\"text-align: justify;\">\n<div dir=\"auto\">Los domingos, tras un puente largo, quienes regresan a la ciudad conduciendo un coche entienden que los camiones no pueden circular porque entorpecer\u00edan su regreso y podr\u00edan contribuir a que hubiera m\u00e1s accidentes. Los camioneros acatan esa decisi\u00f3n o son multados. \u00bfPor qu\u00e9 no entendemos entonces que desv\u00eden los coches del centro urbano para devolver las calles a los peatones?<\/div>\n<div dir=\"auto\">\u00a0<\/div>\n<\/div>\n<div class=\"o9v6fnle cxmmr5t8 oygrvhab hcukyx3x c1et5uql ii04i59q\" style=\"text-align: justify;\">\n<div dir=\"auto\">Fotograf\u00eda de nuestra calle Real, esquina calle Nueva, en donde tres mozuelas pertrechadas con sus mejores galas para la asistencia a misa pasean por el centro de una calle, libre de veh\u00edculos.<\/div>\n<\/div>\n<div class=\"o9v6fnle cxmmr5t8 oygrvhab hcukyx3x c1et5uql ii04i59q\">\n<div dir=\"auto\" style=\"text-align: justify;\">Curiosidades elvirenses.<\/div>\n<\/div>\n<\/div>\n<\/div>\n<\/div>\n<\/div>\n","protected":false},"excerpt":{"rendered":"<p>Hace unos a\u00f1os le\u00ed un art\u00edculo en El Pa\u00eds, en donde la periodista Anatxu Zabalbalbeascoa&#8230;<\/p>\n","protected":false},"author":1,"featured_media":41534,"comment_status":"closed","ping_status":"closed","sticky":false,"template":"","format":"standard","meta":{"_coblocks_attr":"","_coblocks_dimensions":"","_coblocks_responsive_height":"","_coblocks_accordion_ie_support":"","jetpack_post_was_ever_published":false,"_jetpack_newsletter_access":"","_jetpack_dont_email_post_to_subs":false,"_jetpack_newsletter_tier_id":0,"_jetpack_memberships_contains_paywalled_content":false,"_jetpack_memberships_contains_paid_content":false,"footnotes":"","jetpack_publicize_message":"","jetpack_publicize_feature_enabled":true,"jetpack_social_post_already_shared":false,"jetpack_social_options":{"image_generator_settings":{"template":"highway","default_image_id":0,"enabled":false},"version":2}},"categories":[2,1161,38,44,15,10],"tags":[1694,1819,6367],"class_list":["post-41532","post","type-post","status-publish","format-standard","has-post-thumbnail","hentry","category-atarfe","category-ciudadania","category-opinion-de-jose-enrique-granados","category-noticias-de-hoy","category-ultimas-noticias","category-salud","tag-calle-real","tag-coches","tag-peatones"],"jetpack_publicize_connections":[],"jetpack_featured_media_url":"https:\/\/i0.wp.com\/miradordeatarfe.es\/wp-content\/uploads\/2020\/08\/2047.jpg?fit=552%2C412&ssl=1","jetpack_likes_enabled":true,"jetpack_sharing_enabled":true,"_links":{"self":[{"href":"https:\/\/miradordeatarfe.es\/index.php?rest_route=\/wp\/v2\/posts\/41532","targetHints":{"allow":["GET"]}}],"collection":[{"href":"https:\/\/miradordeatarfe.es\/index.php?rest_route=\/wp\/v2\/posts"}],"about":[{"href":"https:\/\/miradordeatarfe.es\/index.php?rest_route=\/wp\/v2\/types\/post"}],"author":[{"embeddable":true,"href":"https:\/\/miradordeatarfe.es\/index.php?rest_route=\/wp\/v2\/users\/1"}],"replies":[{"embeddable":true,"href":"https:\/\/miradordeatarfe.es\/index.php?rest_route=%2Fwp%2Fv2%2Fcomments&post=41532"}],"version-history":[{"count":2,"href":"https:\/\/miradordeatarfe.es\/index.php?rest_route=\/wp\/v2\/posts\/41532\/revisions"}],"predecessor-version":[{"id":41536,"href":"https:\/\/miradordeatarfe.es\/index.php?rest_route=\/wp\/v2\/posts\/41532\/revisions\/41536"}],"wp:featuredmedia":[{"embeddable":true,"href":"https:\/\/miradordeatarfe.es\/index.php?rest_route=\/wp\/v2\/media\/41534"}],"wp:attachment":[{"href":"https:\/\/miradordeatarfe.es\/index.php?rest_route=%2Fwp%2Fv2%2Fmedia&parent=41532"}],"wp:term":[{"taxonomy":"category","embeddable":true,"href":"https:\/\/miradordeatarfe.es\/index.php?rest_route=%2Fwp%2Fv2%2Fcategories&post=41532"},{"taxonomy":"post_tag","embeddable":true,"href":"https:\/\/miradordeatarfe.es\/index.php?rest_route=%2Fwp%2Fv2%2Ftags&post=41532"}],"curies":[{"name":"wp","href":"https:\/\/api.w.org\/{rel}","templated":true}]}}