{"id":4154,"date":"2015-10-27T09:16:38","date_gmt":"2015-10-27T09:16:38","guid":{"rendered":"http:\/\/miradordeatarfe.es\/?p=4154"},"modified":"2015-10-26T09:22:23","modified_gmt":"2015-10-26T09:22:23","slug":"los-091-regresan-con-una-gira-en-2016","status":"publish","type":"post","link":"https:\/\/miradordeatarfe.es\/?p=4154","title":{"rendered":"Los 091 regresan con una gira en 2016"},"content":{"rendered":"<div id=\"header\">\n<div class=\"content\">\n<div class=\"colA\">\n<div id=\"buscador\">\n<div id=\"cse-search-form\">\n<div class=\"gsc-control-searchbox-only gsc-control-searchbox-only-es\" dir=\"ltr\">\n<form class=\"gsc-search-box gsc-search-box-tools\" accept-charset=\"utf-8\">\n<table class=\"gsc-search-box\" cellspacing=\"0\" cellpadding=\"0\">\n<tbody>\n<tr>\n<td class=\"gsc-input\"><\/td>\n<td class=\"gsc-search-button\"><input class=\"gsc-search-button gsc-search-button-v2\" title=\"buscar\" src=\"http:\/\/www.google.com\/uds\/css\/v2\/search_box_icon.png\" type=\"image\" \/><\/td>\n<\/tr>\n<\/tbody>\n<\/table>\n<\/form>\n<\/div>\n<\/div>\n<\/div>\n<p>La m\u00edtica banda 091 regresar\u00e1 a los escenarios en 2016 con una gira por toda Espa\u00f1a que tendr\u00e1 su c\u00e9nit en Granada, casi veinte a\u00f1os despu\u00e9s de su despedida, el 18 de mayo de 1996, con dos conciertos en Maracena, del que se edit\u00f3 su disco final: \u2018ceronoventayuo \u00faltimo concierto\u2019. Con ese doble disco en directo, que conten\u00eda un DVD, cerraban 16 a\u00f1os de la mejor m\u00fasica, con ocho discos, conciertos inolvidables y un legado que ejercer\u00eda una de las mayores influencias en la m\u00fasica espa\u00f1ola, con dos discos de tributo incluidos.<\/p>\n<div class=\"blq-img\">\n<div class=\"img\">\n<p><!--more-->Una campa\u00f1a de expectativas en redes sociales anunciar\u00e1 la pr\u00f3xima semana uno de los regresos m\u00e1s esperado del rock nacional, el de los granadinos 091, una de las grandes bandas nacionales de final del siglo XX, cuya vuelta a los escenarios parec\u00eda imposible dada la trayectoria y actitud de sus integrantes.Pese al secretismo con el que planeaban la vuelta a los escenarios desde hace meses, y los insistentes rumores, siempre desmentidos, la banda regresar\u00e1 a los escenarios en 2016, seg\u00fan han confirmado a El Independiente de Granada en distintas fuentes, implicadas en la meticulosa planificaci\u00f3n de la vuelta de la banda granadina, pese al silencio que mantienen a\u00fan hoy sus componentes, siguiendo la estrategia establecida.<\/p>\n<\/div>\n<\/div>\n<div class=\"cuerpo\">\n<div><\/div>\n<div>La gira por todo el pa\u00eds, a\u00fan no cerrada, incluye inicialmente una decena de conciertos que, seg\u00fan las previsiones, comenzar\u00eda en el norte de Espa\u00f1a y se cerrar\u00eda en Granada, muy probablemente en un gran recinto. El anuncio oficial ser\u00e1 la pr\u00f3xima semana cuando comparezcan ante los medios todos los miembros de la banda para detallar su regreso.Los 091 regresar\u00e1n con su \u00faltima formaci\u00f3n: Jos\u00e9 Ignacio Lapido, Jos\u00e9 Antonio Garc\u00eda, Tacho Gonz\u00e1lez, V\u00edctor Lapido y Jacinto R\u00edos; si bien, dada la gran cantidad de m\u00fasicos afines a la banda, habr\u00e1 intervenciones de grandes del rock and roll nacional de todos los tiempos en muchos de los conciertos<\/div>\n<div><\/div>\n<h3>Una historia singular<\/h3>\n<p>No fue un grupo mayoritario, ni de excesiva resonancia medi\u00e1tica, pese a la singularidad de su planteamiento, el lirismo de sus canciones, la fuerza del directo, pero contaron con una legi\u00f3n de fans que les adoraban, como la cr\u00edtica especializada. Mucho trabajo, mucha carretera, sin lograr el reconocimiento masivo que merec\u00edan. Algunos de sus discos y canciones forman parte indiscutible de la historia de la m\u00fasica espa\u00f1ola y su influencia es enorme.<\/p>\n<p>La historia arranca en los a\u00f1os 1980. Su primer \u00e1lbum, \u201cCementerio de autom\u00f3viles\u201d causa sensaci\u00f3n, editado por DRO. Dos a\u00f1os tard\u00f3 en aparecer su segundo LP, \u201cM\u00e1s de cien lobos\u201d, editado por Zafiro. En su producci\u00f3n, particip\u00f3 Joe Strummer, l\u00edder de The Clash, que hab\u00eda pasado largas temporadas viviendo en Granada y se hab\u00eda hecho amigo de los miembros de 091, una historia largamente contada y versionada.<\/p>\n<p>Con Zafiro tambi\u00e9n editaron \u201cDebajo de las piedras\u201d (1988) y \u201cDoce canciones sin piedad\u201d (1989). Se produce la marcha de Antonio Arias quien lidera Lagartija Nick.<\/p>\n<p>Como tr\u00edo, la banda regresa en 1991 con \u201cEl baile de la desesperaci\u00f3n\u201d, en el que colabora el guitarrista Chris Wilson, miembro de Flamin&#8217; Groovies. \u201cTormentas imaginarias\u201d, llegar\u00eda en 1993 y \u201cTodo lo que vendr\u00e1 despu\u00e9s\u201d su \u00faltimo trabajo de estudio, con la independiente Big Bang, tras una tortuosa relaci\u00f3n con discogr\u00e1ficas.<\/p>\n<p>En 1996, tras 16 a\u00f1os de trabajo, el grupo ofreci\u00f3 sus dos \u00faltimos concierto en Maracena, con el que se grab\u00f3 disco final.<\/p>\n<div class=\"divdest\"><strong>Carreras en solitario<\/strong><\/p>\n<p>Tras la despedida, el indiscutible l\u00edder de la banda, <strong>Jos\u00e9 Ignacio Lapido<\/strong>, autor de la m\u00fasica y las letras de todas \u2013o casi todas- las canciones, inici\u00f3 una s\u00f3lida carrera en solitario. Siete discos avalados por la cr\u00edtica: \u201cLadridos del perro m\u00e1gico\u201d (1999); \u201cLuz de ciudades en llamas\u201d (2001); \u201cM\u00fasica celestial\u201d (2002); \u201cEn otro tiempo en otro lugar\u201d (2005); \u201cCartograf\u00eda\u201d (2008): \u201cDe sombras y sue\u00f1os\u201d (2010) y \u201cFormas de matar el Tiempo\u201d (2013). Lo \u00faltimo, su aclamada gira con Quique Gonz\u00e1lez, mientras sigue con su gira. Los pr\u00f3ximos conciertos est\u00e1n programados para el 13 de noviembre en C\u00f3rdoba; el 3 de diciembre en Madrid, y el 18 de diciembre en la Sala Tren, en Granada.<\/p>\n<p><strong>Jos\u00e9 Antonio Garc\u00eda<\/strong> form\u00f3 Sin Perd\u00f3n, que edit\u00f3 \u201cElefantes en el jard\u00edn\u201d. Posteriormente, junto con el guitarrista Quini Almendros, de La Guardia, fund\u00f3 Mezcal, realizando versiones en ac\u00fastico de cl\u00e1sicos de rock. En 2006 se une a Toni Guerrero, Carlos Mu\u00f1oz Garc\u00eda, David Santiago, y Jos\u00e9 Rueda para liderar Guerrero Garc\u00eda, con el que editan \u201cEl cielo en mi cabeza\u201d, \u00abGuerreo Garc\u00eda\u00bb y \u00abPreparados\u00bb. En 2008, vuele con Jes\u00fas Arias y \u00c1ngel Doblas con el grupo TNT en un \u00fanico concierto en Armilla.<\/p>\n<p>Hace un a\u00f1o, Jos\u00e9 Antonio Garc\u00eda publica un nuevo disco junto al grupo granadino El Hombre Garabato titulado \u00abCuatro tiros por cabeza\u00bb. En directo se prodiga en una larga gira junto a Manuel Espa\u00f1a (La Guardia), Javier Andreu (La Frontera) y Javier Ojeda (Danza Invisible), en Rock&amp;Roll Star.<\/p>\n<p><strong>Tacho Gonz\u00e1lez<\/strong> aparc\u00f3 la m\u00fasica, aunque form\u00f3 parte de Mama Baker cn el que grab\u00f3 \u00abEl mar de la intranquilidad\u00bb, por el cine y la televisi\u00f3n, como guionista de numerosas series (\u00abPelotas\u00bb, \u00abPlaza alta\u00bb, \u00abArray\u00e1n\u00bb, \u00abLa d\u00e1rsena de poniente\u00bb) y director de cine \u00a0en cortometrajes como \u00abNo somos nadie\u00bb (1.998),\u00bbBluff\u00bb (2.005) \u00abMi t\u00edo Paco\u00bb (2.006).<\/p>\n<p><strong>V\u00edctor Lapido<\/strong>\u00a0fund\u00f3 bandas como Sugarfish, con Antonio Lomas, y colabor\u00f3 con su hermano, Jos\u00e9 Ignacio, en la gira de su primer disco en solitario \u201cLadridos del perro m\u00e1gico\u201d. Forma parte de Lagarija Nick, as\u00ed como del Grupo de Expertos Solynieve.<\/p>\n<p><strong>Jacinto R\u00edos<\/strong>, el gran bajista, \u00faltimo en entrar en 091, colabora con bandas, el poco tiempo que le deja su trabajo como c\u00e1mara y editor de televisi\u00f3n.<\/div>\n<div>\n<h3>Dos discos de tributo, nunca antes coincidentes<\/h3>\n<p>Salvo a Miguel R\u00edos y Burning, nunca antes hab\u00eda ocurrido algo as\u00ed y nunca despu\u00e9s tampoco. A finales de septiembre y principios de octubre de 2002 aparec\u00edan publicados dos homenajes a 091, seis a\u00f1os despu\u00e9s de su despedida. La discogr\u00e1fica valenciana Criminal Records editaba \u201cCanciones de cuna y de rabia\u201d, y el sello madrile\u00f1o Kain\u00f3s pon\u00eda en circulaci\u00f3n \u201cPartiendo de Cero\u201d.<\/p>\n<p>\u201cCanciones de cuna y de rabia\u201d inclu\u00eda \u201cUn Hombre Con Suerte\u201d, por Soulid; \u201cEspejismo N\u00ba 8\u201d, por Los D\u00e9biles; Huellas, por Man\u00eda St\u00e9reo; \u201cMi Sombra Y Yo\u201d, por Gas; \u201cTormentas Imaginarias\u201d, por Doctor Divago; \u201cPara Impresionarte\u201d, por Burgas Beat; \u201cLa vida qu\u00e9 mala es\u201d, por Malasombra; \u201cEl baile de la desesperaci\u00f3n\u201d, Mr. Smoke Too Much; \u201cUn d\u00eda cualquiera\u201d, por Ars\u00e9nico Por Compasi\u00f3n; \u201cEn Tus Ojos\u201d, Ni\u00f1os Mutantes; \u201cNadie Encuentra Lo Que Busca\u201d, por Los Sencillos; \u201cEn El Laberinto\u201d, por Hondonero; \u201c\u00bfQu\u00e9 fue del siglo XX?\u201d, por Mineralwater; \u201cEsta Noche\u201d, por Sin Talento; \u201cCarne Cruda\u201d, por Spiderban; \u201cTodo Lo Que Quiero Hacer\u201d, por Los Hermanos Dalton; \u201cLa Torre De La Vela\u201d, por Una Sonrisa Terrible; \u201cEl Sur\u201d, por Octubre; \u201cEn La Calle\u201d, por Tail; y \u201cEl Hombre Invisible\u201d, por Malahora.<\/p>\n<p>\u201cPartiendo de Cero\u201d inclu\u00eda a los siguientes grupos versionando: Amaral, \u201cLa noche que la luna salio tarde\u201d; La Granja, \u201cEn la calle\u201d; Revolver, \u201cEsta noche\u201d; La Busqueda, \u201cTodo comienza a girar\u201d; Josu M. Granados, \u201cLos cuernos del caracol\u201d; Miranda Warning, \u201cTormentas imaginarias\u201d; Los Piratas, \u201cOtros como yo\u201d; Seguridad Social, \u201cSigue estando Dios de nuestro lado\u201d; La Frontera, \u201cLa Torre de la Vela\u201d; Gatos Locos, \u201cEl deseo de ser piel roja\u201d; Babylon Chat, \u201cCarne cruda\u201d; Dorian Gray, \u201cQue fue del siglo XX\u201d; Javier de Torres y Quique Gonzalez, \u201cNadie encuentra lo que busca\u201d; Ramonc\u00edn, \u00a0\u201cZapatos de piel de caim\u00e1n\u201d; Lingerie, \u201cUn cielo color vino\u201d; Dos lunas, \u201cLa canci\u00f3n del espantap\u00e1jaros\u201d; y Cultura probase, \u201c2.000 locos\u201d.<\/p>\n<\/div>\n<p>&nbsp;<\/p>\n<\/div>\n<\/div>\n<\/div>\n<\/div>\n<p>&nbsp;<\/p>\n<p>&nbsp;<\/p>\n","protected":false},"excerpt":{"rendered":"<p>La m\u00edtica banda 091 regresar\u00e1 a los escenarios en 2016 con una gira por toda&#8230;<\/p>\n","protected":false},"author":1,"featured_media":4155,"comment_status":"closed","ping_status":"closed","sticky":false,"template":"","format":"standard","meta":{"_coblocks_attr":"","_coblocks_dimensions":"","_coblocks_responsive_height":"","_coblocks_accordion_ie_support":"","jetpack_post_was_ever_published":false,"_jetpack_newsletter_access":"","_jetpack_dont_email_post_to_subs":false,"_jetpack_newsletter_tier_id":0,"_jetpack_memberships_contains_paywalled_content":false,"_jetpack_memberships_contains_paid_content":false,"footnotes":"","jetpack_publicize_message":"","jetpack_publicize_feature_enabled":true,"jetpack_social_post_already_shared":false,"jetpack_social_options":{"image_generator_settings":{"template":"highway","default_image_id":0,"enabled":false},"version":2}},"categories":[12,15],"tags":[90,129,158],"class_list":["post-4154","post","type-post","status-publish","format-standard","has-post-thumbnail","hentry","category-cultura","category-ultimas-noticias","tag-cultura","tag-granada","tag-musica"],"jetpack_publicize_connections":[],"jetpack_featured_media_url":"https:\/\/i0.wp.com\/miradordeatarfe.es\/wp-content\/uploads\/2015\/10\/091_2.jpg?fit=739%2C333&ssl=1","jetpack_likes_enabled":true,"jetpack_sharing_enabled":true,"_links":{"self":[{"href":"https:\/\/miradordeatarfe.es\/index.php?rest_route=\/wp\/v2\/posts\/4154","targetHints":{"allow":["GET"]}}],"collection":[{"href":"https:\/\/miradordeatarfe.es\/index.php?rest_route=\/wp\/v2\/posts"}],"about":[{"href":"https:\/\/miradordeatarfe.es\/index.php?rest_route=\/wp\/v2\/types\/post"}],"author":[{"embeddable":true,"href":"https:\/\/miradordeatarfe.es\/index.php?rest_route=\/wp\/v2\/users\/1"}],"replies":[{"embeddable":true,"href":"https:\/\/miradordeatarfe.es\/index.php?rest_route=%2Fwp%2Fv2%2Fcomments&post=4154"}],"version-history":[{"count":1,"href":"https:\/\/miradordeatarfe.es\/index.php?rest_route=\/wp\/v2\/posts\/4154\/revisions"}],"predecessor-version":[{"id":4156,"href":"https:\/\/miradordeatarfe.es\/index.php?rest_route=\/wp\/v2\/posts\/4154\/revisions\/4156"}],"wp:featuredmedia":[{"embeddable":true,"href":"https:\/\/miradordeatarfe.es\/index.php?rest_route=\/wp\/v2\/media\/4155"}],"wp:attachment":[{"href":"https:\/\/miradordeatarfe.es\/index.php?rest_route=%2Fwp%2Fv2%2Fmedia&parent=4154"}],"wp:term":[{"taxonomy":"category","embeddable":true,"href":"https:\/\/miradordeatarfe.es\/index.php?rest_route=%2Fwp%2Fv2%2Fcategories&post=4154"},{"taxonomy":"post_tag","embeddable":true,"href":"https:\/\/miradordeatarfe.es\/index.php?rest_route=%2Fwp%2Fv2%2Ftags&post=4154"}],"curies":[{"name":"wp","href":"https:\/\/api.w.org\/{rel}","templated":true}]}}