{"id":41540,"date":"2020-09-02T11:21:21","date_gmt":"2020-09-02T09:21:21","guid":{"rendered":"http:\/\/miradordeatarfe.es\/?p=41540"},"modified":"2020-09-01T19:36:50","modified_gmt":"2020-09-01T17:36:50","slug":"i-concurso-creacion-de-material-atarfe-2020","status":"publish","type":"post","link":"https:\/\/miradordeatarfe.es\/?p=41540","title":{"rendered":"I CONCURSO CREACION DE MATERIAL ATARFE 2020"},"content":{"rendered":"<h3 style=\"text-align: justify;\">La Concejal\u00eda de Juventud del Ayuntamiento de Atarfe pone en marcha el I Concurso \u00abCreaci\u00f3n de Material Atarfe 2020\u00bb, colabora la Delegaci\u00f3n de Igualdad y Juventud de la Diputaci\u00f3n de Granada. Dirigida a la poblaci\u00f3n joven atarfe\u00f1a entre 16 y 35 a\u00f1os.<\/h3>\n<p style=\"text-align: justify;\">Con esta actividad se pretende dar un reconocimiento y valor al ingenio, destrezas, habilidades y talento de la poblaci\u00f3n joven. Con un premio de 500\u20ac para los seis mejores materiales<span class=\"text_exposed_show\"> presentados. dirigido a la poblaci\u00f3n joven atarfe\u00f1a que quieran presentar un proyecto de creaci\u00f3n de material sobrecualquier tem\u00e1tica (ocio y tiempo libre, cultura, nuevas tecnolog\u00edas,igualdad entre hombres y mujeres, medioambiente, salud, etc.), que puedaser de inter\u00e9s para sus iguales. <\/span><\/p>\n<p style=\"text-align: justify;\"><span class=\"text_exposed_show\"><a href=\"https:\/\/i0.wp.com\/miradordeatarfe.es\/wp-content\/uploads\/2020\/09\/web-1103.jpg?ssl=1\"><img data-recalc-dims=\"1\" loading=\"lazy\" decoding=\"async\" class=\"wp-image-41541 size-full alignleft\" src=\"https:\/\/i0.wp.com\/miradordeatarfe.es\/wp-content\/uploads\/2020\/09\/web-1103.jpg?resize=600%2C503&#038;ssl=1\" alt=\"\" width=\"600\" height=\"503\" srcset=\"https:\/\/i0.wp.com\/miradordeatarfe.es\/wp-content\/uploads\/2020\/09\/web-1103.jpg?w=600&amp;ssl=1 600w, https:\/\/i0.wp.com\/miradordeatarfe.es\/wp-content\/uploads\/2020\/09\/web-1103.jpg?resize=300%2C252&amp;ssl=1 300w\" sizes=\"auto, (max-width: 600px) 100vw, 600px\" \/><\/a>Para la creaci\u00f3n de dicho material se puedeoptar por cualquier formato digital, teniendo en cuenta las circunstanciasactuales y las necesidades que como j\u00f3venes conocen de primera mano.Con esta actividad se pretende dar un reconocimiento y valor al ingenio destrezas,\u00a0 habilidades y talento de la poblaci\u00f3n joven.<\/span><\/p>\n<p>Podr\u00e1n participar toda la poblaci\u00f3n joven con<strong> edades comprendidas entre 16 y 35 a\u00f1os, es decir, los nacidos entre 1985 y 2004,<\/strong> teniendo s\u00f3lo en cuenta un proyecto por persona.<\/p>\n<p><strong>Documentaci\u00f3n a presentar.<\/strong><br \/>\nLa documentaci\u00f3n a presentar ser\u00e1 la siguiente:<br \/>\na)Modelo de solicitud. (Anexo I).<br \/>\nb)Fotocopia del DNI.<br \/>\nc)Modelo Proyecto (Anexo II). No puede aparecer ning\u00fan dato de car\u00e1cter personal relativo al autor\/a.<br \/>\nd)Modelo de declaraci\u00f3n responsable firmada por el autor\/a, en la que se exprese que el trabajo presentado es original (m\u00ednimo 80%) y no ha sido comercializado ni premiado anteriormente, que la propuesta presentada no est\u00e1 concurriendo en otros concursos y que no ha utilizado el trabajo de ninguna tercera persona o en su caso que tiene el consentimiento del autor\/a (Anexo III).<br \/>\ne)El Material se entregar\u00e1 en un DVD en formato digital, en un fichero ejecutable o reproducible, no puede ser una url de un servicio online. No puede aparecer ning\u00fan dato de car\u00e1cter personal relativo al autor\/a.<\/p>\n<div class=\"text_exposed_show\">\n<p>M\u00e1s informaci\u00f3n y bases:<\/p>\n<p><strong>676484703<\/strong><\/p>\n<p><a href=\"http:\/\/www.atarfe.es\/primer-concurso-material-atarfe-2020?fbclid=IwAR0CtWsuixbPKO8RJDXgvxENpyrKv7gRbYZhT3kFqy2fZuLWnbhKKCnI8Hg\" target=\"_blank\" rel=\"noopener nofollow noreferrer\" data-ft=\"{&quot;tn&quot;:&quot;-U&quot;}\" data-lynx-mode=\"async\" data-lynx-uri=\"https:\/\/l.facebook.com\/l.php?u=http%3A%2F%2Fwww.atarfe.es%2Fprimer-concurso-material-atarfe-2020%3Ffbclid%3DIwAR0CtWsuixbPKO8RJDXgvxENpyrKv7gRbYZhT3kFqy2fZuLWnbhKKCnI8Hg&amp;h=AT38Kr4QclQEmHg2egrX0_utoupKsciVdYMNZs50nnO-Sex-fzaBP8P3MVD-9c8rWd4wPAuAu0vaXbnlU9bO_v0ynK7zreA7Qtww0uhrjMH3SX3f6qMpcfFbPKRgM8DtgA6g7u_yAAr0YA2Ni-0F-Cevx3uXafGu940ooWmJsB6BHI7iJrZ2oBvqLbeA_1zWepQNtHj2Dh70YnpOcl48gjyFy4cczvIYt9glNHV14aO8x0pVKXc_8jkC3WfD1RtZaN6i2wHoys5HmrLGgOOCW8bix5h-rqoHwi8Zbdau-qRXHfgQyL8_93tENo-oGtnPBmvMcbqi3VBTqfFkoXcHhHUOERddMj72E1iuebMngPbC7FEg_it_CEEfrUwDp_HUJQ1518NPo6JprUkyWr98an1hd5PmNO1dXQu5s7GDrkP69B9cI3Qbj7HbNsLUInIOehyC1yavlkY9IS5ihDKUXUrLlofytBcyw47K8UiBS69xtPBhUnH_zrQbfQtSVReFzwEXZJMa_6WJul9InCPci0F6mCDkkbcnbJwiE_5JTaclfpdJzaheB0JQlC7upmYguU52__CMbCJDIeg54MSVazjWl2NZ_dDfWfx33JIzvOF6dPu2mMeQ8mUdBQMgB2urBIstF3_zgTFaNmoR6shVWjTuYC1b_l1juHXACOxrhQ\">www.atarfe.es\/primer-concurso-material-atarfe-2020<\/a><\/p>\n<p><a href=\"http:\/\/www.atarfe.es\/pdf\/bases-i-concurso-creacion-material-atarfe.pdf?fbclid=IwAR3GBni9yBpe7aEGBjlnSDn6BoAnD_jlVROGhHVv9ZCGfb_xtT9_qHOhjo8\" target=\"_blank\" rel=\"noopener nofollow noreferrer\" data-ft=\"{&quot;tn&quot;:&quot;-U&quot;}\" data-lynx-mode=\"async\" data-lynx-uri=\"https:\/\/l.facebook.com\/l.php?u=http%3A%2F%2Fwww.atarfe.es%2Fpdf%2Fbases-i-concurso-creacion-material-atarfe.pdf%3Ffbclid%3DIwAR3GBni9yBpe7aEGBjlnSDn6BoAnD_jlVROGhHVv9ZCGfb_xtT9_qHOhjo8&amp;h=AT1OGhPWCWI2P0FSsy8fr0iDWvlxM1rVpJLGeFHAAL428uIX1_7Q-6rupgeQsernQRZD_Zpa4mZPJa1GPEyAVbxi82cTIdccIODoR-D11eXYVcXLRqAuGzP-DOQHUwX0A-xL1wOJp9dJhqYv5Y-IFZjwDPTKuldc9nzRlcJdmPRpnf6VS2Bh8p9bagLApYXs4gkCv3pyARGYm6JUZe7Yk7A7HDnzWfbxWgqiCHahc4-zcrMBe6Tk1qrUk5oqLj5ABXa4m95BnpUa8shJpQB1_N11Sah_j1L1FD0T0BJ2ZgJ05G3qB5umvD8309m-d0IrUGEczoxKONQBaSVN544lIYa5HOkMV2vVhFYx6A2OjzgHbj7vr435ANaM1WDjoB_YOUV7LY24RbiejNMAVWVWQZaOrx59v9XFUNINAjfc01DVmMJdxY7BN_etpwSgAnkt_lKaHDheYx3_GCnFFf4uttEm8HVe4DTYq4OSaSgzuFizhaYy4Otp9Wu2XFwV62Eb7tMTGUNhJ0GFjMZjM8F6-huLEnN_yRbju-cxdwciimPRX-VJ4bw0nnoXdjoli2lu1zRwhcWHx7d1cMA1X29uaX6HaX2H_Gql8fHvpWqCODXir5RzkZiGnSB0tNidXtP4a1s_LYdvozUvOuMNFUspXK9lLVXSGEm5WX4AgV-Upg\">www.atarfe.es\/\u2026\/bases-i-concurso-creacion-material-atarfe.p\u2026<\/a><\/p>\n<p><a href=\"http:\/\/www.atarfe.es\/pdf\/anexo-i.pdf?fbclid=IwAR2SEP8sP5MBAu_fizVN9JV8LArz7x8Ugb_GlWxJPCphFZCz9k8NtTa4vQ4\" target=\"_blank\" rel=\"noopener nofollow noreferrer\" data-ft=\"{&quot;tn&quot;:&quot;-U&quot;}\" data-lynx-mode=\"async\" data-lynx-uri=\"https:\/\/l.facebook.com\/l.php?u=http%3A%2F%2Fwww.atarfe.es%2Fpdf%2Fanexo-i.pdf%3Ffbclid%3DIwAR2SEP8sP5MBAu_fizVN9JV8LArz7x8Ugb_GlWxJPCphFZCz9k8NtTa4vQ4&amp;h=AT2NxrtOe9GDEF0j3iQ-TjdwT2N0zrKO5rmhf4WvtmVa6pDpej4262Mc5yUHuI5ikh7-lkgynz8F1bCMT6yi95JmcXyBA-t0sUAfmN1DNNfi1EjeQyHSCqtbJb7dvm5eFuMuswAuCTHPTXWUeONF38pbEZhrwEvPb6-tLrn3LpU2ghABscVL597wCKndo8XsrpD0fj0EUCYHE55oP5JpHMESQTdkgwnpgkBXnS4wG19k4MF3pO2oizp3en5Njn6xLcoCQXJIYos_S5978cUOWZ61-y3XnSgr80ECFG1Bd3Wj0smllJPwZ35hKLenxjRuZbQz5lnO29uSkmb6rfz5JcxhEr8NvGGvjmlS2IL5bnbMyzwYhsZOIp8MycnVUnZk-VTtDWD_pW8-ZUmOU8ZhOmsbXQ_ojVseNmV58CkeZhuBCjIfqchQjwA7XVL48k0At5y0B1ZqoXUGOjCE8csRqLz-oBwn44fuj-auV4xKbokW1UVZ2DUphrJM2mv1P3nfn1--pgvdWqucPafUbPCiV2MS65kZFz7GGEw9zqC4LCitl9xBct5WVktLknvV0pAXxxDy5xAXIoapKrs3B16gQ2gj-OEUFhrMY07esTfjczTXHnoKatWD9qfkiZwh1sHhbTMJSpqcsIzhtWZhWifyycFjAB_xZbrHGk6U3V6Pfg\">www.atarfe.es\/pdf\/anexo-i.pdf<\/a><\/p>\n<p><a href=\"https:\/\/l.facebook.com\/l.php?u=http%3A%2F%2Fwww.atarfe.es%2Fpdf%2Fanexo-iii.pdf%3Ffbclid%3DIwAR1soD16pkCCBfcgHb1XcNSTMLlLmsnYhbFDovE2bUMPCU2eNRo8ArBRDgA&amp;h=AT25CNTavAHfvRszrY6P_Lxq2g1cYBtRdUa5skeNGd2uBi4Yf55cteM2vxmwfajHgV80Hjlp70FHM8YFIqlJFZFLbOIxDi5W3biIYCegHnTJdH7hPpKBSmqgTcEidv3VVTM2eDb9gXLkrDFeioB8ALGGQxbLN3Q5VFl5kJXqsDcSZvC71LYTPF9CImiM3OZUvr5AvSU8ZYgQM5RBNtKqwXPpTovGnLaTJvNKppMAJTaCfkDpzxlHzIUYtWDBNom7ieiX4JFiiJcIyhRsJf5QY1uv3PQ1AmEOXzIrid4KyPdEQ79jOGQxs5i3L-kE3vRHfLZg-UCDNWZG2_oKeI55b06hd0dD85u7w_I6ZrYlps5g1wgWrnZRcax60QMzAMT7hOJF-pkJe5EgFPubPPdvyalNuTdOfUesFe5Hq9PSr9NikpGX5Z2LT775sQaJfsZWO8-LpR85KHfY23GAOIJhy1esoWu4qA90SSQom6_3ts3N_YzqDqqoMUkRoY3VxlzxSejJonTsWhwKq0DLQOja_dCFNZR56akjdevmTDhDQAszxQ-8awqqahOJXXR65RxWimdjx0_X51zVJ6JF0uyw2TQ0wX7WHbjCafePMU8cXILLp0R1tnSQLE-SIXcvLi2KuNiUDD13vU9STRh3yFtjxB5yhEIruy-5PCsD7TvU5g\" target=\"_blank\" rel=\"noopener nofollow noreferrer\" data-ft=\"{&quot;tn&quot;:&quot;-U&quot;}\" data-lynx-mode=\"async\">www.atarfe.es\/pdf\/anexo-iii.pdf<\/a><\/p>\n<p>FOTO PORTADA : https:\/\/www.marketingdirecto.com\/marketing-general\/eventos-y-formacion\/el-sol-huawei-apuestan-por-jovenes-creativos<\/p>\n<\/div>\n","protected":false},"excerpt":{"rendered":"<p>La Concejal\u00eda de Juventud del Ayuntamiento de Atarfe pone en marcha el I Concurso \u00abCreaci\u00f3n&#8230;<\/p>\n","protected":false},"author":1,"featured_media":41542,"comment_status":"closed","ping_status":"closed","sticky":false,"template":"","format":"standard","meta":{"_coblocks_attr":"","_coblocks_dimensions":"","_coblocks_responsive_height":"","_coblocks_accordion_ie_support":"","jetpack_post_was_ever_published":false,"_jetpack_newsletter_access":"","_jetpack_dont_email_post_to_subs":false,"_jetpack_newsletter_tier_id":0,"_jetpack_memberships_contains_paywalled_content":false,"_jetpack_memberships_contains_paid_content":false,"footnotes":"","jetpack_publicize_message":"","jetpack_publicize_feature_enabled":true,"jetpack_social_post_already_shared":false,"jetpack_social_options":{"image_generator_settings":{"template":"highway","default_image_id":0,"enabled":false},"version":2}},"categories":[12,6916,44,15],"tags":[81,7571],"class_list":["post-41540","post","type-post","status-publish","format-standard","has-post-thumbnail","hentry","category-cultura","category-ayuntamiento-de-atarfe","category-noticias-de-hoy","category-ultimas-noticias","tag-atarfe","tag-creaciones"],"jetpack_publicize_connections":[],"jetpack_featured_media_url":"https:\/\/i0.wp.com\/miradordeatarfe.es\/wp-content\/uploads\/2020\/09\/idea-creatividad-sol.jpg?fit=626%2C364&ssl=1","jetpack_likes_enabled":true,"jetpack_sharing_enabled":true,"_links":{"self":[{"href":"https:\/\/miradordeatarfe.es\/index.php?rest_route=\/wp\/v2\/posts\/41540","targetHints":{"allow":["GET"]}}],"collection":[{"href":"https:\/\/miradordeatarfe.es\/index.php?rest_route=\/wp\/v2\/posts"}],"about":[{"href":"https:\/\/miradordeatarfe.es\/index.php?rest_route=\/wp\/v2\/types\/post"}],"author":[{"embeddable":true,"href":"https:\/\/miradordeatarfe.es\/index.php?rest_route=\/wp\/v2\/users\/1"}],"replies":[{"embeddable":true,"href":"https:\/\/miradordeatarfe.es\/index.php?rest_route=%2Fwp%2Fv2%2Fcomments&post=41540"}],"version-history":[{"count":1,"href":"https:\/\/miradordeatarfe.es\/index.php?rest_route=\/wp\/v2\/posts\/41540\/revisions"}],"predecessor-version":[{"id":41543,"href":"https:\/\/miradordeatarfe.es\/index.php?rest_route=\/wp\/v2\/posts\/41540\/revisions\/41543"}],"wp:featuredmedia":[{"embeddable":true,"href":"https:\/\/miradordeatarfe.es\/index.php?rest_route=\/wp\/v2\/media\/41542"}],"wp:attachment":[{"href":"https:\/\/miradordeatarfe.es\/index.php?rest_route=%2Fwp%2Fv2%2Fmedia&parent=41540"}],"wp:term":[{"taxonomy":"category","embeddable":true,"href":"https:\/\/miradordeatarfe.es\/index.php?rest_route=%2Fwp%2Fv2%2Fcategories&post=41540"},{"taxonomy":"post_tag","embeddable":true,"href":"https:\/\/miradordeatarfe.es\/index.php?rest_route=%2Fwp%2Fv2%2Ftags&post=41540"}],"curies":[{"name":"wp","href":"https:\/\/api.w.org\/{rel}","templated":true}]}}