{"id":41544,"date":"2020-09-04T11:53:10","date_gmt":"2020-09-04T09:53:10","guid":{"rendered":"http:\/\/miradordeatarfe.es\/?p=41544"},"modified":"2020-09-02T18:12:02","modified_gmt":"2020-09-02T16:12:02","slug":"el-ceip-jimenez-rueda-en-el-periodico-el-pais-toda-una-escuela-en-un-movil","status":"publish","type":"post","link":"https:\/\/miradordeatarfe.es\/?p=41544","title":{"rendered":"EL CEIP JIMENEZ RUEDA EN EL PERIODICO EL PAIS: \u00abToda una escuela en un m\u00f3vil\u00bb"},"content":{"rendered":"<h3 class=\"a_st font_secondary color_gray_dark \">El colegio Doctor Jim\u00e9nez Rueda de Granada, volcado en la educaci\u00f3n compensatoria, adapt\u00f3 toda la docencia al m\u00f3vil, al descubrir que el 70% de sus escolares lo usaban para seguir las clases. Solo un 2% se desconect\u00f3<\/h3>\n<p class=\"\">Cuando decretaron el cierre de las aulas en marzo, en el colegio p\u00fablico Doctor Jim\u00e9nez Rueda de Atarfe, una ciudad dormitorio cercana a Granada, la prioridad estaba clara: no pod\u00edan perder a ning\u00fan alumno por el camino. Este centro especializado en educaci\u00f3n compensatoria cuenta con m\u00e1s de 470 estudiantes, incluidos infantil, primaria y alumnos del aula del Trastorno de Espectro Autista, y de Audici\u00f3n y Lenguaje. Y ahora, ya en vacaciones, se enorgullecen de que apenas un 2% se les han desconectado en <a href=\"https:\/\/elpais.com\/elpais\/2020\/05\/15\/mamas_papas\/1589554177_339665.html\" target=\"_blank\" rel=\"noopener noreferrer\" data-link-track-dtm=\"\">este proceso tan duro y tortuoso.<\/a><\/p>\n<p class=\"\">El punto de partida no era sencillo. \u201cHicimos una encuesta para saber cu\u00e1ntos alumnos ten\u00edan alg\u00fan tipo de dispositivo, y <a href=\"https:\/\/elpais.com\/educacion\/2020-06-21\/que-hemos-aprendido-sobre-la-educacion-durante-el-confinamiento.html\" target=\"_blank\" rel=\"noopener noreferrer\" data-link-track-dtm=\"\">c\u00f3mo pod\u00edan conectarse. <\/a>Nos encontramos que ten\u00edamos un 3% de familias que no ten\u00edan wifi o datos, y un 70% que solo ten\u00eda un m\u00f3vil de los padres, a veces para tres hermanos. Hab\u00eda madres y padres que trabajaban todo el d\u00eda fuera y se llevaban el m\u00f3vil&#8230; \u201c, cuenta Juan Alcaide, coordinador de Tecnolog\u00eda y jefe de estudios de esta escuela. \u201cEra todo un desaf\u00edo. Tuvimos que adaptarnos a la realidad de nuestro centro y dise\u00f1ar un plan de acci\u00f3n. Y claro, al otro lado, ten\u00edamos familias que no sab\u00edan siquiera que ten\u00edan<i> e-mail, <\/i>por ejemplo. As\u00ed que tuvimos que <i>movilizar<\/i> la escuela para llegar a todos y cambiar el chip\u201d, as\u00ed lo explica<\/p>\n<p class=\"\">El centro ya hab\u00eda trabajado con las herramientas educativas de Google desde hace dos a\u00f1os, pero este septiembre comenzaron a introducir las aplicaciones colaborativas formando primero a los docentes. As\u00ed que dise\u00f1aron un <i>site<\/i> com\u00fan para que todo el colegio pudiera trabajar durante el confinamiento, coordinado desde la direcci\u00f3n, y que fuera muy sencillo de utilizar y optimizado para el m\u00f3vil. \u201cEra inasumible para nuestro alumnado con dificultades meterles en el <i>classroom<\/i> sin haberlo introducido en el aula. Son adem\u00e1s alumnos que <a href=\"https:\/\/elpais.com\/educacion\/2020-06-09\/prioridad-en-septiembre-la-gestion-emocional.html\" target=\"_blank\" rel=\"noopener noreferrer\" data-link-track-dtm=\"\">se pueden frustrar con mucha rapidez <\/a>y nos dimos cuenta de que los \u00edbamos a perder por el camino\u201d, contin\u00faa el jefe de estudios.<\/p>\n<div id=\"SMIntext-clearfix-1599054599764\" class=\"SMIntext-clearfix SMIntext-clearfix-d8faaa71-9cad-4c3e-ae1f-1976d355445b desktop\">\u00a0<\/div>\n<figure class=\"f | margin_top\"><img data-recalc-dims=\"1\" decoding=\"async\" class=\"block width_full\" src=\"https:\/\/i0.wp.com\/imagenes.elpais.com\/resizer\/jS7zaZHJHaegV3Y09K5g58xh0lU%3D\/1500x0\/cloudfront-eu-central-1.images.arcpublishing.com\/prisa\/FKY6UHUXFZHI3EJHVQWDYVIV6M.jpg?w=640&#038;ssl=1\" alt=\"Exterior del colegio Doctor Jim\u00e9nez Rueda,que ha tenido que adaptar toda su docencia al m\u00f3vil\" \/><figcaption class=\"f_c | border_bottom border_1 border_gray_ultra_light_warm text_align_right padding_vertical color_gray_medium\">Exterior del colegio Doctor Jim\u00e9nez Rueda,que ha tenido que adaptar toda su docencia al m\u00f3vil<\/figcaption><\/figure>\n<p class=\"\">La directora, Matilde Ruano, cree que la clave era la sencillez, \u201cque fuera igual para todos los niveles y que facilit\u00e1ramos la programaci\u00f3n semanal el lunes facilit\u00f3 mucho la tarea a las familias. Y luego ha habido un esfuerzo por parte del claustro, tratando de llegar a todos los alumnos. Llamando a los alumnos que m\u00e1s dif\u00edcil lo ten\u00edan y haciendo las tareas con ellos. Ha sido una entrega incre\u00edble\u201d apunta la directora. De los 30 docentes del claustro, la mitad se compraron sus propios port\u00e1tiles para desempe\u00f1ar su tarea y buscaron la manera de enviar las tareas a las familias que no dispon\u00edan de conexi\u00f3n. \u201cServicios Sociales habilit\u00f3 un local del Ayuntamiento y un voluntario se encargaba de imprimir las tareas y las familias las iban a recoger f\u00edsicamente\u201d, se\u00f1ala Ruano.<\/p>\n<p class=\"\">Para el responsable de <i>Google for Education<\/i> en Espa\u00f1a, Gonzalo Romero, este proyecto es un referente: \u201cLa tecnolog\u00eda debe ser inclusiva y democratizadora. Colegios como este muestran que es posible facilitar que todos los alumnos tengan acceso a la actividad educativa. Los maestros han realizado un trabajo ejemplar de acompa\u00f1amiento, ajust\u00e1ndose a cada realidad, retando y motivando a los alumnos pese a las dificultades de la distancia\u201d.<\/p>\n<h3 class=\"font_secondary color_gray_ultra_dark\">Clases en fines de semana o por la noche<\/h3>\n<p class=\"\">Para llegar a cubrir al 97% de sus alumnos han tenido que hacer grandes esfuerzos que en muchos casos son inasumibles. Las videoconferencias se hac\u00edan en dos turnos y muchas veces eran los fines de semana s\u00e1bados y domingos, cuando las familias no trabajaban, el m\u00f3vil estaba en casa y pod\u00edan llegar al m\u00e1ximo posible de alumnos. \u201cLos ni\u00f1os se conectaban por la noche, que era cuando volv\u00edan los padres de trabajar\u201d, apunta el jefe de estudios. Y la directora se\u00f1ala que la confianza de las familias ha sido fundamental para que \u00e9xito del proceso.<\/p>\n<p class=\"\">Sandra Mor\u00e1n es la madre de dos alumnos, de 3 y 6 a\u00f1os, y representante en el consejo escolar. \u201cAl principio fue una locura cambiar todas las din\u00e1micas y combinarlo con el teletrabajo. Pero mucha paciencia despu\u00e9s nos hicimos con ello\u201d, explica. \u201cTen\u00edamos las tareas semanales y los horarios de las conferencias en la web y en el correo electr\u00f3nico. Nos ha facilitado mucho que hubiera una gesti\u00f3n com\u00fan para todos los cursos y el que escucharan a las familias\u201d, concluye.<\/p>\n<p class=\"\">Gema Garc\u00eda Fuentes, de 11 a\u00f1os, se queda con los retos semanales que les iba planteando su maestro. \u201cNos iba dando pistas que ten\u00edamos que investigar por Internet, para adivinar monumentos, o adivinar un tipo de m\u00fasica, y ten\u00edamos que ir resolviendo por el camino acertijos, operaciones matem\u00e1ticas&#8230;\u201d, explica esta alumna.<\/p>\n<p class=\"\">Mar\u00eda del Mar Castillo, profesora de segundo de primaria y de Franc\u00e9s, ha convertido a sus alumnos en <i>youtubers<\/i> para resolver retos semanales para mantenerles involucrados. E incluso hicieron su viaje de fin de curso (virtual) a la Alhambra de Granada, el Coliseo de Roma, el Guggenheim o el Oceanogr\u00e1fico de Valencia con la herramienta de expediciones.<\/p>\n<h3 class=\"font_secondary color_gray_ultra_dark\">El reto de los alumnos con autismo<\/h3>\n<p class=\"\">Una de las mayores dificultades ha sido la atenci\u00f3n a los alumnos de compensatoria y los que ten\u00edan alguna discapacidad, un retraso moderado, leve o autismo, que suponen la mitad de sus estudiantes. \u201cEstablecimos que ten\u00edamos que contactar con todas las familias semanalment. Adem\u00e1s, establecimos ejercicios personalizados para los ni\u00f1os con autismo en el <i>site<\/i>, con colores diferentes para que pudieran reconocer sus tareas y organizarse la semana\u201d, explica Alcaide, el jefe de estudios.<\/p>\n<p class=\"\">\u201cLo que ha marcado el avance o estancamiento de los alumnos ha sido la implicaci\u00f3n de las familias. La desigualdad la compensamos con el trabajo del colegio, con desdobles, con lo que podamos, y con el colegio cerrado, a pesar de nuestros esfuerzos, es la familia la que acaba determinando la situaci\u00f3n\u201d, concluye Alcaide.<\/p>\n<p><span class=\"a_aut | margin_bottom uppercase flex align_items_center \"><a class=\"a_aut_n | color_black\" title=\"Ver todas las noticias de Beatriz Lucas\" href=\"https:\/\/elpais.com\/autor\/beatriz-lucas\/\">Beatriz Lucas<\/a><\/span><\/p>\n<p>FOTO:Un alumno del colegio Doctor Jim\u00e9nez Rueda, de Atarje, en Granada, mira sus tareas en el m\u00f3vil de su madre durante el confinamiento.<\/p>\n","protected":false},"excerpt":{"rendered":"<p>El colegio Doctor Jim\u00e9nez Rueda de Granada, volcado en la educaci\u00f3n compensatoria, adapt\u00f3 toda la&#8230;<\/p>\n","protected":false},"author":1,"featured_media":41545,"comment_status":"closed","ping_status":"closed","sticky":false,"template":"","format":"standard","meta":{"_coblocks_attr":"","_coblocks_dimensions":"","_coblocks_responsive_height":"","_coblocks_accordion_ie_support":"","jetpack_post_was_ever_published":false,"_jetpack_newsletter_access":"","_jetpack_dont_email_post_to_subs":false,"_jetpack_newsletter_tier_id":0,"_jetpack_memberships_contains_paywalled_content":false,"_jetpack_memberships_contains_paid_content":false,"footnotes":"","jetpack_publicize_message":"","jetpack_publicize_feature_enabled":true,"jetpack_social_post_already_shared":false,"jetpack_social_options":{"image_generator_settings":{"template":"highway","default_image_id":0,"enabled":false},"version":2}},"categories":[187,7149,44,15],"tags":[81,7572,7021,7573],"class_list":["post-41544","post","type-post","status-publish","format-standard","has-post-thumbnail","hentry","category-centros-educativos","category-coronavirus","category-noticias-de-hoy","category-ultimas-noticias","tag-atarfe","tag-ceip-dr-jimenez-rueda","tag-coronavirus","tag-teleformacion"],"jetpack_publicize_connections":[],"jetpack_featured_media_url":"https:\/\/i0.wp.com\/miradordeatarfe.es\/wp-content\/uploads\/2020\/09\/YE2FYPFUIVHR3H6YJDW7PMCNAM.jpeg?fit=1500%2C844&ssl=1","jetpack_likes_enabled":true,"jetpack_sharing_enabled":true,"_links":{"self":[{"href":"https:\/\/miradordeatarfe.es\/index.php?rest_route=\/wp\/v2\/posts\/41544","targetHints":{"allow":["GET"]}}],"collection":[{"href":"https:\/\/miradordeatarfe.es\/index.php?rest_route=\/wp\/v2\/posts"}],"about":[{"href":"https:\/\/miradordeatarfe.es\/index.php?rest_route=\/wp\/v2\/types\/post"}],"author":[{"embeddable":true,"href":"https:\/\/miradordeatarfe.es\/index.php?rest_route=\/wp\/v2\/users\/1"}],"replies":[{"embeddable":true,"href":"https:\/\/miradordeatarfe.es\/index.php?rest_route=%2Fwp%2Fv2%2Fcomments&post=41544"}],"version-history":[{"count":1,"href":"https:\/\/miradordeatarfe.es\/index.php?rest_route=\/wp\/v2\/posts\/41544\/revisions"}],"predecessor-version":[{"id":41546,"href":"https:\/\/miradordeatarfe.es\/index.php?rest_route=\/wp\/v2\/posts\/41544\/revisions\/41546"}],"wp:featuredmedia":[{"embeddable":true,"href":"https:\/\/miradordeatarfe.es\/index.php?rest_route=\/wp\/v2\/media\/41545"}],"wp:attachment":[{"href":"https:\/\/miradordeatarfe.es\/index.php?rest_route=%2Fwp%2Fv2%2Fmedia&parent=41544"}],"wp:term":[{"taxonomy":"category","embeddable":true,"href":"https:\/\/miradordeatarfe.es\/index.php?rest_route=%2Fwp%2Fv2%2Fcategories&post=41544"},{"taxonomy":"post_tag","embeddable":true,"href":"https:\/\/miradordeatarfe.es\/index.php?rest_route=%2Fwp%2Fv2%2Ftags&post=41544"}],"curies":[{"name":"wp","href":"https:\/\/api.w.org\/{rel}","templated":true}]}}