{"id":41553,"date":"2020-09-10T08:43:51","date_gmt":"2020-09-10T06:43:51","guid":{"rendered":"http:\/\/miradordeatarfe.es\/?p=41553"},"modified":"2020-09-07T11:12:30","modified_gmt":"2020-09-07T09:12:30","slug":"pompeya-no-miente","status":"publish","type":"post","link":"https:\/\/miradordeatarfe.es\/?p=41553","title":{"rendered":"Pompeya no miente"},"content":{"rendered":"<h3 style=\"text-align: justify;\">Los habitantes de la urbe romana no ten\u00edan caries. Dos mil a\u00f1os despu\u00e9s, es la enfermedad cr\u00f3nica m\u00e1s extendida. Y el az\u00facar de los alimentos procesados es el responsable<\/h3>\n<p style=\"text-align: justify;\">RAN TIEMPOS DE transici\u00f3n en la dinast\u00eda Flavia: finalizaba su mandato el emperador Vespasiano y estrenaba el suyo su hijo y heredero, Tito. Las obras de finalizaci\u00f3n del Coliseo romano estaban a poco de concluir y <a href=\"https:\/\/elpais.com\/noticias\/pompeya\/\" target=\"_blank\" rel=\"noopener noreferrer\">Pompeya<\/a> era un floreciente puerto mediterr\u00e1neo, lugar de vacaciones de la clase alta romana. De forma imprevista y en apenas unas horas, el Vesubio descarg\u00f3 10.000 millones de toneladas de magma. Durante mucho tiempo la metr\u00f3poli qued\u00f3 sellada en las cr\u00f3nicas y en la memoria, hasta que en el siglo XIX se iniciaron unas excavaciones que dieron, entre otros hallazgos, con los huecos dejados en la ceniza solidificada por los cuerpos atrapados en la erupci\u00f3n. El ingenioso arque\u00f3logo Giuseppe Fiorelli propuso rellenar esos vac\u00edos con yeso y ah\u00ed es cuando se manifestaron lo que se conoce como calcos de Fiorelli.<\/p>\n<p style=\"text-align: justify;\">Pompeya no miente a pesar de ocultar mucho. Un estudio realizado en 2015 por un grupo internacional de arque\u00f3logos, antrop\u00f3logos y odont\u00f3logos sobre una serie de tomograf\u00edas realizadas a varios calcos de Fiorelli sac\u00f3 a la luz la buena salud dental de los pompeyanos, sin pr\u00e1cticamente caries.<\/p>\n<p style=\"text-align: justify;\">La explicaci\u00f3n la encontramos en otra investigaci\u00f3n llevada a cabo un a\u00f1o antes sobre los residuos org\u00e1nicos presentes en el alcantarillado de una zona comercial de la ciudad. Un equipo arqueol\u00f3gico dirigido por Steven Ellis corrobor\u00f3 algo que ya se conoc\u00eda: que la dieta de la poblaci\u00f3n en aquel tiempo se basaba en productos de la regi\u00f3n, principalmente verduras, frutas, legumbres, cereales, huevos y algo de prote\u00edna proveniente de la pesca local junto con alguna porci\u00f3n puntual de carne o pescado en salaz\u00f3n. Nada de calor\u00edas vac\u00edas, b\u00e1sicamente comida saludable y equilibrada. El trabajo revel\u00f3 el gusto del pompeyano medio por los alimentos selectos. Se document\u00f3 una presencia considerable de rastros de marisco, especias importadas y, en menor proporci\u00f3n, de carnes ex\u00f3ticas como jirafa y flamenco.<\/p>\n<p style=\"text-align: justify;\">La <a href=\"https:\/\/www.who.int\/es\" target=\"_blank\" rel=\"noopener noreferrer\">Organizaci\u00f3n Mundial de la Salud<\/a> alerta de que las caries ocupan la primera posici\u00f3n de las enfermedades cr\u00f3nicas m\u00e1s extendidas del planeta, y el motivo principal es el consumo de az\u00facar. Seg\u00fan esta entidad, entre el 60% y el 90% de los ni\u00f1os de todo el mundo en edad escolar y casi el 100% de los adultos sufren alguna. Si bien la OMS recomienda un consumo diario de az\u00facar no superior a los 25 o 30 gramos \u2014el equivalente a 7 terrones, o algo menos de 11 kilos al a\u00f1o\u2014, la realidad es que la Organizaci\u00f3n de las Naciones Unidas para la Alimentaci\u00f3n y la Agricultura eleva la cifra de ingesta media a 24 kilos anuales, con Am\u00e9rica Latina y el Caribe como las regiones que m\u00e1s consumen, duplicando el promedio mundial con 49 kilos.<\/p>\n<p style=\"text-align: justify;\">El problema radica en el hecho de que la mayor\u00eda de los consumidores desconocen que todo ese az\u00facar de m\u00e1s, aproximadamente el 80%, se ingiere de manera velada a trav\u00e9s de los alimentos procesados. Salsas como el k\u00e9tchup, refrescos, batidos, zumos de frutas, golosinas, chuches, boller\u00eda, pasteles y galletas, cereales de desayuno, yogures y l\u00e1cteos dulcificados, o platos preparados y precocinados llevan entre sus ingredientes sacarosa, dextrosa, fructosa, glucosa, lactosa, maltodextrina, maltosa o sucrosa, en ocasiones revestidos con apelativos como jarabe de ma\u00edz, sirope de arce, melaza, alm\u00edbar y miel de ca\u00f1a. El exceso de sal, grasas saturadas y az\u00facar, por muy oculto que est\u00e9, revela su presencia en forma de sobrepeso, hipertensi\u00f3n, cardiopat\u00edas, accidentes cerebrovasculares, diabetes y, obviamente, caries. Por mucho esmero que se dedique en disimular su presencia, sus efectos no se pueden encubrir.<\/p>\n<p style=\"text-align: justify;\">Quiz\u00e1 dentro de 2.000 a\u00f1os se estudie nuestra basura, dentaduras y huellas para conocer mejor el estilo de vida actual. Y muy probablemente quien lo haga se preguntar\u00e1 qu\u00e9 sucedi\u00f3 para que en los casi dos milenios transcurridos desde que Pompeya sucumbi\u00f3 tras la erupci\u00f3n del Vesubio y el presente se desplegara tal c\u00famulo de equivocaciones.<\/p>\n<div class=\"autor-texto\"><span class=\"autor-nombre\"> <a title=\"Ver todas las noticias de Andoni Luis Aduriz\" href=\"https:\/\/elpais.com\/autor\/andoni_luis_aduriz\/a\/\">Andoni Luis Aduriz<\/a> <\/span><\/div>\n<div>FOTO: <span class=\"foto-firma\"><span class=\"foto-autor\">Salvatore Laporta (Getty)<\/span><\/span><\/div>\n<div>https:\/\/elpais.com\/elpais\/2020\/08\/06\/eps\/1596715605_540748.html<\/div>\n","protected":false},"excerpt":{"rendered":"<p>Los habitantes de la urbe romana no ten\u00edan caries. Dos mil a\u00f1os despu\u00e9s, es la&#8230;<\/p>\n","protected":false},"author":1,"featured_media":41554,"comment_status":"closed","ping_status":"closed","sticky":false,"template":"","format":"standard","meta":{"_coblocks_attr":"","_coblocks_dimensions":"","_coblocks_responsive_height":"","_coblocks_accordion_ie_support":"","jetpack_post_was_ever_published":false,"_jetpack_newsletter_access":"","_jetpack_dont_email_post_to_subs":false,"_jetpack_newsletter_tier_id":0,"_jetpack_memberships_contains_paywalled_content":false,"_jetpack_memberships_contains_paid_content":false,"footnotes":"","jetpack_publicize_message":"","jetpack_publicize_feature_enabled":true,"jetpack_social_post_already_shared":false,"jetpack_social_options":{"image_generator_settings":{"template":"highway","default_image_id":0,"enabled":false},"version":2}},"categories":[44,15,10],"tags":[220,2669,7577],"class_list":["post-41553","post","type-post","status-publish","format-standard","has-post-thumbnail","hentry","category-noticias-de-hoy","category-ultimas-noticias","category-salud","tag-alimentacion","tag-pompeya","tag-residuos-organicos"],"jetpack_publicize_connections":[],"jetpack_featured_media_url":"https:\/\/i0.wp.com\/miradordeatarfe.es\/wp-content\/uploads\/2020\/09\/1596715605_540748_1596715995_noticia_normal_recorte1.jpg?fit=1960%2C1292&ssl=1","jetpack_likes_enabled":true,"jetpack_sharing_enabled":true,"_links":{"self":[{"href":"https:\/\/miradordeatarfe.es\/index.php?rest_route=\/wp\/v2\/posts\/41553","targetHints":{"allow":["GET"]}}],"collection":[{"href":"https:\/\/miradordeatarfe.es\/index.php?rest_route=\/wp\/v2\/posts"}],"about":[{"href":"https:\/\/miradordeatarfe.es\/index.php?rest_route=\/wp\/v2\/types\/post"}],"author":[{"embeddable":true,"href":"https:\/\/miradordeatarfe.es\/index.php?rest_route=\/wp\/v2\/users\/1"}],"replies":[{"embeddable":true,"href":"https:\/\/miradordeatarfe.es\/index.php?rest_route=%2Fwp%2Fv2%2Fcomments&post=41553"}],"version-history":[{"count":1,"href":"https:\/\/miradordeatarfe.es\/index.php?rest_route=\/wp\/v2\/posts\/41553\/revisions"}],"predecessor-version":[{"id":41555,"href":"https:\/\/miradordeatarfe.es\/index.php?rest_route=\/wp\/v2\/posts\/41553\/revisions\/41555"}],"wp:featuredmedia":[{"embeddable":true,"href":"https:\/\/miradordeatarfe.es\/index.php?rest_route=\/wp\/v2\/media\/41554"}],"wp:attachment":[{"href":"https:\/\/miradordeatarfe.es\/index.php?rest_route=%2Fwp%2Fv2%2Fmedia&parent=41553"}],"wp:term":[{"taxonomy":"category","embeddable":true,"href":"https:\/\/miradordeatarfe.es\/index.php?rest_route=%2Fwp%2Fv2%2Fcategories&post=41553"},{"taxonomy":"post_tag","embeddable":true,"href":"https:\/\/miradordeatarfe.es\/index.php?rest_route=%2Fwp%2Fv2%2Ftags&post=41553"}],"curies":[{"name":"wp","href":"https:\/\/api.w.org\/{rel}","templated":true}]}}