{"id":41559,"date":"2020-09-10T10:00:42","date_gmt":"2020-09-10T08:00:42","guid":{"rendered":"http:\/\/miradordeatarfe.es\/?p=41559"},"modified":"2020-09-09T10:46:59","modified_gmt":"2020-09-09T08:46:59","slug":"asi-va-la-implantacion-de-radar-covid-en-las-comunidades-autonomas","status":"publish","type":"post","link":"https:\/\/miradordeatarfe.es\/?p=41559","title":{"rendered":"As\u00ed va la implantaci\u00f3n de Radar Covid en las comunidades aut\u00f3nomas"},"content":{"rendered":"<div id=\"article_header\" class=\"a_hg basic | \">\n<h3 class=\"a_st font_secondary color_gray_dark \" style=\"text-align: justify;\">La app se puede descargar en toda Espa\u00f1a, aunque para que est\u00e9 plenamente operativa ha de estar integrada en el sistema sanitario de las autonom\u00edas.<\/h3>\n<\/div>\n<div class=\"a_w | col desktop_8 tablet_8 mobile_4\">\n<div class=\"a_b article_body | color_gray_dark\">\n<p class=\"\" style=\"text-align: justify;\">Radar Covid, la aplicaci\u00f3n de rastreo desarrollada por el Gobierno, ya est\u00e1 operativa en mayor o menor medida en cinco regiones: Andaluc\u00eda, Baleares, Murcia, Castilla y Le\u00f3n y Canarias. El lanzamiento estaba previsto para mitad de septiembre. El rebrote de casos experimentado en las \u00faltimas semanas oblig\u00f3 al Gobierno, sin embargo, a acelerar su lanzamiento y a pedir a las comunidades aut\u00f3nomas su r\u00e1pida implantaci\u00f3n, seg\u00fan anunci\u00f3 la <a href=\"https:\/\/elpais.com\/tecnologia\/2020-08-03\/la-aplicacion-de-rastreo-estara-operativa-desde-el-10-de-agosto-en-varias-comunidades.html.\" target=\"_blank\" rel=\"noopener noreferrer\" data-link-track-dtm=\"\">secretaria de Estado de Digitalizaci\u00f3n e Inteligencia Artificial, Carme Artigas<\/a>. As\u00ed, no ser\u00e1 el 15 de septiembre cuando la aplicaci\u00f3n est\u00e9 implantada en la gran mayor\u00eda de autonom\u00edas.<\/p>\n<p class=\"\" style=\"text-align: justify;\">Radar Covid consta de dos fases. La primera, ya disponible en toda Espa\u00f1a, es la aplicaci\u00f3n en s\u00ed que cada ciudadano se descarga y que, una vez instalada, procede a la recolecci\u00f3n de identificadores (si el <i>bluetooth<\/i> est\u00e1 activado). Esta etapa es crucial: \u201cSi no llegamos a ocho o diez millones de descargas, la utilidad ser\u00e1 escasa\u201d, vaticina Santiago Garc\u00eda, director general de Transformaci\u00f3n Digital y Relaciones con los usuarios del Gobierno c\u00e1ntabro.<\/p>\n<p class=\"\" style=\"text-align: justify;\">La segunda fase consiste <a href=\"https:\/\/elpais.com\/tecnologia\/2020-08-29\/el-futuro-de-la-aplicacion-de-rastreo-en-manos-de-las-comunidades-autonomas-y-de-usted.html?rel=mas\" target=\"_blank\" rel=\"noopener noreferrer\" data-link-track-dtm=\"\">en que cada comunidad la integre en su sistema sanitario y forme a su personal <\/a>y a sus rastreadores. Porque ser\u00e1n ellos quienes asignar\u00e1n los c\u00f3digos que genera el Ministerio de Sanidad, Consumo y Bienestar Social. El anuncio el pasado martes sobre c\u00f3mo el proceso t\u00e9cnico de implantaci\u00f3n hab\u00eda sido \u201ccompletado\u201d<a href=\"https:\/\/elpais.com\/tecnologia\/2020-08-25\/pedro-sanchez-anima-a-todos-los-ciudadanos-a-bajarse-la-aplicacion-de-rastreo.html\" target=\"_blank\" rel=\"noopener noreferrer\" data-link-track-dtm=\"\"> cogi\u00f3 con el pie cambiado a las comunidades y despert\u00f3 algunas quejas.<\/a> \u201cNos dieron luz verde pero el Gobierno hizo el anuncio sin esperar a que estemos activos\u201d, alega Garc\u00eda, del Gobierno c\u00e1ntabro, que se ha demorado dos semanas desde que recibi\u00f3 toda la informaci\u00f3n necesaria desde Madrid y prev\u00e9 arrancar en los pr\u00f3ximos d\u00edas.<\/p>\n<p class=\"\" style=\"text-align: justify;\">Andaluc\u00eda comenz\u00f3 su implantaci\u00f3n hace seis d\u00edas y Francisco S\u00e1nchez, jefe de los sistemas de informaci\u00f3n del Sistema Andaluz de Salud, rebaja el tono: \u201cHa habido retrasos variados, sin culpable definido, ten\u00edamos una parte de pruebas importantes antes de empezar y el tiempo de desarrollo es enga\u00f1oso, pero nosotros llev\u00e1bamos listos dos semanas, est\u00e1bamos esperando al ministerio\u201d.<\/p>\n<section class=\"link_list inset | background_gray_ultra_light margin_bottom_lg \">\n<h3 class=\"title | color_gray_ultra_dark font_secondary uppercase\">D\u00f3nde descargar la app<\/h3>\n<ul>\n<li>M\u00f3viles con sistema operativo <b>Android<\/b>. La aplicaci\u00f3n est\u00e1 disponible en <a href=\"https:\/\/play.google.com\/store\/apps\/details?id=es.gob.radarcovid&amp;hl=es\" target=\"_blank\" rel=\"noopener noreferrer\" data-link-track-dtm=\"\">este enlace<\/a> a la Play Store de Google.<\/li>\n<li>M\u00f3viles con sistema operativo <b>iOS<\/b>. La aplicaci\u00f3n est\u00e1 disponible en <a href=\"https:\/\/apps.apple.com\/es\/app\/radar-covid\/id1520443509\" target=\"_blank\" rel=\"noopener noreferrer\" data-link-track-dtm=\"\">este enlace<\/a> a la App Store de Apple.<\/li>\n<\/ul>\n<\/section>\n<h3 class=\"font_secondary color_gray_ultra_dark\" style=\"text-align: justify;\">Incorporaciones<\/h3>\n<p class=\"\" style=\"text-align: justify;\">La \u00faltima comunidad en integrar la aplicaci\u00f3n de forma completa y en todo su territorio ha sido Canarias este mismo lunes, seg\u00fan han confirmado fuentes de la Consejer\u00eda de Sanidad. Su implantaci\u00f3n en las islas tambi\u00e9n sufri\u00f3 un retraso, pese a ser la regi\u00f3n que colabor\u00f3 con el desarrollo de la app<a href=\"https:\/\/elpais.com\/tecnologia\/2020-06-29\/el-gobierno-lanza-la-primera-fase-de-radar-covid-la-app-de-alerta-de-contagios-del-coronavirus.html\" target=\"_blank\" rel=\"noopener noreferrer\" data-link-track-dtm=\"\"> y alberg\u00f3 la prueba piloto.<\/a> Los sistemas estaban listos, incluida la pasarela que conecta los servidores del ministerio con su Red de Vigilancia Epidemiol\u00f3gica (Reveca) para la creaci\u00f3n de c\u00f3digos. Pero en su caso, el retraso se debi\u00f3 al brusco rebrote sufrido en las islas. \u201cLa semana pasada estaba todo preparado para entrar en producci\u00f3n, pero tuvimos que parar debido al incremento de incidencias, el cual nos oblig\u00f3 a contratar a decenas de nuevos rastreadores y vimos conveniente esperar a que los equipos se engrasaran antes de introducir un nuevo elemento en su labor diaria\u201d, asegura Pablo Hern\u00e1ndez, director general de Modernizaci\u00f3n y Calidad de los Servicios del Gobierno canario.<\/p>\n<p class=\"\" style=\"text-align: justify;\">En Andaluc\u00eda, unos 50.000 m\u00e9dicos y enfermeras ya pueden suministrar a sus ciudadanos contagiados los c\u00f3digos -por SMS o correo electr\u00f3nico- para instalarlos en su m\u00f3vil. Los sanitarios la tienen en su men\u00fa cuando acceden al sistema inform\u00e1tico Diraya, que incluye la opci\u00f3n Radar Covid. En ella localizan al ciudadano y le asignan un c\u00f3digo concreto que han recibido desde el Gobierno central. \u201cHemos buscado la agilidad y eliminar n\u00famero de clics\u201d, explica S\u00e1nchez. Las 8.000 enfermeras rastreadoras dan los c\u00f3digos por tel\u00e9fono y los sanitarios de atenci\u00f3n primaria o en hospitales a veces de viva voz. Andaluc\u00eda ha reportado al ministerio desde el mi\u00e9rcoles un centenar largo de c\u00f3digos para positivos, pero desconoce cu\u00e1ntas personas han notificado a su servicio de Salud Responde que la aplicaci\u00f3n les ha alertado de que su riesgo de exposici\u00f3n ha aumentado al estar cerca de un positivo, seg\u00fan fuentes de la Consejer\u00eda de Salud y Familias.<\/p>\n<p class=\"\" style=\"text-align: justify;\">El viernes pasado fue el turno de Baleares. \u201cSi hoy hubiera un positivo y el paciente tuviera descargada la aplicaci\u00f3n, nuestros 190 rastreadores ya podr\u00edan utilizar todos sus recursos\u201d, asegur\u00f3 el director general de Modernizaci\u00f3n y Administraci\u00f3n Digital, Ram\u00f3n Roca.<\/p>\n<p class=\"\" style=\"text-align: justify;\">En general, las regiones intentan poner alfombra roja a sus ciudadanos para propiciar las descargas. En Murcia Radar Covid empez\u00f3 a funcionar el mi\u00e9rcoles y para fomentar su uso la Consejer\u00eda de Educaci\u00f3n permitir\u00e1 a los alumnos que accedan con sus m\u00f3viles a las aulas, en silencio, pero operativo, para poder difundir su utilidad entre la poblaci\u00f3n m\u00e1s joven.<\/p>\n<p class=\"\" style=\"text-align: justify;\">En Arag\u00f3n, la aplicaci\u00f3n empez\u00f3 en pruebas la semana pasada en la comarca de Calamocha (Teruel, 7.000 habitantes) y, de momento, carecen de datos sobre su desarrollo, seg\u00fan una portavoz del Departamento de Sanidad. El primer d\u00eda, eso s\u00ed, se la descargaron 1.000 vecinos. La elecci\u00f3n de Calamocha como prueba de Arag\u00f3n se debe a su escasa poblaci\u00f3n y rango variado de edades. Adem\u00e1s, tambi\u00e9n se eligi\u00f3 por su baja incidencia del virus<a href=\"https:\/\/elpais.com\/noticias\/covid-19\/\" data-link-track-dtm=\"\"> durante la pandemia<\/a>.<\/p>\n<p class=\"\" style=\"text-align: justify;\">El Pa\u00eds Vasco ya dispone de una aplicaci\u00f3n propia para prevenir la covid: <a href=\"http:\/\/covid-19.eus\/\" target=\"_blank\" rel=\"noopener noreferrer\" data-link-track-dtm=\"\">Covid-19.eus<\/a>. \u201cAmbas aplicaciones ser\u00e1n complementarias para intentar frenar la expansi\u00f3n de la epidemia, y ya es posible la descarga de la nueva app tambi\u00e9n en Euskadi\u201d, valoran fuentes de su Gobierno. La Junta de Castilla y Le\u00f3n, donde empez\u00f3 en pruebas el pasado martes, ha criticado \u201cla demora\u201d con la que se ha trabajado desde el Gobierno para implementar el sistema.<\/p>\n<p class=\"\" style=\"text-align: justify;\">La Comunidad Valenciana prev\u00e9 incorporarse la pr\u00f3xima semana a Radar Covid, a la espera de estudiar su efectividad e impacto en sus 1.000 rastreadores. \u201cLa Generalitat decidir\u00e1 cu\u00e1ndo y c\u00f3mo se implanta\u201d, ha alegado la consejera de Sanidad, Ana Barcel\u00f3. Algo similar sucede con la Comunidad de Madrid, que se limita a anunciar que implantar\u00e1 \u201cen breve\u201d y \u201cde manera progresiva\u201d Radar Covid, y que primero desarrollar\u00e1 \u201cun proyecto piloto\u201d.<\/p>\n<p class=\"\" style=\"text-align: justify;\">Catalu\u00f1a espera incorporarse en unos 15 d\u00edas, coincidiendo con la vuelta al curso escolar. El Govern trabaja para que la aplicaci\u00f3n genere directamente una cita cuando d\u00e9 alarma por posible contagio y agilice los tr\u00e1mites para hacer la PCR. Y Extremadura comenzar\u00e1 a implantar la aplicaci\u00f3n a mediados de esta semana, seg\u00fan fuentes de su Consejer\u00eda de Sanidad y Servicios Sociales.<\/p>\n<p class=\"\" style=\"text-align: justify;\">Con informaci\u00f3n de <b>Luc\u00eda Boh\u00f3rquez,<\/b> <b>Josep Cat\u00e1, Juan Navarro, Virginia Vadillo y Cristina V\u00e1zquez.<\/b><\/p>\n<section class=\"link_list inset | background_gray_ultra_light margin_bottom_lg \">\n<h3 class=\"title | color_gray_ultra_dark font_secondary uppercase\">Buscando la privacidad<\/h3>\n<p style=\"text-align: justify;\">Dado que la eficacia depende de su uso generalizado entre la poblaci\u00f3n, la necesaria descarga masiva genera dudas. \u201cApostar por un sistema descentralizado ha disipado las dudas de los usuarios recelosos de su privacidad, pero aun as\u00ed a la gente le cuesta cre\u00e9rselo. Si no llegamos a 8 \u00f3 10 millones de descargas, la utilidad ser\u00e1 escasa\u201d, vaticina Santiago Garc\u00eda, director general de Transformaci\u00f3n Digital y Relaciones con los usuarios del Gobierno c\u00e1ntabro. Desde Andaluc\u00eda Ignacio Lage, responsable de desarrollo de software y proyectos del SAS, ensalza: \u201cLa protecci\u00f3n del anonimato est\u00e1 bien pensada. No existe trazabilidad para que se la baje mucha gente, es fundamental que no te pide datos (\u2026) Adem\u00e1s, es poco intrusiva, ocupa poco espacio, no tiene muchas pantallas y se come poca bater\u00eda<\/p>\n<\/section>\n<p style=\"text-align: justify;\"><span class=\"a_aut | margin_bottom uppercase flex align_items_center margin_right\"><a class=\"a_aut_n | color_black\" title=\"Ver todas las noticias de Javier Mart\u00edn-Arroyo\" href=\"https:\/\/elpais.com\/autor\/javier-martin-arroyo\/\">Javier Mart\u00edn-Arroyo<\/a><\/span><\/p>\n<div class=\"row\">\n<div class=\"f_c | border_1 border_bottom border_gray_ultra_light_warm padding_vertical text_align_right color_gray_medium  width_full\">FOTO: Un m\u00f3vil con Radar Covid. En v\u00eddeo: as\u00ed funciona la aplicaci\u00f3n. <span class=\"f_a | color_black uppercase author light\">FOTO: GEMA GARCIA \/ V\u00cdDEO: OLIVIA L. BUENO<\/span><\/div>\n<\/div>\n<div>https:\/\/elpais.com\/tecnologia\/2020-08-31\/asi-va-la-implantacion-de-radar-covid-en-las-comunidades-autonomas.html<\/div>\n<\/div>\n<\/div>\n","protected":false},"excerpt":{"rendered":"<p>La app se puede descargar en toda Espa\u00f1a, aunque para que est\u00e9 plenamente operativa ha&#8230;<\/p>\n","protected":false},"author":1,"featured_media":41560,"comment_status":"closed","ping_status":"closed","sticky":false,"template":"","format":"standard","meta":{"_coblocks_attr":"","_coblocks_dimensions":"","_coblocks_responsive_height":"","_coblocks_accordion_ie_support":"","jetpack_post_was_ever_published":false,"_jetpack_newsletter_access":"","_jetpack_dont_email_post_to_subs":false,"_jetpack_newsletter_tier_id":0,"_jetpack_memberships_contains_paywalled_content":false,"_jetpack_memberships_contains_paid_content":false,"footnotes":"","jetpack_publicize_message":"","jetpack_publicize_feature_enabled":true,"jetpack_social_post_already_shared":false,"jetpack_social_options":{"image_generator_settings":{"template":"highway","default_image_id":0,"enabled":false},"version":2}},"categories":[1161,7149,44,15],"tags":[6368,7021,779],"class_list":["post-41559","post","type-post","status-publish","format-standard","has-post-thumbnail","hentry","category-ciudadania","category-coronavirus","category-noticias-de-hoy","category-ultimas-noticias","tag-aplicacion","tag-coronavirus","tag-radar"],"jetpack_publicize_connections":[],"jetpack_featured_media_url":"https:\/\/i0.wp.com\/miradordeatarfe.es\/wp-content\/uploads\/2020\/09\/3HHGCETVNVGSHESENFTZBUWIX4.jpg?fit=1500%2C844&ssl=1","jetpack_likes_enabled":true,"jetpack_sharing_enabled":true,"_links":{"self":[{"href":"https:\/\/miradordeatarfe.es\/index.php?rest_route=\/wp\/v2\/posts\/41559","targetHints":{"allow":["GET"]}}],"collection":[{"href":"https:\/\/miradordeatarfe.es\/index.php?rest_route=\/wp\/v2\/posts"}],"about":[{"href":"https:\/\/miradordeatarfe.es\/index.php?rest_route=\/wp\/v2\/types\/post"}],"author":[{"embeddable":true,"href":"https:\/\/miradordeatarfe.es\/index.php?rest_route=\/wp\/v2\/users\/1"}],"replies":[{"embeddable":true,"href":"https:\/\/miradordeatarfe.es\/index.php?rest_route=%2Fwp%2Fv2%2Fcomments&post=41559"}],"version-history":[{"count":1,"href":"https:\/\/miradordeatarfe.es\/index.php?rest_route=\/wp\/v2\/posts\/41559\/revisions"}],"predecessor-version":[{"id":41561,"href":"https:\/\/miradordeatarfe.es\/index.php?rest_route=\/wp\/v2\/posts\/41559\/revisions\/41561"}],"wp:featuredmedia":[{"embeddable":true,"href":"https:\/\/miradordeatarfe.es\/index.php?rest_route=\/wp\/v2\/media\/41560"}],"wp:attachment":[{"href":"https:\/\/miradordeatarfe.es\/index.php?rest_route=%2Fwp%2Fv2%2Fmedia&parent=41559"}],"wp:term":[{"taxonomy":"category","embeddable":true,"href":"https:\/\/miradordeatarfe.es\/index.php?rest_route=%2Fwp%2Fv2%2Fcategories&post=41559"},{"taxonomy":"post_tag","embeddable":true,"href":"https:\/\/miradordeatarfe.es\/index.php?rest_route=%2Fwp%2Fv2%2Ftags&post=41559"}],"curies":[{"name":"wp","href":"https:\/\/api.w.org\/{rel}","templated":true}]}}