{"id":41562,"date":"2020-09-03T09:12:15","date_gmt":"2020-09-03T07:12:15","guid":{"rendered":"http:\/\/miradordeatarfe.es\/?p=41562"},"modified":"2020-09-02T17:16:25","modified_gmt":"2020-09-02T15:16:25","slug":"que-novedades-trae-la-ampliacion-de-ayudas-a-los-autonomos","status":"publish","type":"post","link":"https:\/\/miradordeatarfe.es\/?p=41562","title":{"rendered":"\u00bfQu\u00e9 novedades trae la ampliaci\u00f3n de ayudas a los aut\u00f3nomos?"},"content":{"rendered":"<h3 class=\"a_st font_primary color_gray_dark \" style=\"text-align: justify;\">Las medidas para paliar los efectos de la ca\u00edda en la facturaci\u00f3n a causa de la crisis sanitaria entre los trabajadores por cuenta propia se ampl\u00edan hasta el 30 de septiembre<\/h3>\n<p class=\"\" style=\"text-align: justify;\">Nueve de cada diez aut\u00f3nomos afirman que su facturaci\u00f3n disminuir\u00e1 en 2020 y m\u00e1s de 300.000, en torno al 9%, tiene previsto echar el cierre antes de que comience 2021, de acuerdo con una encuesta de la Federaci\u00f3n Nacional de Asociaciones de Trabajadores Aut\u00f3nomos (ATA) realizada en junio.<\/p>\n<p class=\"\" style=\"text-align: justify;\">El colectivo, que representa el 80% del tejido empresarial espa\u00f1ol, se enfrenta a un a\u00f1o dif\u00edcil en el que <a href=\"https:\/\/estardondeestes.com\/movi\/es\/articulos\/como-reducir-gastos-para-reactivar-tu-negocio\" target=\"_blank\" rel=\"noopener noreferrer\" data-link-track-dtm=\"\">los gastos<\/a> han continuado, pero los ingresos se han despe\u00f1ado o, incluso, paralizado durante varios meses.<\/p>\n<p class=\"\" style=\"text-align: justify;\">Para suavizar la situaci\u00f3n, el Gobierno acord\u00f3 con diversas asociaciones de aut\u00f3nomos <a href=\"https:\/\/estardondeestes.com\/movi\/es\/articulos\/autonomos-manual-de-ayuda-con-las-ultimas-novedades-de-cada-comunidad\" target=\"_blank\" rel=\"noopener noreferrer\" data-link-track-dtm=\"\">medidas de apoyo<\/a> que estuvieron vigentes hasta el 30 de junio, entre ellas, el aplazamiento del pago de <a href=\"https:\/\/estardondeestes.com\/movi\/es\/articulos\/moratoria-de-cuotas-a-la-seguridad-social-estas-son-las-actividades-economicas-que-podran-beneficiarse\" target=\"_blank\" rel=\"noopener noreferrer\" data-link-track-dtm=\"\">impuestos sin intereses<\/a>, el cobro del paro por cese de actividad, una <a href=\"https:\/\/estardondeestes.com\/movi\/es\/articulos\/moratoria---hipotecaria-todo-lo-que-hay-que-saber\" target=\"_blank\" rel=\"noopener noreferrer\" data-link-track-dtm=\"\">moratoria de hipotecas<\/a> y alquileres o el acceso al bono social el\u00e9ctrico. Ahora se abre un plazo nuevo de subvenciones, que entr\u00f3 en vigor el 1 de julio y que se extiende hasta el 30 de septiembre, aunque con distintas novedades que har\u00e1n variar las medidas extraordinarias aplicadas hasta ahora.<\/p>\n<p class=\"\" style=\"text-align: justify;\">Las medidas v\u00e1lidas hasta el 30 de junio iban dirigidas a <a href=\"https:\/\/estardondeestes.com\/movi\/es\/articulos\/covid-19-preguntas-y-respuestas-de-las-medidas-del-gobierno-para-empresas-y-autonomos\" target=\"_blank\" rel=\"noopener noreferrer\" data-link-track-dtm=\"\">aut\u00f3nomos<\/a> cuyos ingresos se redujeran en, al menos, un 75%. Casi 1,5 millones de los m\u00e1s de 3,2 millones que hay en Espa\u00f1a se han beneficiado de ellas, seg\u00fan datos de ATA, esencialmente de los sectores del comercio, la hosteler\u00eda y la construcci\u00f3n, lo que ha supuesto un desembolso de m\u00e1s de 3.700 millones de euros. Las comunidades aut\u00f3nomas con mayor n\u00famero de receptores han sido Andaluc\u00eda, Catalu\u00f1a y Madrid, seg\u00fan datos del Ministerio de Trabajo.<\/p>\n<p class=\"\" style=\"text-align: justify;\">El nuevo decreto, disponible hasta el 30 de septiembre, mantiene el pago por cese de actividad y el resto de las ayudas sociales, como la moratoria del pago de la hipoteca para los aut\u00f3nomos que hayan perdido un 40 % de su facturaci\u00f3n, la moratoria en el pago de suministros y la de alquileres, en caso de que el arrendador sea un gran tenedor, para aquellos hogares en situaci\u00f3n de vulnerabilidad econ\u00f3mica.<\/p>\n<p class=\"\" style=\"text-align: justify;\">ATA afirma que algo menos del 12% de los aut\u00f3nomos se ha beneficiado de estas ayudas sociales. \u201cEl problema es que para optar a ellas hab\u00eda que causar baja censal en la Agencia Tributaria. Una circunstancia que conllevaba la p\u00e9rdida de titularidad del <a href=\"https:\/\/estardondeestes.com\/movi\/es\/articulos\/y-ahora-que-hago-con-el-alquiler-de-mi-negocio\" target=\"_blank\" rel=\"noopener noreferrer\" data-link-track-dtm=\"\">alquiler<\/a>, por ejemplo, lo que lo hac\u00eda inviable\u201d, aclaran desde ATA.<\/p>\n<h3 class=\"font_secondary color_gray_ultra_dark\" style=\"text-align: justify;\">En qu\u00e9 consisten las nuevas prestaciones<\/h3>\n<p class=\"\" style=\"text-align: justify;\">Podr\u00e1n acceder a esta ampliaci\u00f3n de ayudas los trabajadores aut\u00f3nomos que prev\u00e9n una reducci\u00f3n de sus ingresos del 75% o m\u00e1s durante el tercer trimestre respecto al mismo periodo del a\u00f1o anterior, siempre que sus ingresos mensuales netos no superen 1,5 veces el salario m\u00ednimo interprofesional (SMI), es decir, los 1.425 euros. \u201cLa documentaci\u00f3n para demostrar la bajada en la facturaci\u00f3n se presentar\u00e1 al final de este trimestre, pero si no se cumplen los requisitos, ser\u00e1 obligatoria la devoluci\u00f3n\u201d, apostilla la Celia Ferrero desde ATA.<\/p>\n<p class=\"\" style=\"text-align: justify;\">En esta nueva prestaci\u00f3n, los aut\u00f3nomos (tanto los nuevos como los que prorrogan el subsidio) que puedan beneficiarse de ella cobrar\u00e1n el 70% de su base reguladora y la cuota de cotizaci\u00f3n se bonificar\u00e1 al 100%.<\/p>\n<p class=\"\" style=\"text-align: justify;\">En esta ocasi\u00f3n hay nuevos requisitos. El aut\u00f3nomo debe haber cotizado al menos 12 meses con anterioridad a su solicitud (no era as\u00ed en el anterior paquete de medidas, en el que bastaba demostrar la ca\u00edda de ingresos o el cierre del negocio por el estado de alarma) y no podr\u00e1n pedirla los aut\u00f3nomos con tarifa plana (pago mensual de 60 euros), \u201cporque en esta cuota no est\u00e1 incluida la aportaci\u00f3n por cese de negocio\u201d, se\u00f1ala Ferrero.<\/p>\n<p class=\"\" style=\"text-align: justify;\">En el caso de dejar de cobrar la prestaci\u00f3n, se podr\u00e1 acceder a una bonificaci\u00f3n de la cuota de aut\u00f3nomos de la Seguridad Social que va del 100% en la del mes de julio al 50% en la de agosto y del 25% en la de septiembre.<\/p>\n<p class=\"\" style=\"text-align: justify;\">Otra de las novedades de este nuevo decreto de medidas es la inclusi\u00f3n de los aut\u00f3nomos de temporada (unos 700.000 en nuestro pa\u00eds), con actividades ligadas sobre todo al verano como m\u00fasicos o feriantes, entre otros, que se hab\u00edan quedado fuera del anterior paquete. Estos trabajadores tienen derecho al cobro del 70% de su base reguladora durante cuatro meses, siempre que en los ejercicios de 2018 y 2019 hayan estado dados de alta al menos 120 d\u00edas cada a\u00f1o. \u201cSe hab\u00eda excluido a un colectivo muy importante vinculado al verano que el 14 de marzo no estaba cotizando, requisito indispensable para solicitar la prestaci\u00f3n anterior\u201d, explica Celia Ferrero, vicepresidenta de ATA.<\/p>\n<p class=\"\" style=\"text-align: justify;\">\u201cValoramos positivamente estas ayudas, aunque haya aut\u00f3nomos que se han quedado fuera. Para ellos estamos buscando soluciones. Por otro lado, ha habido inseguridad jur\u00eddica y falta de claridad, por ejemplo, con la forma de parar la prestaci\u00f3n. En este nuevo decreto, el aut\u00f3nomo puede solicitar dejar de cobrarla, pero no as\u00ed en el anterior, en el que no se articul\u00f3 un mecanismo de salida. Hay 2.000 aut\u00f3nomos que volvieron al trabajo y solicitaron la suspensi\u00f3n de la misma. Ahora se les pide la devoluci\u00f3n de lo cobrado durante el estado de alarma y no solo desde el momento de la salida\u201d, apunta Celia Ferrero.<\/p>\n<h3 class=\"font_secondary color_gray_ultra_dark\" style=\"text-align: justify;\">Ayudas auton\u00f3micas y locales<\/h3>\n<p class=\"\" style=\"text-align: justify;\">Adem\u00e1s de las prestaciones del Gobierno, las comunidades aut\u00f3nomas y los Ayuntamientos han puesto en marcha proyectos de ayuda a los <a href=\"https:\/\/estardondeestes.com\/movi\/es\/articulos\/autonomos-manual-de-ayuda-con-las-ultimas-novedades-de-cada-comunidad\" target=\"_blank\" rel=\"noopener noreferrer\" data-link-track-dtm=\"\">aut\u00f3nomos<\/a>. Los requisitos y las cuant\u00edas establecidos durante la vigencia del estado de alarma, en principio, se prorrogan durante los pr\u00f3ximos meses, siempre y cuando queden fondos.<\/p>\n<p class=\"\" style=\"text-align: justify;\">Las ayudas pueden consultarse en las p\u00e1ginas web de cada comunidad y Ayuntamiento. \u201cSeguro que en este nuevo trimestre se anuncian nuevas medidas. Ahora estas instituciones est\u00e1n valorando y estudiando la situaci\u00f3n\u201d, explica Ferrero.<\/p>\n<section class=\"link_list inset | background_gray_ultra_light margin_bottom_lg \">\n<h3 class=\"title | color_gray_ultra_dark font_secondary uppercase\">Los ERTE tambi\u00e9n se ampl\u00edan<\/h3>\n<p>M\u00e1s de 2,6 millones de trabajadores estuvieron sujetos a un <a href=\"https:\/\/estardondeestes.com\/movi\/es\/articulos\/todo-lo-que-debes-saber-sobre-el-erte-\" data-link-track-dtm=\"\">expediente temporal de regulaci\u00f3n de empleo (ERTE)<\/a> durante los meses m\u00e1s duros del confinamiento, seg\u00fan los datos facilitados por las distintas comunidades aut\u00f3nomas. En junio salieron de esta situaci\u00f3n 1,1 millones de personas, de acuerdo con las cifras publicadas por el Servicio P\u00fablico de Empleo Estatal (SEPE).<\/p>\n<p><em>Los ERTE tambi\u00e9n ampl\u00edan su plazo hasta el 30 de septiembre con los siguientes cambios:<\/em><\/p>\n<p><em>\u2022 Se mantienen los de fuerza mayor total para las empresas que siguen cerradas, aunque ya puedan abrir, pero no lo hacen porque supondr\u00eda p\u00e9rdidas econ\u00f3micas importantes (caso de muchos hoteles, restaurantes o locales de ocio nocturno). Se les aplicar\u00e1 una exenci\u00f3n en las cotizaciones empresariales del 70% en julio, del 60% en agosto y del 35% en septiembre en el caso de empresas con menos de 50 trabajadores. Para las de m\u00e1s de 50 empleados, la exoneraci\u00f3n de cuotas ser\u00e1 del 50% en julio, del 40% en agosto y del 25% en septiembre.<\/em><\/p>\n<p><em>\u2022 Se ampl\u00edan los ERTE de fuerza mayor parcial, que son para aquellas empresas que han recuperado parte de sus trabajadores y se mantienen las exoneraciones de cuota.<\/em><\/p>\n<p><em>\u2022 Tambi\u00e9n se mantienen los de causas objetivas (que no han recuperado sus trabajadores por causas t\u00e9cnicas, organizativas, econ\u00f3micas o de producci\u00f3n). En estos ERTE se introduce la novedad de que cuentan con exenciones de cuotas, equivalentes a las de fuerza mayor parcial.<\/em><\/p>\n<\/section>\n<p style=\"text-align: justify;\">\u00a0<\/p>\n<p><span class=\"a_aut | margin_bottom uppercase flex align_items_center margin_right\"><a class=\"a_aut_n | color_black\" title=\"Ver todas las noticias de Pilar Calleja\" href=\"https:\/\/elpais.com\/autor\/pilar-calleja-garcia\/\">Pilar Calleja<\/a><\/span><\/p>\n","protected":false},"excerpt":{"rendered":"<p>Las medidas para paliar los efectos de la ca\u00edda en la facturaci\u00f3n a causa de&#8230;<\/p>\n","protected":false},"author":1,"featured_media":41563,"comment_status":"closed","ping_status":"closed","sticky":false,"template":"","format":"standard","meta":{"_coblocks_attr":"","_coblocks_dimensions":"","_coblocks_responsive_height":"","_coblocks_accordion_ie_support":"","jetpack_post_was_ever_published":false,"_jetpack_newsletter_access":"","_jetpack_dont_email_post_to_subs":false,"_jetpack_newsletter_tier_id":0,"_jetpack_memberships_contains_paywalled_content":false,"_jetpack_memberships_contains_paid_content":false,"footnotes":"","jetpack_publicize_message":"","jetpack_publicize_feature_enabled":true,"jetpack_social_post_already_shared":false,"jetpack_social_options":{"image_generator_settings":{"template":"highway","default_image_id":0,"enabled":false},"version":2}},"categories":[1161,7149,44,15],"tags":[266,1228,901],"class_list":["post-41562","post","type-post","status-publish","format-standard","has-post-thumbnail","hentry","category-ciudadania","category-coronavirus","category-noticias-de-hoy","category-ultimas-noticias","tag-autonomos","tag-ayudas","tag-beneficios"],"jetpack_publicize_connections":[],"jetpack_featured_media_url":"https:\/\/i0.wp.com\/miradordeatarfe.es\/wp-content\/uploads\/2020\/09\/REUYKNRG6FGTJKQMT2JR6WMQJ4.jpg?fit=1500%2C1001&ssl=1","jetpack_likes_enabled":true,"jetpack_sharing_enabled":true,"_links":{"self":[{"href":"https:\/\/miradordeatarfe.es\/index.php?rest_route=\/wp\/v2\/posts\/41562","targetHints":{"allow":["GET"]}}],"collection":[{"href":"https:\/\/miradordeatarfe.es\/index.php?rest_route=\/wp\/v2\/posts"}],"about":[{"href":"https:\/\/miradordeatarfe.es\/index.php?rest_route=\/wp\/v2\/types\/post"}],"author":[{"embeddable":true,"href":"https:\/\/miradordeatarfe.es\/index.php?rest_route=\/wp\/v2\/users\/1"}],"replies":[{"embeddable":true,"href":"https:\/\/miradordeatarfe.es\/index.php?rest_route=%2Fwp%2Fv2%2Fcomments&post=41562"}],"version-history":[{"count":1,"href":"https:\/\/miradordeatarfe.es\/index.php?rest_route=\/wp\/v2\/posts\/41562\/revisions"}],"predecessor-version":[{"id":41564,"href":"https:\/\/miradordeatarfe.es\/index.php?rest_route=\/wp\/v2\/posts\/41562\/revisions\/41564"}],"wp:featuredmedia":[{"embeddable":true,"href":"https:\/\/miradordeatarfe.es\/index.php?rest_route=\/wp\/v2\/media\/41563"}],"wp:attachment":[{"href":"https:\/\/miradordeatarfe.es\/index.php?rest_route=%2Fwp%2Fv2%2Fmedia&parent=41562"}],"wp:term":[{"taxonomy":"category","embeddable":true,"href":"https:\/\/miradordeatarfe.es\/index.php?rest_route=%2Fwp%2Fv2%2Fcategories&post=41562"},{"taxonomy":"post_tag","embeddable":true,"href":"https:\/\/miradordeatarfe.es\/index.php?rest_route=%2Fwp%2Fv2%2Ftags&post=41562"}],"curies":[{"name":"wp","href":"https:\/\/api.w.org\/{rel}","templated":true}]}}