{"id":41570,"date":"2020-09-05T09:28:18","date_gmt":"2020-09-05T07:28:18","guid":{"rendered":"http:\/\/miradordeatarfe.es\/?p=41570"},"modified":"2020-09-02T18:10:38","modified_gmt":"2020-09-02T16:10:38","slug":"siempre-nos-enteramos-de-quienes-son-los-mejores-en-selectividad-pero-nunca-de-los-mejores-en-mecanica-o-peluqueria","status":"publish","type":"post","link":"https:\/\/miradordeatarfe.es\/?p=41570","title":{"rendered":"Siempre nos enteramos de qui\u00e9nes son los mejores en Selectividad, pero nunca de los mejores en mec\u00e1nica o peluquer\u00eda"},"content":{"rendered":"<h3 style=\"text-align: justify;\">Buenas, soy Emilio Calatayud. Esta reflexi\u00f3n no se me ocurri\u00f3 a m\u00ed. Me la inspir\u00f3 una lectora del blog que llamaba la atenci\u00f3n sobre el hecho de que las instituciones, caso de los ayuntamientos, se volcasen con homenajes a \u201d\u00a0a los chicos y chicas que han obtenido las notas m\u00e1s altas en Selectividad\u201d.<\/h3>\n<p style=\"text-align: justify;\">Y se preguntaba a rengl\u00f3n seguido: \u201c\u00bfAcaso un chico o chica que haya obtenido un 6 \u00f3 7 de nota final en esta prueba no tiene igualmente una gran val\u00eda acad\u00e9mica y personal? Creo que esta sociedad mide la val\u00eda de las personas por par\u00e1metros equivocados\u201d.<\/p>\n<p style=\"text-align: justify;\">Lo cierto es que no le faltaba raz\u00f3n a esta amiga. Pero, claro, tambi\u00e9n hay que premiar eso que llaman la excelencia, se supone que para que sirva de ejemplo para los que son t\u00edmidos para los estudios. No tengo una postura clara, pero es un dilema interesante.<\/p>\n<p style=\"text-align: justify;\">Lo que no entiendo es que siempre nos enteremos de qui\u00e9nes son los mejores de la Selectividad, pero nunca de qui\u00e9nes son los mejores estudiantes de mec\u00e1nica de coches o peluquer\u00eda. Los primeros salen en las noticias y los segundos, no. \u00bfPor qu\u00e9? Siempre estamos con que hay que prestigiar la Formaci\u00f3n Profesional, pues ese no es el camino. Yo, que conden\u00e9 a un chaval a cortarme el pelo, quiero saberlo.<\/p>\n<p style=\"text-align: justify;\">EMILIO CALATAYUD<\/p>\n<blockquote class=\"wp-embedded-content\" data-secret=\"zlBbNnwoNC\"><p><a href=\"https:\/\/www.granadablogs.com\/juezcalatayud\/2020\/08\/siempre-nos-enteramos-de-quienes-son-los-mejores-en-selectividad-pero-nunca-de-los-mejores-en-mecanica-o-peluqueria\/\">Siempre nos enteramos de qui\u00e9nes son los mejores en Selectividad, pero nunca de los mejores en mec\u00e1nica o peluquer\u00eda<\/a><\/p><\/blockquote>\n<p><iframe loading=\"lazy\" class=\"wp-embedded-content\" sandbox=\"allow-scripts\" security=\"restricted\" style=\"position: absolute; visibility: hidden;\" title=\"\u00abSiempre nos enteramos de qui\u00e9nes son los mejores en Selectividad, pero nunca de los mejores en mec\u00e1nica o peluquer\u00eda\u00bb \u2014 Emilio Calatayud\" src=\"https:\/\/www.granadablogs.com\/juezcalatayud\/2020\/08\/siempre-nos-enteramos-de-quienes-son-los-mejores-en-selectividad-pero-nunca-de-los-mejores-en-mecanica-o-peluqueria\/embed\/#?secret=ucrh3NG4Ei#?secret=zlBbNnwoNC\" data-secret=\"zlBbNnwoNC\" width=\"600\" height=\"338\" frameborder=\"0\" marginwidth=\"0\" marginheight=\"0\" scrolling=\"no\"><\/iframe><\/p>\n<div class=\"entry-meta entry-header-meta\">\u00a0<\/div>\n","protected":false},"excerpt":{"rendered":"<p>Buenas, soy Emilio Calatayud. Esta reflexi\u00f3n no se me ocurri\u00f3 a m\u00ed. Me la inspir\u00f3&#8230;<\/p>\n","protected":false},"author":1,"featured_media":41571,"comment_status":"closed","ping_status":"closed","sticky":false,"template":"","format":"standard","meta":{"_coblocks_attr":"","_coblocks_dimensions":"","_coblocks_responsive_height":"","_coblocks_accordion_ie_support":"","jetpack_post_was_ever_published":false,"_jetpack_newsletter_access":"","_jetpack_dont_email_post_to_subs":false,"_jetpack_newsletter_tier_id":0,"_jetpack_memberships_contains_paywalled_content":false,"_jetpack_memberships_contains_paid_content":false,"footnotes":"","jetpack_publicize_message":"","jetpack_publicize_feature_enabled":true,"jetpack_social_post_already_shared":false,"jetpack_social_options":{"image_generator_settings":{"template":"highway","default_image_id":0,"enabled":false},"version":2}},"categories":[1161,44,6937,15],"tags":[995,7580,7579],"class_list":["post-41570","post","type-post","status-publish","format-standard","has-post-thumbnail","hentry","category-ciudadania","category-noticias-de-hoy","category-sociedad","category-ultimas-noticias","tag-alumnado","tag-expedientes","tag-mejores"],"jetpack_publicize_connections":[],"jetpack_featured_media_url":"https:\/\/i0.wp.com\/miradordeatarfe.es\/wp-content\/uploads\/2020\/09\/Emil-nueva-dos-644x429-1.jpg?fit=644%2C429&ssl=1","jetpack_likes_enabled":true,"jetpack_sharing_enabled":true,"_links":{"self":[{"href":"https:\/\/miradordeatarfe.es\/index.php?rest_route=\/wp\/v2\/posts\/41570","targetHints":{"allow":["GET"]}}],"collection":[{"href":"https:\/\/miradordeatarfe.es\/index.php?rest_route=\/wp\/v2\/posts"}],"about":[{"href":"https:\/\/miradordeatarfe.es\/index.php?rest_route=\/wp\/v2\/types\/post"}],"author":[{"embeddable":true,"href":"https:\/\/miradordeatarfe.es\/index.php?rest_route=\/wp\/v2\/users\/1"}],"replies":[{"embeddable":true,"href":"https:\/\/miradordeatarfe.es\/index.php?rest_route=%2Fwp%2Fv2%2Fcomments&post=41570"}],"version-history":[{"count":1,"href":"https:\/\/miradordeatarfe.es\/index.php?rest_route=\/wp\/v2\/posts\/41570\/revisions"}],"predecessor-version":[{"id":41572,"href":"https:\/\/miradordeatarfe.es\/index.php?rest_route=\/wp\/v2\/posts\/41570\/revisions\/41572"}],"wp:featuredmedia":[{"embeddable":true,"href":"https:\/\/miradordeatarfe.es\/index.php?rest_route=\/wp\/v2\/media\/41571"}],"wp:attachment":[{"href":"https:\/\/miradordeatarfe.es\/index.php?rest_route=%2Fwp%2Fv2%2Fmedia&parent=41570"}],"wp:term":[{"taxonomy":"category","embeddable":true,"href":"https:\/\/miradordeatarfe.es\/index.php?rest_route=%2Fwp%2Fv2%2Fcategories&post=41570"},{"taxonomy":"post_tag","embeddable":true,"href":"https:\/\/miradordeatarfe.es\/index.php?rest_route=%2Fwp%2Fv2%2Ftags&post=41570"}],"curies":[{"name":"wp","href":"https:\/\/api.w.org\/{rel}","templated":true}]}}