{"id":41585,"date":"2020-09-07T09:45:24","date_gmt":"2020-09-07T07:45:24","guid":{"rendered":"http:\/\/miradordeatarfe.es\/?p=41585"},"modified":"2020-09-03T12:48:22","modified_gmt":"2020-09-03T10:48:22","slug":"tatgranada-vuelve-en-octubre","status":"publish","type":"post","link":"https:\/\/miradordeatarfe.es\/?p=41585","title":{"rendered":"#TATGranada vuelve en octubre"},"content":{"rendered":"<h3>La octava edici\u00f3n, aplazada por la pandemia, se celebrar\u00e1 los d\u00edas 15 y 16 de octubre en el Parque de las Ciencias<\/h3>\n<div class=\"voc-detail voc-detail-grid\" data-voc-share-selection=\"\">\n<p>La octava edici\u00f3n de #TATGranada, prevista inicialmente para los d\u00edas 23 y 24 de abril, tuvo que aplazarse por la pandemia. Pero el congreso sobre Twitter m\u00e1s importante del mundo no faltar\u00e1 a su cita anual. <strong>Lo har\u00e1 el 15 y 16 de octubre, en el Parque de las Ciencias<\/strong>, con un programa que mantendr\u00e1 en esencia el anunciado originalmente y que incorporar\u00e1 alguna ponencia sobre temas de actualidad. El evento combinar\u00e1 charlas presenciales con alguna intervenci\u00f3n online, obligada por las limitaciones de movilidad que a\u00fan imperan a nivel internacional. El aforo estar\u00e1 limitado para mantener las medidas de prevenci\u00f3n y distanciamiento.<\/p>\n<p>Por el escenario del Parque de las Ciencias de Granada han pasado ya cerca de 300 ponentes y tuiteros de relevancia en la historia de Talking About Twitter, <strong>el \u00fanico evento del mundo centrado \u00fanicamente en las experiencias y los usos de esta red social<\/strong>.<\/p>\n<p>#TATGranada es &#8216;<strong>influencia<\/strong>&#8216;. En las siete ediciones anteriores han participado personalidades como el premio nobel Joseph Stiglitz; el actual presidente del Gobierno espa\u00f1ol, Pedro S\u00e1nchez; el l\u00edder de la oposici\u00f3n, Pablo Casado; el ministro de Ciencia, Innovaci\u00f3n y Universidades, Pedro Duque; l\u00edderes latinoamericanos como Antonio Ledezma y Lilian Tintori; o el anterior CEO de Twitter, Dick Costolo. Tambi\u00e9n visit\u00f3 el escenario de #TATGranada el actual CEO de la compa\u00f1\u00eda, Jack Dorsey, que quiso asistir al montaje en directo del congreso. Tambi\u00e9n representantes del mundo de la cultura, el periodismo o el deporte. Un aluvi\u00f3n de caras conocidas que ha convertido a #TATGranada en la cita del a\u00f1o ineludible para los tuiteros m\u00e1s influyentes.<\/p>\n<p>#TATGranada <strong>mantendr\u00e1 su esquema habitual<\/strong>, con ponencias y mesas redondas sobre temas de actualidad y buenos usos de Twitter, adem\u00e1s de contar con la participaci\u00f3n de la propia compa\u00f1\u00eda. Este a\u00f1o incorporar\u00e1 peque\u00f1as exposiciones pr\u00e1cticas, que pretenden que los asistentes se lleven un conocimiento adquirido. Inicialmente se contemplaron como peque\u00f1os talleres previa inscripci\u00f3n pero, finalmente, se trasladar\u00e1n al plenario para mantener un \u00fanico escenario y evitar la movilidad.<\/p>\n<\/div>\n<p><a class=\"voc-author\" title=\"QUICO CHIRINO\">QUICO CHIRINO <\/a><\/p>\n","protected":false},"excerpt":{"rendered":"<p>La octava edici\u00f3n, aplazada por la pandemia, se celebrar\u00e1 los d\u00edas 15 y 16 de&#8230;<\/p>\n","protected":false},"author":1,"featured_media":41586,"comment_status":"closed","ping_status":"closed","sticky":false,"template":"","format":"standard","meta":{"_coblocks_attr":"","_coblocks_dimensions":"","_coblocks_responsive_height":"","_coblocks_accordion_ie_support":"","jetpack_post_was_ever_published":false,"_jetpack_newsletter_access":"","_jetpack_dont_email_post_to_subs":false,"_jetpack_newsletter_tier_id":0,"_jetpack_memberships_contains_paywalled_content":false,"_jetpack_memberships_contains_paid_content":false,"footnotes":"","jetpack_publicize_message":"","jetpack_publicize_feature_enabled":true,"jetpack_social_post_already_shared":false,"jetpack_social_options":{"image_generator_settings":{"template":"highway","default_image_id":0,"enabled":false},"version":2}},"categories":[44,6920,15],"tags":[133,3981],"class_list":["post-41585","post","type-post","status-publish","format-standard","has-post-thumbnail","hentry","category-noticias-de-hoy","category-tecnologia","category-ultimas-noticias","tag-parque-de-las-ciencias","tag-tat-granada"],"jetpack_publicize_connections":[],"jetpack_featured_media_url":"https:\/\/i0.wp.com\/miradordeatarfe.es\/wp-content\/uploads\/2020\/09\/tat-granada-kSkD-U120780457372zE-624x385%40Ideal.jpeg?fit=624%2C385&ssl=1","jetpack_likes_enabled":true,"jetpack_sharing_enabled":true,"_links":{"self":[{"href":"https:\/\/miradordeatarfe.es\/index.php?rest_route=\/wp\/v2\/posts\/41585","targetHints":{"allow":["GET"]}}],"collection":[{"href":"https:\/\/miradordeatarfe.es\/index.php?rest_route=\/wp\/v2\/posts"}],"about":[{"href":"https:\/\/miradordeatarfe.es\/index.php?rest_route=\/wp\/v2\/types\/post"}],"author":[{"embeddable":true,"href":"https:\/\/miradordeatarfe.es\/index.php?rest_route=\/wp\/v2\/users\/1"}],"replies":[{"embeddable":true,"href":"https:\/\/miradordeatarfe.es\/index.php?rest_route=%2Fwp%2Fv2%2Fcomments&post=41585"}],"version-history":[{"count":1,"href":"https:\/\/miradordeatarfe.es\/index.php?rest_route=\/wp\/v2\/posts\/41585\/revisions"}],"predecessor-version":[{"id":41587,"href":"https:\/\/miradordeatarfe.es\/index.php?rest_route=\/wp\/v2\/posts\/41585\/revisions\/41587"}],"wp:featuredmedia":[{"embeddable":true,"href":"https:\/\/miradordeatarfe.es\/index.php?rest_route=\/wp\/v2\/media\/41586"}],"wp:attachment":[{"href":"https:\/\/miradordeatarfe.es\/index.php?rest_route=%2Fwp%2Fv2%2Fmedia&parent=41585"}],"wp:term":[{"taxonomy":"category","embeddable":true,"href":"https:\/\/miradordeatarfe.es\/index.php?rest_route=%2Fwp%2Fv2%2Fcategories&post=41585"},{"taxonomy":"post_tag","embeddable":true,"href":"https:\/\/miradordeatarfe.es\/index.php?rest_route=%2Fwp%2Fv2%2Ftags&post=41585"}],"curies":[{"name":"wp","href":"https:\/\/api.w.org\/{rel}","templated":true}]}}