{"id":41596,"date":"2020-09-10T11:30:06","date_gmt":"2020-09-10T09:30:06","guid":{"rendered":"http:\/\/miradordeatarfe.es\/?p=41596"},"modified":"2020-09-07T10:50:23","modified_gmt":"2020-09-07T08:50:23","slug":"falco-grupo-ecologista-de-atarfe","status":"publish","type":"post","link":"https:\/\/miradordeatarfe.es\/?p=41596","title":{"rendered":"\u00abFALCO\u00bb GRUPO ECOLOGISTA DE ATARFE EN LOS A\u00d1OS 80"},"content":{"rendered":"<h3>EN LOS A\u00d1OS\u00a0 OCHENTA UN GRUPO DE JOVENES CREO EL GRUPO ECOLOGISTA<em><strong> \u00abFALCO\u00bb<\/strong> <\/em>QUE EXPUSO SUS PREOCUPACIONES, EN LA REVISTA QUE EL CONCEJAL DE CULTURA REALIZ\u00d3 CON MOTIVO DE LA IV SEMANA CULTURAL DEL AYUNTAMIENTO DE ATARFE.<\/h3>\n<p>LA PRESENTACION DE LA REVISTA QUE ESTABA DEDICADA AL MEDIO AMBIENTE SE DECIA:<\/p>\n<p><em>Vamos a celebrar la IV Semana Cultural y como ver\u00e9is en su programaci\u00f3n, va dedicada a nuestro meio ambiente. No es una intenci\u00f3n prefabricada sini creada por la aportaci\u00f3n de todos y todas las instituciones que la han programado.<\/em><\/p>\n<p><em>Coincide con el a\u00f1o internacional del Medio Ambiente lo cual no justifica para que desde estas lineas pidamos una mayor conciencia del respeto y cuidado, que desde instituciones pol\u00edticas , edicativas as\u00ed como desde nuestra conciencia ciudadana debemos tener.<\/em><\/p>\n<p><em>Hay que poseer un pozo para apreciar el valor del agua.. Hay que plantar un \u00e1rbol para dudar antes de abatir otro&#8230;Hay que vivir en un desierto para apreciar el frescor y el bienestar de nuestra naturaleza.<\/em><\/p>\n<p><em>Hagamos nestro entorno m\u00e1s agradable y luchemos por todo aquello que lo destruye.<\/em><\/p>\n<p>Manuel Codina Valero<\/p>\n<p>( Concejal de Cultura)<\/p>\n<p>Y la aportaci\u00f3n del grupo ecologista en la revista fue esta:<\/p>\n<p>&nbsp;<\/p>\n<p><a href=\"https:\/\/i0.wp.com\/miradordeatarfe.es\/wp-content\/uploads\/2020\/09\/FALCO3-scaled.jpg?ssl=1\"><img data-recalc-dims=\"1\" loading=\"lazy\" decoding=\"async\" class=\"alignnone wp-image-41598 \" src=\"https:\/\/i0.wp.com\/miradordeatarfe.es\/wp-content\/uploads\/2020\/09\/FALCO3-scaled.jpg?resize=640%2C997&#038;ssl=1\" alt=\"\" width=\"640\" height=\"997\" srcset=\"https:\/\/i0.wp.com\/miradordeatarfe.es\/wp-content\/uploads\/2020\/09\/FALCO3-scaled.jpg?w=1643&amp;ssl=1 1643w, https:\/\/i0.wp.com\/miradordeatarfe.es\/wp-content\/uploads\/2020\/09\/FALCO3-scaled.jpg?resize=193%2C300&amp;ssl=1 193w, https:\/\/i0.wp.com\/miradordeatarfe.es\/wp-content\/uploads\/2020\/09\/FALCO3-scaled.jpg?resize=657%2C1024&amp;ssl=1 657w, https:\/\/i0.wp.com\/miradordeatarfe.es\/wp-content\/uploads\/2020\/09\/FALCO3-scaled.jpg?resize=768%2C1197&amp;ssl=1 768w, https:\/\/i0.wp.com\/miradordeatarfe.es\/wp-content\/uploads\/2020\/09\/FALCO3-scaled.jpg?resize=600%2C935&amp;ssl=1 600w, https:\/\/i0.wp.com\/miradordeatarfe.es\/wp-content\/uploads\/2020\/09\/FALCO3-scaled.jpg?resize=986%2C1536&amp;ssl=1 986w, https:\/\/i0.wp.com\/miradordeatarfe.es\/wp-content\/uploads\/2020\/09\/FALCO3-scaled.jpg?resize=1314%2C2048&amp;ssl=1 1314w, https:\/\/i0.wp.com\/miradordeatarfe.es\/wp-content\/uploads\/2020\/09\/FALCO3-scaled.jpg?resize=1320%2C2057&amp;ssl=1 1320w\" sizes=\"auto, (max-width: 640px) 100vw, 640px\" \/><\/a><\/p>\n<p><a href=\"https:\/\/i0.wp.com\/miradordeatarfe.es\/wp-content\/uploads\/2020\/09\/FALCO4-scaled.jpg?ssl=1\"><img data-recalc-dims=\"1\" loading=\"lazy\" decoding=\"async\" class=\"alignnone wp-image-41599 size-full\" src=\"https:\/\/i0.wp.com\/miradordeatarfe.es\/wp-content\/uploads\/2020\/09\/FALCO4-scaled.jpg?resize=640%2C1011&#038;ssl=1\" alt=\"\" width=\"640\" height=\"1011\" srcset=\"https:\/\/i0.wp.com\/miradordeatarfe.es\/wp-content\/uploads\/2020\/09\/FALCO4-scaled.jpg?w=1621&amp;ssl=1 1621w, https:\/\/i0.wp.com\/miradordeatarfe.es\/wp-content\/uploads\/2020\/09\/FALCO4-scaled.jpg?resize=190%2C300&amp;ssl=1 190w, https:\/\/i0.wp.com\/miradordeatarfe.es\/wp-content\/uploads\/2020\/09\/FALCO4-scaled.jpg?resize=648%2C1024&amp;ssl=1 648w, https:\/\/i0.wp.com\/miradordeatarfe.es\/wp-content\/uploads\/2020\/09\/FALCO4-scaled.jpg?resize=768%2C1213&amp;ssl=1 768w, https:\/\/i0.wp.com\/miradordeatarfe.es\/wp-content\/uploads\/2020\/09\/FALCO4-scaled.jpg?resize=600%2C948&amp;ssl=1 600w, https:\/\/i0.wp.com\/miradordeatarfe.es\/wp-content\/uploads\/2020\/09\/FALCO4-scaled.jpg?resize=972%2C1536&amp;ssl=1 972w, https:\/\/i0.wp.com\/miradordeatarfe.es\/wp-content\/uploads\/2020\/09\/FALCO4-scaled.jpg?resize=1297%2C2048&amp;ssl=1 1297w, https:\/\/i0.wp.com\/miradordeatarfe.es\/wp-content\/uploads\/2020\/09\/FALCO4-scaled.jpg?resize=1320%2C2085&amp;ssl=1 1320w\" sizes=\"auto, (max-width: 640px) 100vw, 640px\" \/><\/a><\/p>\n<p>NOTA: ES ESCRITO ORIGINAL DE LA REVISTA EDITADA EN 1987 <\/p>\n<p>FOTO: ANAGRAMA DEL GRUPO<\/p>\n","protected":false},"excerpt":{"rendered":"<p>EN LOS A\u00d1OS\u00a0 OCHENTA UN GRUPO DE JOVENES CREO EL GRUPO ECOLOGISTA \u00abFALCO\u00bb QUE EXPUSO&#8230;<\/p>\n","protected":false},"author":1,"featured_media":41600,"comment_status":"closed","ping_status":"closed","sticky":false,"template":"","format":"standard","meta":{"_coblocks_attr":"","_coblocks_dimensions":"","_coblocks_responsive_height":"","_coblocks_accordion_ie_support":"","jetpack_post_was_ever_published":false,"_jetpack_newsletter_access":"","_jetpack_dont_email_post_to_subs":false,"_jetpack_newsletter_tier_id":0,"_jetpack_memberships_contains_paywalled_content":false,"_jetpack_memberships_contains_paid_content":false,"footnotes":"","jetpack_publicize_message":"","jetpack_publicize_feature_enabled":true,"jetpack_social_post_already_shared":false,"jetpack_social_options":{"image_generator_settings":{"template":"highway","default_image_id":0,"enabled":false},"version":2}},"categories":[6916,1161,9,44,15],"tags":[81,7583],"class_list":["post-41596","post","type-post","status-publish","format-standard","has-post-thumbnail","hentry","category-ayuntamiento-de-atarfe","category-ciudadania","category-medio-ambiente","category-noticias-de-hoy","category-ultimas-noticias","tag-atarfe","tag-ecologismo"],"jetpack_publicize_connections":[],"jetpack_featured_media_url":"https:\/\/i0.wp.com\/miradordeatarfe.es\/wp-content\/uploads\/2020\/09\/FALCO5.png?fit=365%2C180&ssl=1","jetpack_likes_enabled":true,"jetpack_sharing_enabled":true,"_links":{"self":[{"href":"https:\/\/miradordeatarfe.es\/index.php?rest_route=\/wp\/v2\/posts\/41596","targetHints":{"allow":["GET"]}}],"collection":[{"href":"https:\/\/miradordeatarfe.es\/index.php?rest_route=\/wp\/v2\/posts"}],"about":[{"href":"https:\/\/miradordeatarfe.es\/index.php?rest_route=\/wp\/v2\/types\/post"}],"author":[{"embeddable":true,"href":"https:\/\/miradordeatarfe.es\/index.php?rest_route=\/wp\/v2\/users\/1"}],"replies":[{"embeddable":true,"href":"https:\/\/miradordeatarfe.es\/index.php?rest_route=%2Fwp%2Fv2%2Fcomments&post=41596"}],"version-history":[{"count":4,"href":"https:\/\/miradordeatarfe.es\/index.php?rest_route=\/wp\/v2\/posts\/41596\/revisions"}],"predecessor-version":[{"id":41604,"href":"https:\/\/miradordeatarfe.es\/index.php?rest_route=\/wp\/v2\/posts\/41596\/revisions\/41604"}],"wp:featuredmedia":[{"embeddable":true,"href":"https:\/\/miradordeatarfe.es\/index.php?rest_route=\/wp\/v2\/media\/41600"}],"wp:attachment":[{"href":"https:\/\/miradordeatarfe.es\/index.php?rest_route=%2Fwp%2Fv2%2Fmedia&parent=41596"}],"wp:term":[{"taxonomy":"category","embeddable":true,"href":"https:\/\/miradordeatarfe.es\/index.php?rest_route=%2Fwp%2Fv2%2Fcategories&post=41596"},{"taxonomy":"post_tag","embeddable":true,"href":"https:\/\/miradordeatarfe.es\/index.php?rest_route=%2Fwp%2Fv2%2Ftags&post=41596"}],"curies":[{"name":"wp","href":"https:\/\/api.w.org\/{rel}","templated":true}]}}