{"id":41608,"date":"2020-09-07T11:10:03","date_gmt":"2020-09-07T09:10:03","guid":{"rendered":"http:\/\/miradordeatarfe.es\/?p=41608"},"modified":"2020-09-07T11:06:03","modified_gmt":"2020-09-07T09:06:03","slug":"en-recuerdo-y-homenaje-a-los-emigrantes-atarfenos-por-francisco-l-rajoy","status":"publish","type":"post","link":"https:\/\/miradordeatarfe.es\/?p=41608","title":{"rendered":"\u00abEN RECUERDO Y HOMENAJE A LOS EMIGRANTES ATARFE\u00d1OS\u00bb por Francisco L. Rajoy"},"content":{"rendered":"<h3>En este art\u00edculo, dedico mi homenaje m\u00e1s entra\u00f1able, a los miles de atarfe\u00f1os que al igual que yo, un d\u00eda nos vimos obligados por las circunstancias de la vida a abandonar nuestro hogar, nuestras calles, nuestros olivos, nuestra sierra, nuestra vega y nuestras eras.<\/h3>\n<p style=\"text-align: justify;\">En resumen, nuestro entorno natural y m\u00e1s querido. Con el paso de los a\u00f1os, unos volvieron con la frente marchita como cantaba Carlos Gardel, otros hemos ido y viniendo, no soy de aqu\u00ed ni soy de all\u00e1 como cantaba Alberto Cortez y los menos afortunados murieron lejos con la nostalgia de su Atarfe querida envuelta como sudario.<\/p>\n<p style=\"text-align: justify;\">Cuando decidimos marchar, no llegamos a pensar que en esta vida no existen para\u00edsos perdidos y que, absolutamente por todo, siempre hay que pagar un peaje bastante caro.<\/p>\n<p style=\"text-align: justify;\">Tal vez, si lo hubi\u00e9ramos pensado, o siendo generosos, lo hubi\u00e9ramos sabido, nuestra decisi\u00f3n hubiera sido otra. Pero esta vida no concede segundas oportunidades y una vez iniciado el camino, ya no hay vuelta atr\u00e1s.<\/p>\n<p style=\"text-align: justify;\">\u00a0<b>Aquellos cantos de sirenas.<\/b><\/p>\n<p style=\"text-align: justify;\">En alg\u00fan art\u00edculo anterior, describ\u00ed cual era la situaci\u00f3n econ\u00f3mica y social de aquella d\u00e9cada de los 60 y principios de los 70. Hab\u00eda gente que trabajaba en las f\u00e1bricas, otra que lo hac\u00eda en el campo y otros que lo hac\u00edan en el sector servicios. Independientemente de la situaci\u00f3n pol\u00edtica, y al igual que ha ocurrido siempre a lo largo de la historia, los ciclos econ\u00f3micos han marcado la pauta de \u00e9pocas de bonanza y los de crisis. Y esos ciclos se han reflejado en el bienestar y malestar social. Es cierto que aquellos a\u00f1os fueron complicados, pero la gente iba <a href=\"https:\/\/i0.wp.com\/miradordeatarfe.es\/wp-content\/uploads\/2020\/09\/MONUMENTO-A-LOS-EMIGRANTES-GRANADA-450x450-2.jpg?ssl=1\"><img data-recalc-dims=\"1\" loading=\"lazy\" decoding=\"async\" class=\"wp-image-41609 size-full alignleft\" src=\"https:\/\/i0.wp.com\/miradordeatarfe.es\/wp-content\/uploads\/2020\/09\/MONUMENTO-A-LOS-EMIGRANTES-GRANADA-450x450-2.jpg?resize=272%2C324&#038;ssl=1\" alt=\"\" width=\"272\" height=\"324\" srcset=\"https:\/\/i0.wp.com\/miradordeatarfe.es\/wp-content\/uploads\/2020\/09\/MONUMENTO-A-LOS-EMIGRANTES-GRANADA-450x450-2.jpg?w=272&amp;ssl=1 272w, https:\/\/i0.wp.com\/miradordeatarfe.es\/wp-content\/uploads\/2020\/09\/MONUMENTO-A-LOS-EMIGRANTES-GRANADA-450x450-2.jpg?resize=252%2C300&amp;ssl=1 252w\" sizes=\"auto, (max-width: 272px) 100vw, 272px\" \/><\/a>saliendo a flote. Pero hubo gente que quiso cambiar su suerte y la alternativa que se lo ocurri\u00f3, en vez de agotar otras posibilidades, fue emigrar al extranjero o bien al interior de Espa\u00f1a en aquellas regiones m\u00e1s potentes econ\u00f3micamente en industrias y servicios (Madrid, Pa\u00eds Vasco, Catalu\u00f1a, Baleares y Canarias). Siempre he considerado que Andaluc\u00eda y el resto de las comunidades econ\u00f3micamente m\u00e1s desfavorecidas, han sido el granero o el almac\u00e9n de mano de obra que han servido para ayudar y engrandecer a las m\u00e1s favorecidas y mencionadas anteriormente. Lo mismo se puede decir de los pa\u00edses extranjeros (Francia, Alemania, Inglaterra, Suiza).<\/p>\n<p style=\"text-align: justify;\">No obstante, analizar el fen\u00f3meno migratorio, sus causas y sus efectos es un proceso muy complejo y amplio que no ha lugar el tratarlo en este art\u00edculo.<\/p>\n<p style=\"text-align: justify;\">\u00a0Me interesa centrarme en esa otra realidad m\u00e1s cruda y dura, de la que nadie quiere hablar por no reconocer el error, el fracaso y la frustraci\u00f3n que engendran los sue\u00f1os rotos. Esos cantos de sirenas que te arrastran un d\u00eda a abandonar tu hogar y tu tierra, creyendo que en otros lugares vas a encontrar la Arcadia, cuando los para\u00edsos, en el supuesto que existan, no est\u00e1n en esta tierra.<\/p>\n<p style=\"text-align: justify;\">La cara oculta de la luna de la migraci\u00f3n, no es la que se ve desde la perspectiva personal del que no la ha experimentado y sufrido. Si le preguntas a alguien que haya sido o sea emigrante y tenga la dignidad de serte leal, en resumen, te dir\u00e1: \u201cPara este viaje no necesit\u00e1bamos estas alforjas\u201d. En esta vida, nada es lo que parece y nadie es quien dice ser.<\/p>\n<p style=\"text-align: justify;\">Posiblemente, nadie te habr\u00e1 dicho, que cuando te vas a trabajar a otro sitio, y hablo con conocimiento de causa, aunque por fortuna no ha sido mi caso, vas a realizar los trabajos m\u00e1s duros y menos gratificantes. Vas a vivir en guetos, maquillados con el nombre de barrios obreros o extrarradio, que no suena tan desagradable. Si vives en otra ciudad, espa\u00f1ola o extranjera, donde se hable otro idioma o dialecto, la discriminaci\u00f3n se acent\u00faa. Aunque intentes integrarte, vas a sufrir el rechazo por el mero hecho de no ser nativo. Si a eso le a\u00f1ades, como consecuencia de lo antes expuesto, la sensaci\u00f3n de sentirte s\u00f3lo y la nostalgia permanente, ya tienes el retrato robot del emigrante.<\/p>\n<p style=\"text-align: justify;\"><b>Y al final del camino, \u00bfqu\u00e9?<\/b><\/p>\n<p style=\"text-align: justify;\">\u00a0Cuando uno llega al final de su vida y se da cuenta que todo es nada y miras hacia atr\u00e1s, sin rencor y serenidad, te das cuenta de que, tu vida, como la vida de la mayor\u00eda de la gente, no es m\u00e1s que la en\u00e9sima autobiograf\u00eda de un fracaso. Ahora, no sirve de nada plantearse lo que pudo haber sido y no fue. Lo \u00fanico cierto y evidente es que el peaje o el tributo pagado por dejar tu hogar y tu tierra, ha sido excesivamente caro.\u00a0\u00a0\u00a0<\/p>\n<p><strong>EL VUELO DE LA GOLONDRINA<\/strong><br \/>\nFue en un amanecer de primavera,<br \/>\ncuando de su sue\u00f1o despertaba la Vega.<br \/>\nBatir de alas en las hojas de la alameda.<br \/>\nLa golondrina alz\u00f3 el vuelo,<br \/>\nen sus ojos l\u00e1grimas de pena.<br \/>\nEnvuelto de azul tristeza el cielo,<br \/>\nfue mudo testigo de su adi\u00f3s<br \/>\na los Olivares, las Eras y la Sierra.<br \/>\nUna fina daga, atraves\u00f3<br \/>\nel coraz\u00f3n de la primavera.<br \/>\nAtr\u00e1s, la golondrina dej\u00f3<br \/>\nsu vida y su nido,<br \/>\nsu ayer, su ma\u00f1ana y su hoy,<br \/>\ndonde no mora el olvido<br \/>\ny que all\u00e1 donde voy,<br \/>\nme recuerda lo que soy y he sido.<br \/>\nFue en un amanecer de primavera,<br \/>\ncuando de su sue\u00f1o la mar despierta.<br \/>\nUna metamorfosis extra\u00f1a,<br \/>\nen gaviota a la golondrina cambia.<br \/>\nEn silencio, llora de pena la luz del alba<br \/>\ny su soledad la corriente del mar arrastra.<br \/>\nGaviota sin alma, gaviota blanca<br \/>\nque, atravesando el mar azul,<br \/>\nmi coraz\u00f3n dej\u00f3, en la Bah\u00eda de Palma.<\/p>\n<p>&nbsp;<\/p>\n<p>FOTO: MONUMENTO A LOS EMIGRANTES DE OTRO ATARFE\u00d1O : BALBINO MONTIANO<\/p>\n","protected":false},"excerpt":{"rendered":"<p>En este art\u00edculo, dedico mi homenaje m\u00e1s entra\u00f1able, a los miles de atarfe\u00f1os que al&#8230;<\/p>\n","protected":false},"author":1,"featured_media":41612,"comment_status":"closed","ping_status":"closed","sticky":false,"template":"","format":"standard","meta":{"_coblocks_attr":"","_coblocks_dimensions":"","_coblocks_responsive_height":"","_coblocks_accordion_ie_support":"","jetpack_post_was_ever_published":false,"_jetpack_newsletter_access":"","_jetpack_dont_email_post_to_subs":false,"_jetpack_newsletter_tier_id":0,"_jetpack_memberships_contains_paywalled_content":false,"_jetpack_memberships_contains_paid_content":false,"footnotes":"","jetpack_publicize_message":"","jetpack_publicize_feature_enabled":true,"jetpack_social_post_already_shared":false,"jetpack_social_options":{"image_generator_settings":{"template":"highway","default_image_id":0,"enabled":false},"version":2}},"categories":[2,7167,44,6539,15],"tags":[81,969,5207],"class_list":["post-41608","post","type-post","status-publish","format-standard","has-post-thumbnail","hentry","category-atarfe","category-opinion-de-fco-luis-rajoy","category-noticias-de-hoy","category-personajes-de-ataref","category-ultimas-noticias","tag-atarfe","tag-emigracion","tag-escultura-emigrante"],"jetpack_publicize_connections":[],"jetpack_featured_media_url":"https:\/\/i0.wp.com\/miradordeatarfe.es\/wp-content\/uploads\/2020\/09\/certificado-emigrante-retornado.jpg?fit=1200%2C600&ssl=1","jetpack_likes_enabled":true,"jetpack_sharing_enabled":true,"_links":{"self":[{"href":"https:\/\/miradordeatarfe.es\/index.php?rest_route=\/wp\/v2\/posts\/41608","targetHints":{"allow":["GET"]}}],"collection":[{"href":"https:\/\/miradordeatarfe.es\/index.php?rest_route=\/wp\/v2\/posts"}],"about":[{"href":"https:\/\/miradordeatarfe.es\/index.php?rest_route=\/wp\/v2\/types\/post"}],"author":[{"embeddable":true,"href":"https:\/\/miradordeatarfe.es\/index.php?rest_route=\/wp\/v2\/users\/1"}],"replies":[{"embeddable":true,"href":"https:\/\/miradordeatarfe.es\/index.php?rest_route=%2Fwp%2Fv2%2Fcomments&post=41608"}],"version-history":[{"count":3,"href":"https:\/\/miradordeatarfe.es\/index.php?rest_route=\/wp\/v2\/posts\/41608\/revisions"}],"predecessor-version":[{"id":41613,"href":"https:\/\/miradordeatarfe.es\/index.php?rest_route=\/wp\/v2\/posts\/41608\/revisions\/41613"}],"wp:featuredmedia":[{"embeddable":true,"href":"https:\/\/miradordeatarfe.es\/index.php?rest_route=\/wp\/v2\/media\/41612"}],"wp:attachment":[{"href":"https:\/\/miradordeatarfe.es\/index.php?rest_route=%2Fwp%2Fv2%2Fmedia&parent=41608"}],"wp:term":[{"taxonomy":"category","embeddable":true,"href":"https:\/\/miradordeatarfe.es\/index.php?rest_route=%2Fwp%2Fv2%2Fcategories&post=41608"},{"taxonomy":"post_tag","embeddable":true,"href":"https:\/\/miradordeatarfe.es\/index.php?rest_route=%2Fwp%2Fv2%2Ftags&post=41608"}],"curies":[{"name":"wp","href":"https:\/\/api.w.org\/{rel}","templated":true}]}}