{"id":41614,"date":"2020-09-08T11:40:41","date_gmt":"2020-09-08T09:40:41","guid":{"rendered":"http:\/\/miradordeatarfe.es\/?p=41614"},"modified":"2020-09-08T13:59:43","modified_gmt":"2020-09-08T11:59:43","slug":"volver-a-las-aulas-por-remedios-sanchez","status":"publish","type":"post","link":"https:\/\/miradordeatarfe.es\/?p=41614","title":{"rendered":"\u00abVOLVER A LAS AULAS\u00bb por  Remedios S\u00e1nchez"},"content":{"rendered":"<h3 align=\"JUSTIFY\"><span style=\"font-family: Times New Roman, serif;\"><span style=\"font-size: medium;\"><span lang=\"es-ES\"> Estaban los pol\u00edticos tan relajados, gobernando Espa\u00f1a desde un chiringuito y pensando que septiembre quedaba all\u00e1, lejos en el tiempo, cuando se les ha venido encima el inicio del curso escolar.<\/span><\/span><\/span><\/h3>\n<p align=\"JUSTIFY\"><span style=\"font-family: Times New Roman, serif;\"><span style=\"font-size: medium;\"><span lang=\"es-ES\"> Y claro, llegada la situaci\u00f3n en que hay que tomar medidas, reformular el modelo de educaci\u00f3n en un pa\u00eds que, como en media Europa los contagios no cesan, se les ha ocurrido en el \u00faltimo minuto qui\u00e9nes van a tener que buscar soluciones al problema y responsabilizarse de la situaci\u00f3n: los docentes. Ahora ya nos ha quedado m\u00e1s claro a qui\u00e9nes van a culpar cuando esa idea de la presencialidad sin medios imprescindibles sea inviable.<\/span><\/span><\/span><\/p>\n<p align=\"JUSTIFY\"><span style=\"font-family: Times New Roman, serif;\"><span style=\"font-size: medium;\"><span lang=\"es-ES\">Porque \u00bfqui\u00e9n mejor que un maestro de lengua para organizar un aula COVID para esta nueva normalidad? \u00bfQui\u00e9n mejor para establecer que haya menos alumnos por aula que el profesor de dibujo? Nadie, claro. Como dice S\u00e1nchez esto no se puede convertir en una lucha partidista y tiene raz\u00f3n. Estamos ante una lucha de inacci\u00f3n m\u00faltiple, que es otra cosa, bien entendido que la ministra Cela\u00e1 ni est\u00e1 ni se la espera. Aqu\u00ed, la verdad del asunto en la que se ha dejado solos a los docentes con unas aulas que no son el\u00e1sticas y por lo tanto no se pueden estirar para guardar las distancias de metro y medio o para acoger el n\u00famero de alumnos que se plantea en cada clase. Porque la ratio no ha bajado, ni se han construido (de junio hasta ahora) espacios complementarios en los centros para impartir docencia, ni se van a aumentar suficientemente las plantillas para desdoblar grupos y que desciendan las posibilidades de infectarse. Nada. Eso implica esfuerzo, invertir en educaci\u00f3n seriamente, algo que hace d\u00e9cadas que no sucede por estos lares. Que se busquen la vida los docentes y que Dios los ampare, especialmente si residen en Madrid y dependen de D\u00edaz-Ayuso.<\/span><\/span><\/span><\/p>\n<p align=\"JUSTIFY\"><span style=\"font-family: Times New Roman, serif;\"><span style=\"font-size: medium;\"><span lang=\"es-ES\">Lo cual que, si en marzo dejaron a los sanitarios solos ante el peligro y sin medios, ahora viene el turno de los docentes, a los que, en el protocolo enviado la semana pasada, se les pide que prioricen la docencia al aire libre (o que dejen las ventanas abiertas al menos) y que mantengan la m\u00e1xima higiene. En el invierno leridano, turolense o aragon\u00e9s, con la nieve de fondo, la cosa tiene su aquel, porque si los nenes tienen suerte y no se contagian del COVID-19 pueden coger una pulmon\u00eda con id\u00e9ntico resultado: saturaci\u00f3n de los servicios sanitarios. <\/span><\/span><\/span><\/p>\n<p align=\"JUSTIFY\"><span style=\"font-family: Times New Roman, serif;\"><span style=\"font-size: medium;\"><span lang=\"es-ES\">Desconozco si los se\u00f1ores (y se\u00f1oras) del coche oficial se han planteado esta posibilidad mientras se inventaban ese sintagma tan curioso que denominan \u201cnueva normalidad\u201d, si se han dado cuenta de que estamos jugando a la ruleta rusa con las nuevas generaciones. El resultado, pr\u00f3ximamente en los noticiarios y las portadas de los peri\u00f3dicos: que se usa la escuela como banco de pruebas para valorar confinamientos selectivos m\u00faltiples. Mientras, todos nos piden serenidad y resulta curioso porque se antoja dif\u00edcil mantener la calma cuando se evidencia que no hay nadie serio anticip\u00e1ndose al caos que se avecina.<\/span><\/span><\/span><\/p>\n","protected":false},"excerpt":{"rendered":"<p>Estaban los pol\u00edticos tan relajados, gobernando Espa\u00f1a desde un chiringuito y pensando que septiembre quedaba&#8230;<\/p>\n","protected":false},"author":1,"featured_media":41615,"comment_status":"closed","ping_status":"closed","sticky":false,"template":"","format":"standard","meta":{"_coblocks_attr":"","_coblocks_dimensions":"","_coblocks_responsive_height":"","_coblocks_accordion_ie_support":"","jetpack_post_was_ever_published":false,"_jetpack_newsletter_access":"","_jetpack_dont_email_post_to_subs":false,"_jetpack_newsletter_tier_id":0,"_jetpack_memberships_contains_paywalled_content":false,"_jetpack_memberships_contains_paid_content":false,"footnotes":"","jetpack_publicize_message":"","jetpack_publicize_feature_enabled":true,"jetpack_social_post_already_shared":false,"jetpack_social_options":{"image_generator_settings":{"template":"highway","default_image_id":0,"enabled":false},"version":2}},"categories":[187,7149,44,6914,15],"tags":[882,7585,417,4114],"class_list":["post-41614","post","type-post","status-publish","format-standard","has-post-thumbnail","hentry","category-centros-educativos","category-coronavirus","category-noticias-de-hoy","category-opinion-de-reme-sanchez","category-ultimas-noticias","tag-maestros","tag-nuevo-curso-escolar","tag-politicos","tag-profesionales"],"jetpack_publicize_connections":[],"jetpack_featured_media_url":"https:\/\/i0.wp.com\/miradordeatarfe.es\/wp-content\/uploads\/2020\/09\/1383002_1.jpg?fit=1200%2C734&ssl=1","jetpack_likes_enabled":true,"jetpack_sharing_enabled":true,"_links":{"self":[{"href":"https:\/\/miradordeatarfe.es\/index.php?rest_route=\/wp\/v2\/posts\/41614","targetHints":{"allow":["GET"]}}],"collection":[{"href":"https:\/\/miradordeatarfe.es\/index.php?rest_route=\/wp\/v2\/posts"}],"about":[{"href":"https:\/\/miradordeatarfe.es\/index.php?rest_route=\/wp\/v2\/types\/post"}],"author":[{"embeddable":true,"href":"https:\/\/miradordeatarfe.es\/index.php?rest_route=\/wp\/v2\/users\/1"}],"replies":[{"embeddable":true,"href":"https:\/\/miradordeatarfe.es\/index.php?rest_route=%2Fwp%2Fv2%2Fcomments&post=41614"}],"version-history":[{"count":1,"href":"https:\/\/miradordeatarfe.es\/index.php?rest_route=\/wp\/v2\/posts\/41614\/revisions"}],"predecessor-version":[{"id":41616,"href":"https:\/\/miradordeatarfe.es\/index.php?rest_route=\/wp\/v2\/posts\/41614\/revisions\/41616"}],"wp:featuredmedia":[{"embeddable":true,"href":"https:\/\/miradordeatarfe.es\/index.php?rest_route=\/wp\/v2\/media\/41615"}],"wp:attachment":[{"href":"https:\/\/miradordeatarfe.es\/index.php?rest_route=%2Fwp%2Fv2%2Fmedia&parent=41614"}],"wp:term":[{"taxonomy":"category","embeddable":true,"href":"https:\/\/miradordeatarfe.es\/index.php?rest_route=%2Fwp%2Fv2%2Fcategories&post=41614"},{"taxonomy":"post_tag","embeddable":true,"href":"https:\/\/miradordeatarfe.es\/index.php?rest_route=%2Fwp%2Fv2%2Ftags&post=41614"}],"curies":[{"name":"wp","href":"https:\/\/api.w.org\/{rel}","templated":true}]}}