{"id":41623,"date":"2020-09-08T10:07:14","date_gmt":"2020-09-08T08:07:14","guid":{"rendered":"http:\/\/miradordeatarfe.es\/?p=41623"},"modified":"2020-12-25T17:35:17","modified_gmt":"2020-12-25T16:35:17","slug":"por-un-comienzo-seguro-del-curso-por-jose-vaquero-sanchez","status":"publish","type":"post","link":"https:\/\/miradordeatarfe.es\/?p=41623","title":{"rendered":"\u00abPOR UN COMIENZO SEGURO DEL CURSO\u00bb por Jos\u00e9 Vaquero S\u00e1nchez"},"content":{"rendered":"<p>CARTA QUE ENVIO NUESTRO COLABORADOR A IDEAL Y QUE FUE PUBLICADA <\/p>\n<p>Me publica Ideal una carta en la que opino sobre el inicio del curso escolar. La falta de responsabilidad individual ha hecho que seamos el primer pa\u00eds de Europa en n\u00famero de contagios. La incertidumbre de los padres y de la comunidad educativa es palpable. Creo que las clases no deben comenzar hasta que ese n\u00famero se estabilice y decrezca, pues, pienso que no se pueden asegurar unas m\u00ednimas condiciones sanitarias. A continuaci\u00f3n os inserto la carta<\/p>\n<p>Sr. Director de Ideal: en Ideal de fecha 3\/9\/2020 aparece un art\u00edculo de Juan Santaella titulado \u201cUn comienzo de curso especial\u201d con el que estoy totalmente de acuerdo. La educaci\u00f3n, sobre todo en los niveles de primaria y secundaria, debe ser presencial. Sin embargo, la vuelta a las clases debe ser segura. Observamos como el n\u00famero de contagios avanza sin parar. En otra p\u00e1gina del mismo peri\u00f3dico se informa que el alcalde de Albolote ha pedido a sus vecinos que se confinen de forma voluntaria ante el aumento de casos de contagio. Y lo mismo ocurre en Granada y otros pueblos. Y una causa de ello es la actitud irresponsable de muchos. Por la que estamos pagando, sobre todo los abuelos, una factura demasiado abultada. Algunos de ellos con su vida. Se ve que no han muerto en n\u00famero suficiente y deben morir m\u00e1s. Lamentable. Y, en gran parte, es un problema de educaci\u00f3n. No aprendemos de nuestros errores.<\/p>\n<p>\u00bfSe dan, pues, las condiciones necesarias para que comience el curso? \u00bfSe puede asegurar que en nuestras escuelas e institutos van a darse las condiciones m\u00ednimas de seguridad sanitaria para iniciar las clases sin sobresaltos? \u00bfSe han habilitado nuevos espacios? \u00bfSe puede garantizar la distancia de seguridad? \u00bfSe ha bajado la ratio hasta la proporci\u00f3n necesaria para mantenerla? \u00bfQu\u00e9 medidas de conciliaci\u00f3n familiar se van a adoptar en caso de contagios?<\/p>\n<p>Pienso que, si la respuesta a todas estas preguntas es positiva, deben iniciarse las clases. En cambio, si es negativa, al menos en una pregunta, no deber\u00e1n comenzar hasta que la curva del n\u00famero de contagios se estabilice e inicie su decrecimiento.<\/p>\n","protected":false},"excerpt":{"rendered":"<p>CARTA QUE ENVIO NUESTRO COLABORADOR A IDEAL Y QUE FUE PUBLICADA Me publica Ideal una&#8230;<\/p>\n","protected":false},"author":1,"featured_media":41624,"comment_status":"closed","ping_status":"closed","sticky":false,"template":"","format":"standard","meta":{"_coblocks_attr":"","_coblocks_dimensions":"","_coblocks_responsive_height":"","_coblocks_accordion_ie_support":"","jetpack_post_was_ever_published":false,"_jetpack_newsletter_access":"","_jetpack_dont_email_post_to_subs":false,"_jetpack_newsletter_tier_id":0,"_jetpack_memberships_contains_paywalled_content":false,"_jetpack_memberships_contains_paid_content":false,"footnotes":"","jetpack_publicize_message":"","jetpack_publicize_feature_enabled":true,"jetpack_social_post_already_shared":false,"jetpack_social_options":{"image_generator_settings":{"template":"highway","default_image_id":0,"enabled":false},"version":2}},"categories":[187,1161,7149,7926,44,15],"tags":[7586,3572],"class_list":["post-41623","post","type-post","status-publish","format-standard","has-post-thumbnail","hentry","category-centros-educativos","category-ciudadania","category-coronavirus","category-opinion-de-jose-vaquero","category-noticias-de-hoy","category-ultimas-noticias","tag-curso-escoalr","tag-pandemia"],"jetpack_publicize_connections":[],"jetpack_featured_media_url":"https:\/\/i0.wp.com\/miradordeatarfe.es\/wp-content\/uploads\/2020\/09\/curso-escolar-2020-21.jpg?fit=542%2C343&ssl=1","jetpack_likes_enabled":true,"jetpack_sharing_enabled":true,"_links":{"self":[{"href":"https:\/\/miradordeatarfe.es\/index.php?rest_route=\/wp\/v2\/posts\/41623","targetHints":{"allow":["GET"]}}],"collection":[{"href":"https:\/\/miradordeatarfe.es\/index.php?rest_route=\/wp\/v2\/posts"}],"about":[{"href":"https:\/\/miradordeatarfe.es\/index.php?rest_route=\/wp\/v2\/types\/post"}],"author":[{"embeddable":true,"href":"https:\/\/miradordeatarfe.es\/index.php?rest_route=\/wp\/v2\/users\/1"}],"replies":[{"embeddable":true,"href":"https:\/\/miradordeatarfe.es\/index.php?rest_route=%2Fwp%2Fv2%2Fcomments&post=41623"}],"version-history":[{"count":1,"href":"https:\/\/miradordeatarfe.es\/index.php?rest_route=\/wp\/v2\/posts\/41623\/revisions"}],"predecessor-version":[{"id":41625,"href":"https:\/\/miradordeatarfe.es\/index.php?rest_route=\/wp\/v2\/posts\/41623\/revisions\/41625"}],"wp:featuredmedia":[{"embeddable":true,"href":"https:\/\/miradordeatarfe.es\/index.php?rest_route=\/wp\/v2\/media\/41624"}],"wp:attachment":[{"href":"https:\/\/miradordeatarfe.es\/index.php?rest_route=%2Fwp%2Fv2%2Fmedia&parent=41623"}],"wp:term":[{"taxonomy":"category","embeddable":true,"href":"https:\/\/miradordeatarfe.es\/index.php?rest_route=%2Fwp%2Fv2%2Fcategories&post=41623"},{"taxonomy":"post_tag","embeddable":true,"href":"https:\/\/miradordeatarfe.es\/index.php?rest_route=%2Fwp%2Fv2%2Ftags&post=41623"}],"curies":[{"name":"wp","href":"https:\/\/api.w.org\/{rel}","templated":true}]}}