{"id":41626,"date":"2020-09-10T09:00:41","date_gmt":"2020-09-10T07:00:41","guid":{"rendered":"http:\/\/miradordeatarfe.es\/?p=41626"},"modified":"2020-09-09T10:46:50","modified_gmt":"2020-09-09T08:46:50","slug":"educacion-como-reparar-los-destrozos-1","status":"publish","type":"post","link":"https:\/\/miradordeatarfe.es\/?p=41626","title":{"rendered":"Educaci\u00f3n: c\u00f3mo reparar los destrozos (1)"},"content":{"rendered":"<h3 class=\"a_st font_primary color_gray_dark \" style=\"text-align: justify;\">La escuela p\u00fablica, hoy maltrecha por los efectos de la pandemia, sufre la falta de recursos por los recortes, el abandono escolar y la brecha digital. \u00bfQu\u00e9 se puede hacer para salvar uno de los grandes pilares del Estado de bienestar? Con este especial, EL PA\u00cdS inicia una serie sobre las medidas necesarias para reactivar el Estado de bienestar<\/h3>\n<p class=\"\" style=\"text-align: justify;\">La epidemia m\u00e1s devastadora de los \u00faltimos 100 a\u00f1os ha destapado las insuficiencias del sistema sanitario y las debilidades del sistema educativo en Espa\u00f1a. Tres meses de confinamiento con los servicios p\u00fablicos de salud desbordados como nunca (m\u00e1s de 100.000 ingresos hospitalarios en menos de 100 d\u00edas; m\u00e1s de 45.000 fallecidos en ese tiempo por la Covid-19) y la educaci\u00f3n metida en una pausa incierta (8,2 millones de alumnos y 712.000 profesores encerrados en sus casas a mitad de curso) han agrandado la grieta que sufre desde hace tiempo el Estado de bienestar.<\/p>\n<div id=\"elpais_gpt-MPU1\" class=\"ad-center-rail\" style=\"text-align: justify;\" data-google-query-id=\"CNDI-b7W2-sCFRPqUQodUnAEQQ\">\n<div id=\"google_ads_iframe_7811748\/elpais_web\/especiales\/ideas\/intext_0__container__\">Una comisi\u00f3n del Congreso de los Diputados estudi\u00f3 durante dos meses c\u00f3mo reparar tanto destrozo. Casi todos los expertos defendieron la necesidad de reformar sectores p\u00fablicos estrat\u00e9gicos, antes golpeados por los recortes de la \u00faltima crisis econ\u00f3mica y ahora heridos de gravedad durante lo peor de la pandemia.<\/div>\n<\/div>\n<p class=\"\" style=\"text-align: justify;\">Algunos de los que hablaron llegaron a suplicar unidad pol\u00edtica para garantizar el futuro. Antonio Garamendi, presidente de la patronal CEOE, intervino as\u00ed: \u201cSonroja ver la televisi\u00f3n y comprobar la divisi\u00f3n existente. La estabilidad es la base de la confianza\u201d.<\/p>\n<p class=\"\" style=\"text-align: justify;\">Esa divisi\u00f3n pol\u00edtica hizo que el trabajo parlamentario sobre los problemas del sistema educativo fuera in\u00fatil: <a href=\"https:\/\/elpais.com\/espana\/2020-07-22\/casado-confirma-su-apoyo-para-la-reconstruccion-en-sanidad-y-la-ue-entre-duros-reproches-tras-el-acuerdo-europeo.html\" target=\"_blank\" rel=\"noopener noreferrer\" data-link-track-dtm=\"\">el Congreso rechaz\u00f3 por un estrecho margen<\/a> (175 frente a 172 votos) el dictamen sobre el bloque social que inclu\u00eda medidas para el refuerzo de la ense\u00f1anza.<\/p>\n<p class=\"\" style=\"text-align: justify;\">La inestabilidad pol\u00edtica que vive Espa\u00f1a desde 2015, con Gobiernos minoritarios sin apoyos suficientes, ha impedido hasta ahora cualquier acuerdo para apuntalar los pilares del Estado del bienestar.<\/p>\n<blockquote class=\"quote quote_pull a_q a_q__p | \">\n<div>\u201cLa falta de modernizaci\u00f3n genera una sensaci\u00f3n de agotamiento en los profesores, los alumnos y en la propia sociedad\u201d<\/div>\n<p><cite class=\"a_q_c\">Lucas Gort\u00e1zar, especialista en educaci\u00f3n del Banco Mundial <\/cite><\/p><\/blockquote>\n<p class=\"\" style=\"text-align: justify;\">La escuela espa\u00f1ola, sin embargo, lleva mucho m\u00e1s tiempo en cuesti\u00f3n. Tras los enormes avances que experiment\u00f3 en el \u00faltimo tercio del siglo XX, con \u201cun esfuerzo de expansi\u00f3n educativa brutal\u201d, el especialista en educaci\u00f3n del Banco Mundial, Lucas Gort\u00e1zar, esboza un pedregoso trayecto. Primero, la incorporaci\u00f3n masiva de alumnado extranjero en muy poco tiempo; despu\u00e9s la burbuja econ\u00f3mica y su explosi\u00f3n, la crisis y los recortes que han hecho muy dif\u00edcil poner en marcha una \u201csegunda generaci\u00f3n de reformas\u201d para dar ahora un salto de calidad. \u201cEsa falta de modernizaci\u00f3n genera una sensaci\u00f3n de agotamiento tanto en profesores como alumnos e, incluso, en la propia sociedad. Estamos como bloqueados\u201d, dice Gort\u00e1zar.<\/p>\n<p class=\"\" style=\"text-align: justify;\">En el centro de ese bloqueo est\u00e1 la hist\u00f3rica incapacidad de Espa\u00f1a para lograr amplios acuerdos sociales y pol\u00edticos en este \u00e1mbito. En los \u00faltimos 18 a\u00f1os, Espa\u00f1a ha cambiado tres veces de ley educativa con bronca en las calles y una divisi\u00f3n pol\u00edtica casi absoluta. El Congreso deber\u00e1 abordar en los pr\u00f3ximos meses la tramitaci\u00f3n de una nueva ley que derogue la anterior, aprobada hace solo cuatro a\u00f1os.<\/p>\n<div id=\"elpais_gpt-MPU3\" class=\"ad-center-rail\" style=\"text-align: justify;\" data-google-query-id=\"CPC34PTW2-sCFYWnUQodrIgNXg\">\n<div id=\"google_ads_iframe_7811748\/elpais_web\/especiales\/ideas\/mpu3_0__container__\">\n<p class=\"\">Ahora, cuando la pandemia acaba de dejar en evidencia las verg\u00fcenzas del sistema, la situaci\u00f3n parece m\u00e1s acuciante que nunca. Hasta el gobernador del Banco de Espa\u00f1a, Pablo Hern\u00e1ndez de Cos, preocupado por la deuda y la reforma laboral, situ\u00f3 a la educaci\u00f3n como un sector prioritario sobre el que actuar de urgencia para la reconstrucci\u00f3n del pa\u00eds despu\u00e9s de la pandemia: \u201cHay que reforzar el sistema educativo para asegurar que los alumnos de los hogares de menor renta adquieran las calificaciones necesarias a\u00fan en ausencia de educaci\u00f3n presencial\u201d. Diversos estudios se\u00f1alan que tres meses de cierre en colegios, institutos y universidades dejar\u00e1n secuelas.<\/p>\n<p class=\"\">Es solo uno de los problemas del actual sistema educativo en el que coinciden casi todos los expertos. Pero hay m\u00e1s. ( contiunuar\u00e1)<\/p>\n<\/div>\n<\/div>\n<p style=\"text-align: justify;\">\u00a0<\/p>\n<p><span class=\"a_aut | margin_bottom uppercase flex align_items_center \"><a class=\"a_aut_n | color_black\" title=\"Ver todas las noticias de J. A. Auni\u00f3n\" href=\"https:\/\/elpais.com\/autor\/juan-antonio-aunion\/\">J. A. Auni\u00f3n\u00a0 y \u00a0<\/a><\/span><span class=\"color_gray_medium_lighter margin_right normal\">|<\/span><span class=\"a_aut | margin_bottom uppercase flex align_items_center margin_right\"><a class=\"a_aut_n | color_black\" title=\"Ver todas las noticias de Jos\u00e9 Manuel Romero\" href=\"https:\/\/elpais.com\/autor\/jose-manuel-romero\/\">Jos\u00e9 Manuel Romero<\/a><\/span><\/p>\n<p>https:\/\/elpais.com\/ideas\/2020-09-05\/educacion-como-reparar-los-destrozos.html<\/p>\n","protected":false},"excerpt":{"rendered":"<p>La escuela p\u00fablica, hoy maltrecha por los efectos de la pandemia, sufre la falta de&#8230;<\/p>\n","protected":false},"author":1,"featured_media":41627,"comment_status":"closed","ping_status":"closed","sticky":false,"template":"","format":"standard","meta":{"_coblocks_attr":"","_coblocks_dimensions":"","_coblocks_responsive_height":"","_coblocks_accordion_ie_support":"","jetpack_post_was_ever_published":false,"_jetpack_newsletter_access":"","_jetpack_dont_email_post_to_subs":false,"_jetpack_newsletter_tier_id":0,"_jetpack_memberships_contains_paywalled_content":false,"_jetpack_memberships_contains_paid_content":false,"footnotes":"","jetpack_publicize_message":"","jetpack_publicize_feature_enabled":true,"jetpack_social_post_already_shared":false,"jetpack_social_options":{"image_generator_settings":{"template":"highway","default_image_id":0,"enabled":false},"version":2}},"categories":[187,44,6937,15],"tags":[1511,3952,725,3572],"class_list":["post-41626","post","type-post","status-publish","format-standard","has-post-thumbnail","hentry","category-centros-educativos","category-noticias-de-hoy","category-sociedad","category-ultimas-noticias","tag-congreso","tag-educacion-publica","tag-espana","tag-pandemia"],"jetpack_publicize_connections":[],"jetpack_featured_media_url":"https:\/\/i0.wp.com\/miradordeatarfe.es\/wp-content\/uploads\/2020\/09\/%C3%ADndice.jpg?fit=300%2C168&ssl=1","jetpack_likes_enabled":true,"jetpack_sharing_enabled":true,"_links":{"self":[{"href":"https:\/\/miradordeatarfe.es\/index.php?rest_route=\/wp\/v2\/posts\/41626","targetHints":{"allow":["GET"]}}],"collection":[{"href":"https:\/\/miradordeatarfe.es\/index.php?rest_route=\/wp\/v2\/posts"}],"about":[{"href":"https:\/\/miradordeatarfe.es\/index.php?rest_route=\/wp\/v2\/types\/post"}],"author":[{"embeddable":true,"href":"https:\/\/miradordeatarfe.es\/index.php?rest_route=\/wp\/v2\/users\/1"}],"replies":[{"embeddable":true,"href":"https:\/\/miradordeatarfe.es\/index.php?rest_route=%2Fwp%2Fv2%2Fcomments&post=41626"}],"version-history":[{"count":1,"href":"https:\/\/miradordeatarfe.es\/index.php?rest_route=\/wp\/v2\/posts\/41626\/revisions"}],"predecessor-version":[{"id":41628,"href":"https:\/\/miradordeatarfe.es\/index.php?rest_route=\/wp\/v2\/posts\/41626\/revisions\/41628"}],"wp:featuredmedia":[{"embeddable":true,"href":"https:\/\/miradordeatarfe.es\/index.php?rest_route=\/wp\/v2\/media\/41627"}],"wp:attachment":[{"href":"https:\/\/miradordeatarfe.es\/index.php?rest_route=%2Fwp%2Fv2%2Fmedia&parent=41626"}],"wp:term":[{"taxonomy":"category","embeddable":true,"href":"https:\/\/miradordeatarfe.es\/index.php?rest_route=%2Fwp%2Fv2%2Fcategories&post=41626"},{"taxonomy":"post_tag","embeddable":true,"href":"https:\/\/miradordeatarfe.es\/index.php?rest_route=%2Fwp%2Fv2%2Ftags&post=41626"}],"curies":[{"name":"wp","href":"https:\/\/api.w.org\/{rel}","templated":true}]}}