{"id":41629,"date":"2020-09-10T10:53:49","date_gmt":"2020-09-10T08:53:49","guid":{"rendered":"http:\/\/miradordeatarfe.es\/?p=41629"},"modified":"2020-09-09T10:53:17","modified_gmt":"2020-09-09T08:53:17","slug":"medicos-de-atencion-primaria-la-burocracia-nos-desborda-papeleo-papeleo-papeleo","status":"publish","type":"post","link":"https:\/\/miradordeatarfe.es\/?p=41629","title":{"rendered":"M\u00e9dicos de Atenci\u00f3n Primaria: \u00abLa burocracia nos desborda: papeleo, papeleo, papeleo\u00bb"},"content":{"rendered":"<h3 style=\"text-align: justify;\">M\u00e1s m\u00e9dicos y menos burocracia. El papeleo desborda a los m\u00e9dicos de una atenci\u00f3n primara mermada en el momento en el que los contagios no paran de subir. Partes de baja, partes de alta, peticiones de PCR, peticiones de otras pruebas diagn\u00f3sticas, justificantes para empresas&#8230;<\/h3>\n<p style=\"text-align: justify;\">Es la hora de comer y Marta acaba de terminar su turno de ma\u00f1ana. Hace recuento y confirma que entre pacientes presenciales y consultas telef\u00f3nicas, hoy sido 78. Est\u00e1n al l\u00edmite despu\u00e9s de a\u00f1os, no meses, de una presi\u00f3n asistencial dif\u00edcil de mantener. Pero lo que ya les sobrepasa es la burocracia en la que se sienten atrapados. \u00ab<strong>La burocracia nos desborda, nos sale por las orejas<\/strong>. Es el infierno del papeleo, papeleo y papeleo\u00bb.<\/p>\n<p style=\"text-align: justify;\">Cambio de turno en el centro de salud de Parla en el que trabaja. \u00abNo tiene sentido que en un momento como este, con lo que nos ha golpeado el virus, tarde m\u00e1s en hacer la parte administrativa de un paciente con s\u00edntomas, que en atenderle como m\u00e9dico, no puede ser\u00bb remarca con contundencia otra de las facultativas.<\/p>\n<p style=\"text-align: justify;\">\u00abPod\u00edan haberlo agilizado. <strong>Es incre\u00edble que no se den cuenta lo que nos retrasa el papeleo<\/strong>\u00ab. Y pedir una prueba PCR para un paciente con s\u00edntomas, no es precisamente f\u00e1cil. \u00abTengo que hacer el papel de la prueba, tengo que buscar el d\u00eda que hay un hueco, tengo que citarlo en agenda para que venga ese d\u00eda, citarlo en otra para que vaya al laboratorio\u00bb.<\/p>\n<p style=\"text-align: justify;\">El problema, y son conscientes, es que todo ese tiempo dejan de tenerlo para diagnosticar a sus pacientes, no solo de COVID. <strong>El resto de enfermedades no han desaparecido<\/strong>. La atenci\u00f3n primaria sigue siendo el primer eslab\u00f3n para detectar patolog\u00edas graves, o para hacer seguimiento a pacientes cr\u00f3nicos. Por eso, la sensaci\u00f3n que les queda cuando cierran la puerta de la consulta es \u00abla duda de si me habr\u00e9 comido algo, si no habr\u00e9 visto algo importante\u00bb<\/p>\n<div id=\"multimediaPlayer_1599411285_2_TopPlayer_cont_titulo\" class=\"cnt_titulo_audio\" style=\"text-align: justify;\">\n<p id=\"multimediaPlayer_1599411285_2_TopPlayer_titulo\" class=\"mm_titulo\">M\u00e1s m\u00e9dicos y menos burocracia. M\u00e9dicos de familia denuncian el exceso de burocracia al que se enfrentan a diario en sus consultas<\/p>\n<\/div>\n<p style=\"text-align: justify;\">La Consejer\u00eda de Sanidad est\u00e1 trabajando en un \u00abimportante cambio organizativo y retributivo\u00bb para la Atenci\u00f3n Primaria, seg\u00fan el consejero Enrique Ruiz Escudero que presentar\u00e1n \u00abpr\u00f3ximamente\u00bb.<\/p>\n<p style=\"text-align: justify;\">Mar Noguerol, Portavoz de la Plataforma Atenci\u00f3n Primaria Se Mueve (PAPSM) y m\u00e9dica de familia en Fuenlabrada le pide que al menos, entre las medidas que contemple est\u00e9n, contemple \u00abque las incapacidades temporales sean telem\u00e1ticas, o la renovaci\u00f3n autom\u00e1tica de la receta electr\u00f3nica\u00bb.<\/p>\n<p style=\"text-align: justify;\">Pero ahora que empieza el colegio, que los posibles permisos retribuidos para los padres, en el caso de que tengan que quedarse en casa, sea a trav\u00e9s de un documento que completen los propios padres, sin tener que dar una baja\u00bb.<\/p>\n<p style=\"text-align: justify;\">I<\/p>\n<div class=\"autor\" style=\"text-align: justify;\"><a href=\"https:\/\/cadenaser.com\/autor\/isabel_salvador\/a\/\">Isabel Salvador<\/a><\/div>\n<p>FOTO: &#8216;Call center&#8217; del Hospital General de Alicante. \/ GVA<\/p>\n<p>https:\/\/cadenaser.com\/emisora\/2020\/09\/06\/radio_madrid\/1599410487_089364.html<\/p>\n","protected":false},"excerpt":{"rendered":"<p>M\u00e1s m\u00e9dicos y menos burocracia. El papeleo desborda a los m\u00e9dicos de una atenci\u00f3n primara&#8230;<\/p>\n","protected":false},"author":1,"featured_media":41630,"comment_status":"closed","ping_status":"closed","sticky":false,"template":"","format":"standard","meta":{"_coblocks_attr":"","_coblocks_dimensions":"","_coblocks_responsive_height":"","_coblocks_accordion_ie_support":"","jetpack_post_was_ever_published":false,"_jetpack_newsletter_access":"","_jetpack_dont_email_post_to_subs":false,"_jetpack_newsletter_tier_id":0,"_jetpack_memberships_contains_paywalled_content":false,"_jetpack_memberships_contains_paid_content":false,"footnotes":"","jetpack_publicize_message":"","jetpack_publicize_feature_enabled":true,"jetpack_social_post_already_shared":false,"jetpack_social_options":{"image_generator_settings":{"template":"highway","default_image_id":0,"enabled":false},"version":2}},"categories":[1161,7149,186,44,15],"tags":[3145,7587,475],"class_list":["post-41629","post","type-post","status-publish","format-standard","has-post-thumbnail","hentry","category-ciudadania","category-coronavirus","category-instituciones","category-noticias-de-hoy","category-ultimas-noticias","tag-centros-de-salud","tag-mas-medios","tag-papeleo"],"jetpack_publicize_connections":[],"jetpack_featured_media_url":"https:\/\/i0.wp.com\/miradordeatarfe.es\/wp-content\/uploads\/2020\/09\/1599410487_089364_1599411257_noticia_normal_recorte1.jpg?fit=1300%2C798&ssl=1","jetpack_likes_enabled":true,"jetpack_sharing_enabled":true,"_links":{"self":[{"href":"https:\/\/miradordeatarfe.es\/index.php?rest_route=\/wp\/v2\/posts\/41629","targetHints":{"allow":["GET"]}}],"collection":[{"href":"https:\/\/miradordeatarfe.es\/index.php?rest_route=\/wp\/v2\/posts"}],"about":[{"href":"https:\/\/miradordeatarfe.es\/index.php?rest_route=\/wp\/v2\/types\/post"}],"author":[{"embeddable":true,"href":"https:\/\/miradordeatarfe.es\/index.php?rest_route=\/wp\/v2\/users\/1"}],"replies":[{"embeddable":true,"href":"https:\/\/miradordeatarfe.es\/index.php?rest_route=%2Fwp%2Fv2%2Fcomments&post=41629"}],"version-history":[{"count":1,"href":"https:\/\/miradordeatarfe.es\/index.php?rest_route=\/wp\/v2\/posts\/41629\/revisions"}],"predecessor-version":[{"id":41631,"href":"https:\/\/miradordeatarfe.es\/index.php?rest_route=\/wp\/v2\/posts\/41629\/revisions\/41631"}],"wp:featuredmedia":[{"embeddable":true,"href":"https:\/\/miradordeatarfe.es\/index.php?rest_route=\/wp\/v2\/media\/41630"}],"wp:attachment":[{"href":"https:\/\/miradordeatarfe.es\/index.php?rest_route=%2Fwp%2Fv2%2Fmedia&parent=41629"}],"wp:term":[{"taxonomy":"category","embeddable":true,"href":"https:\/\/miradordeatarfe.es\/index.php?rest_route=%2Fwp%2Fv2%2Fcategories&post=41629"},{"taxonomy":"post_tag","embeddable":true,"href":"https:\/\/miradordeatarfe.es\/index.php?rest_route=%2Fwp%2Fv2%2Ftags&post=41629"}],"curies":[{"name":"wp","href":"https:\/\/api.w.org\/{rel}","templated":true}]}}