{"id":41634,"date":"2020-09-11T11:24:34","date_gmt":"2020-09-11T09:24:34","guid":{"rendered":"http:\/\/miradordeatarfe.es\/?p=41634"},"modified":"2020-09-11T20:32:42","modified_gmt":"2020-09-11T18:32:42","slug":"daniela-castillo-avila-y-sere-ingeniera-una-atarfena-en-la-ciencia-por-maria-serra","status":"publish","type":"post","link":"https:\/\/miradordeatarfe.es\/?p=41634","title":{"rendered":"\u00abDaniela Castillo \u00c1vila y Ser\u00e9 Ingeniera\u00bb Una atarfe\u00f1a en la ciencia por Maria Serra"},"content":{"rendered":"<h3 style=\"text-align: justify;\">Con 14 a\u00f1os, ha tenido la oportunidad de participar durante 7 d\u00edas en Ser\u00e9 Ingeniera y asegura que el campus le ha ayudado a darse cuenta de que le gustar\u00eda estudiar algo relacionado con lo que ha tratado en el programa formativo.<\/h3>\n<p style=\"text-align: justify;\">Ser\u00e9 Ingeniera es un proyecto organizado por la Universidad de Granada orientado a chicas preuniversitarias. Es un programa formativo en el que abordan, durante 7 d\u00edas, \u00e1mbitos relacionados con la tecnolog\u00eda. El objetivo de dicho proyecto es incentivar la vocaci\u00f3n de las j\u00f3venes por carreras en las \u00e1reas CTIM ( Ciencia, Tecnolog\u00eda, Ingenier\u00eda y Matem\u00e1ticas).<\/p>\n<p style=\"text-align: justify;\">Desde los comienzos, la ciencia y los n\u00fameros han sido tradicionalmente asignados a los hombres. Los grandes referentes que tenemos desde peque\u00f1os son hombres cient\u00edficos, matem\u00e1ticos e ingenieros (Euler, Gauss, Newton, Turing\u2026). La invisibilidad de la mujer es una evidencia cada vez m\u00e1s intolerable.<\/p>\n<p style=\"text-align: justify;\">Sin embargo, para aquellos que piensen que no existen referencias femeninas porque en aquella \u00e9poca las mujeres no ten\u00edan oportunidades, han de saber que existen numerosas mujeres pioneras de lo que ahora conocemos: Desde Hipatia en el siglo IV, Elena Cornaro, Sophie Germain hasta Emmy Noether, \u201cel genio matem\u00e1tico creativo m\u00e1s importante desde que comenz\u00f3 la educaci\u00f3n de las mujeres\u201d. Pero \u00bfpor qu\u00e9 no las conocemos? Una gran asignatura pendiente de la educaci\u00f3n.<\/p>\n<p style=\"text-align: justify;\">Este tipo de proyectos lucha por un cambio en la mentalidad y una mayor participaci\u00f3n de las nuevas generaciones en este tipo de campos. Desde su primera edici\u00f3n, han pasado por este programa numerosas chicas preuniversitarias. La atarfe\u00f1a Daniela Castillo \u00c1vila es uno de los ejemplos m\u00e1s cercanos que tenemos.<br \/>\n<a href=\"https:\/\/i0.wp.com\/miradordeatarfe.es\/wp-content\/uploads\/2020\/09\/1599848076630.jpg?ssl=1\"><img data-recalc-dims=\"1\" loading=\"lazy\" decoding=\"async\" class=\"wp-image-41686 size-full alignleft\" src=\"https:\/\/i0.wp.com\/miradordeatarfe.es\/wp-content\/uploads\/2020\/09\/1599848076630.jpg?resize=358%2C459&#038;ssl=1\" alt=\"\" width=\"358\" height=\"459\" srcset=\"https:\/\/i0.wp.com\/miradordeatarfe.es\/wp-content\/uploads\/2020\/09\/1599848076630.jpg?w=358&amp;ssl=1 358w, https:\/\/i0.wp.com\/miradordeatarfe.es\/wp-content\/uploads\/2020\/09\/1599848076630.jpg?resize=234%2C300&amp;ssl=1 234w\" sizes=\"auto, (max-width: 358px) 100vw, 358px\" \/><\/a>Con 14 a\u00f1os, ha tenido la oportunidad de participar durante 7 d\u00edas en Ser\u00e9 Ingeniera y asegura que el campus le ha ayudado a darse cuenta de que le gustar\u00eda estudiar algo relacionado con lo que ha tratado en el programa formativo. \u201cHe llegado a la conclusi\u00f3n de que llegar a ser ingeniera no es f\u00e1cil pero tampoco imposible y que las mujeres son iguales de capaces que los hombres para hacer una ingenier\u00eda\u201d, confiesa Daniela.<br \/>\nEste tipo de pensamientos son b\u00e1sicos y muy importantes para nuestras j\u00f3venes. Las nuevas generaciones son las que formar\u00e1n el nuevo futuro y de nada sirve lamentarse del pasado si no intentamos cambiar el presente. Las chicas deben saber que son igual de validas que sus compa\u00f1eros para ser ingenieras, matem\u00e1ticas o lo que quieran ser. La ciencia nunca ha tendido ni tendr\u00e1 g\u00e9nero.<\/p>\n<p style=\"text-align: justify;\">Daniela nos cuenta que a pesar de que siempre se ha pensado que este tipo de carreras es para hombres, no ve dif\u00edcil el acceso de las mujeres a este \u00e1mbito. Y lo cierto es que no lo es, al menos en cierta medida. Las universidades cada vez brindan mas oportunidades que apuestan por la diversidad y la innovaci\u00f3n. Sin embargo, el acceso no es el \u00fanico problema. Saliendo del \u00e1mbito cient\u00edfico y generalizando al resto de campos profesionales, la exigencia siempre ha sido mayor para una mujer as\u00ed como el trato (brecha salarial, despidos\u2026) y la visibilidad.<\/p>\n<p style=\"text-align: justify;\">Por ello y todo lo que ya sabemos de antemano, es necesaria una educaci\u00f3n feminista que sea capaz de cambiar las ideas tradicionales que limitan constantemente las ambiciones de las m\u00e1s j\u00f3venes (y no tan j\u00f3venes). Hacer saber a nuestras hijas, hermanas, amigas, madres y abuelas que somos igual de capaces que esos hombres que\u00a0 alguna vez estudiamos en el colegio y que, quiz\u00e1s, nunca nos sentimos identificadas por creer que era un mundo de hombres.<\/p>\n","protected":false},"excerpt":{"rendered":"<p>Con 14 a\u00f1os, ha tenido la oportunidad de participar durante 7 d\u00edas en Ser\u00e9 Ingeniera&#8230;<\/p>\n","protected":false},"author":1,"featured_media":41685,"comment_status":"closed","ping_status":"closed","sticky":false,"template":"","format":"standard","meta":{"_coblocks_attr":"","_coblocks_dimensions":"","_coblocks_responsive_height":"","_coblocks_accordion_ie_support":"","jetpack_post_was_ever_published":false,"_jetpack_newsletter_access":"","_jetpack_dont_email_post_to_subs":false,"_jetpack_newsletter_tier_id":0,"_jetpack_memberships_contains_paywalled_content":false,"_jetpack_memberships_contains_paid_content":false,"footnotes":"","jetpack_publicize_message":"","jetpack_publicize_feature_enabled":true,"jetpack_social_post_already_shared":false,"jetpack_social_options":{"image_generator_settings":{"template":"highway","default_image_id":0,"enabled":false},"version":2}},"categories":[187,14,7244,44,6920,15],"tags":[81,3742,7588,19],"class_list":["post-41634","post","type-post","status-publish","format-standard","has-post-thumbnail","hentry","category-centros-educativos","category-feminismo","category-opinion-de-maria-serra","category-noticias-de-hoy","category-tecnologia","category-ultimas-noticias","tag-atarfe","tag-ciencias","tag-daniela-castillo-avila","tag-mujeres"],"jetpack_publicize_connections":[],"jetpack_featured_media_url":"https:\/\/i0.wp.com\/miradordeatarfe.es\/wp-content\/uploads\/2020\/09\/IMG-20200911-WA0013.jpg?fit=927%2C759&ssl=1","jetpack_likes_enabled":true,"jetpack_sharing_enabled":true,"_links":{"self":[{"href":"https:\/\/miradordeatarfe.es\/index.php?rest_route=\/wp\/v2\/posts\/41634","targetHints":{"allow":["GET"]}}],"collection":[{"href":"https:\/\/miradordeatarfe.es\/index.php?rest_route=\/wp\/v2\/posts"}],"about":[{"href":"https:\/\/miradordeatarfe.es\/index.php?rest_route=\/wp\/v2\/types\/post"}],"author":[{"embeddable":true,"href":"https:\/\/miradordeatarfe.es\/index.php?rest_route=\/wp\/v2\/users\/1"}],"replies":[{"embeddable":true,"href":"https:\/\/miradordeatarfe.es\/index.php?rest_route=%2Fwp%2Fv2%2Fcomments&post=41634"}],"version-history":[{"count":3,"href":"https:\/\/miradordeatarfe.es\/index.php?rest_route=\/wp\/v2\/posts\/41634\/revisions"}],"predecessor-version":[{"id":41687,"href":"https:\/\/miradordeatarfe.es\/index.php?rest_route=\/wp\/v2\/posts\/41634\/revisions\/41687"}],"wp:featuredmedia":[{"embeddable":true,"href":"https:\/\/miradordeatarfe.es\/index.php?rest_route=\/wp\/v2\/media\/41685"}],"wp:attachment":[{"href":"https:\/\/miradordeatarfe.es\/index.php?rest_route=%2Fwp%2Fv2%2Fmedia&parent=41634"}],"wp:term":[{"taxonomy":"category","embeddable":true,"href":"https:\/\/miradordeatarfe.es\/index.php?rest_route=%2Fwp%2Fv2%2Fcategories&post=41634"},{"taxonomy":"post_tag","embeddable":true,"href":"https:\/\/miradordeatarfe.es\/index.php?rest_route=%2Fwp%2Fv2%2Ftags&post=41634"}],"curies":[{"name":"wp","href":"https:\/\/api.w.org\/{rel}","templated":true}]}}