{"id":41646,"date":"2020-09-11T08:40:05","date_gmt":"2020-09-11T06:40:05","guid":{"rendered":"http:\/\/miradordeatarfe.es\/?p=41646"},"modified":"2020-09-10T20:43:08","modified_gmt":"2020-09-10T18:43:08","slug":"la-dgt-aclara-como-deben-circular-los-ciclistas-por-la-carretera","status":"publish","type":"post","link":"https:\/\/miradordeatarfe.es\/?p=41646","title":{"rendered":"La DGT aclara c\u00f3mo deben circular los ciclistas por la carretera"},"content":{"rendered":"<h2>Tr\u00e1fico recuerda que el Reglamento General de Circulaci\u00f3n (RGC) les permite circular en paralelo<\/h2>\n<p style=\"text-align: justify;\">La Direcci\u00f3n General de Tr\u00e1fico ha aclarado en una de sus \u00faltimas publicaciones en Twitter <strong>c\u00f3mo deben circular los ciclistas cuando viajen en carretera<\/strong>. Es una circunstancia que genera bastante confusi\u00f3n cuando bibicletas y coches confluyen en un mismo tramo.<\/p>\n<p style=\"text-align: justify;\">Tr\u00e1fico recuerda que el Reglamento General de Circulaci\u00f3n (RGC) les permite circular en paralelo. En concreto, el art\u00edculo 36 se\u00f1ala que las \u00abbicicletas podr\u00e1n circular en posici\u00f3n paralela, en columna de a dos, orill\u00e1ndose todo lo posible al extremo derecho de la v\u00eda, coloc\u00e1ndose en hilera en tramos sin visibilidad y cuando formen aglomeraciones de tr\u00e1fico\u00bb. Y a\u00f1ade: \u00abEn descensos prolongados con curvas, cuando la seguridad lo permita, podr\u00e1n circular por la derecha de la calzada\u00bb<\/p>\n<p style=\"text-align: justify;\">Es decir, <strong>si un coche circula detr\u00e1s de dos ciclistas que est\u00e1n haciendo lo propio en paralelo, ha de respetarlos en cualquier caso<\/strong> y m\u00e1s por el hecho de que la legalidad les asiste. Si la v\u00eda lo permite, el veh\u00edculo puede rebasarlos dejando la distancia de seguridad de metro y medio con el ciclista que circula por el interior del carril, si no, el coche ha de bajar la marcha y esperar a otra oportunidad para rebasarlos.<\/p>\n","protected":false},"excerpt":{"rendered":"<p>Tr\u00e1fico recuerda que el Reglamento General de Circulaci\u00f3n (RGC) les permite circular en paralelo La&#8230;<\/p>\n","protected":false},"author":1,"featured_media":41647,"comment_status":"closed","ping_status":"closed","sticky":false,"template":"","format":"standard","meta":{"_coblocks_attr":"","_coblocks_dimensions":"","_coblocks_responsive_height":"","_coblocks_accordion_ie_support":"","jetpack_post_was_ever_published":false,"_jetpack_newsletter_access":"","_jetpack_dont_email_post_to_subs":false,"_jetpack_newsletter_tier_id":0,"_jetpack_memberships_contains_paywalled_content":false,"_jetpack_memberships_contains_paid_content":false,"footnotes":"","jetpack_publicize_message":"","jetpack_publicize_feature_enabled":true,"jetpack_social_post_already_shared":false,"jetpack_social_options":{"image_generator_settings":{"template":"highway","default_image_id":0,"enabled":false},"version":2}},"categories":[44,6937,15],"tags":[71,7590],"class_list":["post-41646","post","type-post","status-publish","format-standard","has-post-thumbnail","hentry","category-noticias-de-hoy","category-sociedad","category-ultimas-noticias","tag-carreteras","tag-ciclistas"],"jetpack_publicize_connections":[],"jetpack_featured_media_url":"https:\/\/i0.wp.com\/miradordeatarfe.es\/wp-content\/uploads\/2020\/09\/dgt-kZhE-U110616531078seC-624x385%40Ideal.jpg?fit=624%2C385&ssl=1","jetpack_likes_enabled":true,"jetpack_sharing_enabled":true,"_links":{"self":[{"href":"https:\/\/miradordeatarfe.es\/index.php?rest_route=\/wp\/v2\/posts\/41646","targetHints":{"allow":["GET"]}}],"collection":[{"href":"https:\/\/miradordeatarfe.es\/index.php?rest_route=\/wp\/v2\/posts"}],"about":[{"href":"https:\/\/miradordeatarfe.es\/index.php?rest_route=\/wp\/v2\/types\/post"}],"author":[{"embeddable":true,"href":"https:\/\/miradordeatarfe.es\/index.php?rest_route=\/wp\/v2\/users\/1"}],"replies":[{"embeddable":true,"href":"https:\/\/miradordeatarfe.es\/index.php?rest_route=%2Fwp%2Fv2%2Fcomments&post=41646"}],"version-history":[{"count":1,"href":"https:\/\/miradordeatarfe.es\/index.php?rest_route=\/wp\/v2\/posts\/41646\/revisions"}],"predecessor-version":[{"id":41648,"href":"https:\/\/miradordeatarfe.es\/index.php?rest_route=\/wp\/v2\/posts\/41646\/revisions\/41648"}],"wp:featuredmedia":[{"embeddable":true,"href":"https:\/\/miradordeatarfe.es\/index.php?rest_route=\/wp\/v2\/media\/41647"}],"wp:attachment":[{"href":"https:\/\/miradordeatarfe.es\/index.php?rest_route=%2Fwp%2Fv2%2Fmedia&parent=41646"}],"wp:term":[{"taxonomy":"category","embeddable":true,"href":"https:\/\/miradordeatarfe.es\/index.php?rest_route=%2Fwp%2Fv2%2Fcategories&post=41646"},{"taxonomy":"post_tag","embeddable":true,"href":"https:\/\/miradordeatarfe.es\/index.php?rest_route=%2Fwp%2Fv2%2Ftags&post=41646"}],"curies":[{"name":"wp","href":"https:\/\/api.w.org\/{rel}","templated":true}]}}