{"id":41658,"date":"2020-09-12T10:44:34","date_gmt":"2020-09-12T08:44:34","guid":{"rendered":"http:\/\/miradordeatarfe.es\/?p=41658"},"modified":"2020-09-11T11:47:10","modified_gmt":"2020-09-11T09:47:10","slug":"el-curso-comienza-con-normalidad-salvo-en-dos-centros-por-el-positivo-de-dos-docentes","status":"publish","type":"post","link":"https:\/\/miradordeatarfe.es\/?p=41658","title":{"rendered":"El curso comienza con normalidad salvo en dos centros por el positivo de dos docentes"},"content":{"rendered":"<h4 style=\"text-align: justify;\">Se trata del CEIP Nuestra Se\u00f1ora del Amparo de Darro y el CPR El Pinar en Pinos del Valle<\/h4>\n<p style=\"text-align: justify;\">Unos 82.000 escolares de segundo ciclo de Infantil, Primaria y Educaci\u00f3n Especial han comenzado este jueves las clases en los centros p\u00fablicos, concertados y privados de la provincia de Granada, donde el curso ha comenzado con normalidad salvo en dos colegios de Darro y El Pinar, donde se ha aplazado la actividad presencial hasta que lo determine la autoridad sanitaria por el positivo de sendos docentes.<\/p>\n<p style=\"text-align: justify;\">Se trata del CEIP Nuestra Se\u00f1ora del Amparo de Darro y el CPR El Pinar en Pinos del Valle, donde se han activado los protocolos Covid-19 antes de iniciar la actividad y se ha aplazado la incorporaci\u00f3n del personal y el alumnado al centro, seg\u00fan ha informado la Junta de Andaluc\u00eda.<\/p>\n<p style=\"text-align: justify;\">En ambos casos se ha establecido una cuarentena de 15 d\u00edas a la espera de otras pruebas PCR que confirmen el negativo. Aunque la actividad docente presencial no ser\u00e1 posible en este tiempo, desde el Gobierno andaluz matizan que s\u00ed la habr\u00e1 de forma telem\u00e1tica con la f\u00f3rmula que los centros estimen oportuna.<\/p>\n<p style=\"text-align: justify;\">En Darro, de unos mil habitantes, el alcalde, Manuel Blas G\u00f3mez, ha precisado a Europa Press que el inicio de curso se retrasa al estar pendiente de las PCR que tienen que pasar los docentes del claustro, tras el positivo de una profesora con la que estuvieron en contacto y que dio positivo en los test serol\u00f3gicos la semana pasada, la cual tambi\u00e9n estar\u00e1 en cuarentena hasta que d\u00e9 negativo en la prueba. Mientras tanto el Ayuntamiento proseguir\u00e1 con las tareas de limpieza y desinfecci\u00f3n de este centro.<\/p>\n<p style=\"text-align: justify;\">En El Pinar, de tambi\u00e9n unos mil habitantes, los profesores en cuarentena tambi\u00e9n trabajan en las \u00faltimas horas para que este retraso en las clases presenciales se vea compensado con actividades &#8216;online&#8217; con los alumnos, seg\u00fan han indicado fuentes municipales.<\/p>\n<p style=\"text-align: justify;\">AUSENCIAS \u00abM\u00cdNIMAS\u00bb<br \/>\nEn general, la Junta ha informado de que el curso ha empezado con normalidad en el conjunto de la provincia, \u00ablas incidencias est\u00e1n bajo control y son habituales en cualquier inicio, con la particularidad de este a\u00f1o marcado por la pandemia, que han llevado a la activaci\u00f3n de los protocolos Covid-19\u00bb en estos dos centros educativos.<\/p>\n<p style=\"text-align: justify;\">La Junta asegura que, de los 82.000 alumnos que deb\u00edan comenzar este jueves las clases, las ausencias han sido \u00abm\u00ednimas\u00bb y el 99 por ciento de los docentes ha acudido a su puesto de trabajo.<\/p>\n<p style=\"text-align: justify;\">En la capital granadina, fuentes de la Polic\u00eda Local han se\u00f1alado a Europa Press que todos los colegios han abierto con normalidad, y \u00abde forma escalonada\u00bb, sin incidencias rese\u00f1ables.<\/p>\n<p style=\"text-align: justify;\">El Ayuntamiento, como estaba previsto, abri\u00f3, para agilizar la movilidad, los carriles restringidos de los ejes de Doctor Severo Ochoa y de Paseo de Cartuja, entre las 7,00 horas y las 9,00 horas, y, en sentido descendente, de 13,30 a 15,00 horas.<\/p>\n<p style=\"text-align: justify;\">En Loja, sus nueve colegios, cinco en el casco urbano y cuatro en sus n\u00facleos rurales, han abierto sus puertas pese a la petici\u00f3n del Ayuntamiento para retrasar el inicio de curso, en el marco de las medidas que ha implementado frente al aumento de casos de coronavirus en los \u00faltimos d\u00edas.<\/p>\n<p style=\"text-align: justify;\">Seg\u00fan ha se\u00f1alado a Europa Press su alcalde, Joaqu\u00edn Camacho, que ha visitado los colegios este jueves, con 13 edificios en los distintos n\u00facleos del municipio, de unos 20.000 habitantes, el curso ha comenzado \u00absin incidencias\u00bb, con \u00abtodo controlado\u00bb, y, sobre todo, ha recalcado, \u00abmucha seguridad\u00bb.<\/p>\n<p style=\"text-align: justify;\">Loja inici\u00f3 este pasado martes el periodo de medio mes en que las actividades municipales estar\u00e1n suspendidas para frenar la pandemia de covid-19, tras detectarse al menos 43 contagios en 14 d\u00edas hasta este pasado viernes, a los que se sumaron otros 20 aproximadamente de este \u00faltimo fin de semana.<\/p>\n<p style=\"text-align: justify;\">MENSAJE DE TRANQUILIDAD<br \/>\nAs\u00ed las cosas, en torno a 82.000 escolares de segundo ciclo de Infantil, Primaria y Educaci\u00f3n Especial han comenzado las clases en los centros docentes p\u00fablicos, concertados y privados de la provincia de Granada con 6.687 maestros encargados de su educaci\u00f3n.<\/p>\n<p style=\"text-align: justify;\">El resto de los estudiantes de ense\u00f1anzas no universitarias (Secundaria Obligatoria, Bachillerato, Ciclos Formativos, Formaci\u00f3n Profesional B\u00e1sica, Educaci\u00f3n Permanente de Adultos, Art\u00edsticas elementales y profesionales e Idiomas) iniciar\u00e1n las clases el 15 de septiembre, a excepci\u00f3n del alumnado de ense\u00f1anzas art\u00edsticas superiores, que se incorporar\u00e1n el pr\u00f3ximo 20 de este mes.<\/p>\n<p style=\"text-align: justify;\">Con motivo del comienzo de curso, la delegada provincial de Educaci\u00f3n y Deporte, Ana Berrocal, ha enviado un mensaje de tranquilidad y de seguridad a la comunidad educativa.<\/p>\n<p style=\"text-align: justify;\">\u00abEstamos preparados para empezar el curso con normalidad\u00bb, ha dicho, y ha solicitado la colaboraci\u00f3n de todos \u00aben la construcci\u00f3n de esta nueva realidad educativa que nos ha tocado vivir\u00bb.<\/p>\n<p style=\"text-align: justify;\">Junto a ello ha manifestado \u00abmucha ilusi\u00f3n\u00bb en la vuelta al colegio de los m\u00e1s peque\u00f1os que van a \u00abcontinuar con su proceso educativo y con la necesaria socializaci\u00f3n que tanto ans\u00edan\u00bb.<\/p>\n<p style=\"text-align: justify;\">En su conjunto, Andaluc\u00eda cuenta con un total de 1.830.371 estudiantes, 134.325 docentes y 7.099 centros, tanto p\u00fablicos como concertados y privados. De este total, 1.405.981 alumnos estudian en alguno de los 4.568 centros p\u00fablicos y son atendidos por una plantilla docente p\u00fablica integrada por alrededor de 108.000 maestros y profesores, 5.500 m\u00e1s que en el curso anterior. Adem\u00e1s, este curso hay una bajada demogr\u00e1fica que se agudiza en Infantil y Primaria con unos 22.000 alumnos menos.<\/p>\n<p style=\"text-align: justify;\">La Junta informa en un comunicado de que el nuevo curso 2020\/21 escolar viene marcado por el aumento de los recursos gracias a una inyecci\u00f3n presupuestaria de m\u00e1s de 600 millones adicionales (7.200 millones de euros r\u00e9cord en la historia de la Consejer\u00eda), que permite la contrataci\u00f3n de m\u00e1s de 8.000 profesionales de la ense\u00f1anza, de ellos 6.400 docentes y 1.600 personas destinadas a la limpieza de los centros as\u00ed como implementar todas las medidas de prevenci\u00f3n para que los colegios e institutos sean entornos seguros, siguiendo las recomendaciones sanitarias como consecuencia del Covid-19.<\/p>\n<div class=\"limpia\">\u00a0<\/div>\n","protected":false},"excerpt":{"rendered":"<p>Se trata del CEIP Nuestra Se\u00f1ora del Amparo de Darro y el CPR El Pinar&#8230;<\/p>\n","protected":false},"author":1,"featured_media":41660,"comment_status":"closed","ping_status":"closed","sticky":false,"template":"","format":"standard","meta":{"_coblocks_attr":"","_coblocks_dimensions":"","_coblocks_responsive_height":"","_coblocks_accordion_ie_support":"","jetpack_post_was_ever_published":false,"_jetpack_newsletter_access":"","_jetpack_dont_email_post_to_subs":false,"_jetpack_newsletter_tier_id":0,"_jetpack_memberships_contains_paywalled_content":false,"_jetpack_memberships_contains_paid_content":false,"footnotes":"","jetpack_publicize_message":"","jetpack_publicize_feature_enabled":true,"jetpack_social_post_already_shared":false,"jetpack_social_options":{"image_generator_settings":{"template":"highway","default_image_id":0,"enabled":false},"version":2}},"categories":[187,186,44,15],"tags":[526,7591,7569],"class_list":["post-41658","post","type-post","status-publish","format-standard","has-post-thumbnail","hentry","category-centros-educativos","category-instituciones","category-noticias-de-hoy","category-ultimas-noticias","tag-centros-educativos","tag-coronairus","tag-pcr"],"jetpack_publicize_connections":[],"jetpack_featured_media_url":"https:\/\/i0.wp.com\/miradordeatarfe.es\/wp-content\/uploads\/2020\/09\/imagen13950_0_ppal.jpg?fit=450%2C301&ssl=1","jetpack_likes_enabled":true,"jetpack_sharing_enabled":true,"_links":{"self":[{"href":"https:\/\/miradordeatarfe.es\/index.php?rest_route=\/wp\/v2\/posts\/41658","targetHints":{"allow":["GET"]}}],"collection":[{"href":"https:\/\/miradordeatarfe.es\/index.php?rest_route=\/wp\/v2\/posts"}],"about":[{"href":"https:\/\/miradordeatarfe.es\/index.php?rest_route=\/wp\/v2\/types\/post"}],"author":[{"embeddable":true,"href":"https:\/\/miradordeatarfe.es\/index.php?rest_route=\/wp\/v2\/users\/1"}],"replies":[{"embeddable":true,"href":"https:\/\/miradordeatarfe.es\/index.php?rest_route=%2Fwp%2Fv2%2Fcomments&post=41658"}],"version-history":[{"count":1,"href":"https:\/\/miradordeatarfe.es\/index.php?rest_route=\/wp\/v2\/posts\/41658\/revisions"}],"predecessor-version":[{"id":41659,"href":"https:\/\/miradordeatarfe.es\/index.php?rest_route=\/wp\/v2\/posts\/41658\/revisions\/41659"}],"wp:featuredmedia":[{"embeddable":true,"href":"https:\/\/miradordeatarfe.es\/index.php?rest_route=\/wp\/v2\/media\/41660"}],"wp:attachment":[{"href":"https:\/\/miradordeatarfe.es\/index.php?rest_route=%2Fwp%2Fv2%2Fmedia&parent=41658"}],"wp:term":[{"taxonomy":"category","embeddable":true,"href":"https:\/\/miradordeatarfe.es\/index.php?rest_route=%2Fwp%2Fv2%2Fcategories&post=41658"},{"taxonomy":"post_tag","embeddable":true,"href":"https:\/\/miradordeatarfe.es\/index.php?rest_route=%2Fwp%2Fv2%2Ftags&post=41658"}],"curies":[{"name":"wp","href":"https:\/\/api.w.org\/{rel}","templated":true}]}}