{"id":41664,"date":"2020-09-13T07:57:22","date_gmt":"2020-09-13T05:57:22","guid":{"rendered":"http:\/\/miradordeatarfe.es\/?p=41664"},"modified":"2020-09-11T19:03:08","modified_gmt":"2020-09-11T17:03:08","slug":"la-cadena-ser-lidera-la-lista-podcasts-top-en-espana-de-spotify","status":"publish","type":"post","link":"https:\/\/miradordeatarfe.es\/?p=41664","title":{"rendered":"La Cadena SER lidera la lista \u201cPodcasts Top\u201d en Espa\u00f1a de Spotify"},"content":{"rendered":"<h3 style=\"text-align: justify;\">El ranking de <a href=\"https:\/\/www.spotify.com\/es\/\" target=\"_blank\" rel=\"noopener noreferrer\">Spotify<\/a> con los podcasts m\u00e1s populares en Espa\u00f1a lo deja claro. <strong><a href=\"https:\/\/cadenaser.com\/programa\/nadie_sabe_nada\/\" target=\"_blank\" rel=\"noopener noreferrer\">Nadie Sabe Nada<\/a>, el programa de humor de la Cadena SER dirigido por Andreu Buenafuente y Berto Romero es un \u00e9xito<\/strong> y se posiciona a la cabeza del ranking como el podcast m\u00e1s escuchado en Espa\u00f1a v\u00eda Spotify.<\/h3>\n<p style=\"text-align: justify;\">Durante esta <a href=\"https:\/\/www.sercomunicacion.com\/hacer-la-radio-que-exige-la-gravedad-del-momento-compromiso-de-la-ser-en-la-nueva-temporada\/\">nueva temporada<\/a> 2020-2021 en la <a href=\"https:\/\/cadenaser.com\/\" target=\"_blank\" rel=\"noopener noreferrer\">Cadena SER<\/a>, no te pierdas el <a href=\"https:\/\/www.sercomunicacion.com\/nadie-sabe-nada-despierta-el-arte-de-sus-oyentes\/\">programa<\/a> y disfruta del mejor humor y la mejor improvisaci\u00f3n de la mano del d\u00fao c\u00f3mico m\u00e1s divertido la madruga del viernes al s\u00e1bado de 02:00 a 02:30 y los s\u00e1bados de 12:00 a 13:00 horas.<\/p>\n<p style=\"text-align: justify;\">Adem\u00e1s,<strong> la Cadena SER hace doblete y se coloca tambi\u00e9n en 4\u00aa posici\u00f3n con un segundo programa de humor, <a href=\"https:\/\/cadenaser.com\/programa\/la_vida_moderna\/\" target=\"_blank\" rel=\"noopener noreferrer\">La Vida moderna<\/a><\/strong>. El programa radiof\u00f3nico copresentado por David Broncano, Ignaitus Farray y Quequ\u00e9 continuar\u00e1 con su 7\u00aa temporada la madruga del viernes al s\u00e1bado de 02:30 a 03:30 y la madrugada del s\u00e1bado al domingo de 04:00 a 04:30 horas.<\/p>\n<p style=\"text-align: justify;\">\u00a0<\/p>\n<figure id=\"attachment_4381\" class=\"wp-caption aligncenter\" style=\"width: 597px;\" aria-describedby=\"caption-attachment-4381\"><img data-recalc-dims=\"1\" loading=\"lazy\" decoding=\"async\" class=\"wp-image-4381\" src=\"https:\/\/i0.wp.com\/www.sercomunicacion.com\/wp-content\/uploads\/2020\/09\/Ranking-Spotify-225x300.jpeg?resize=597%2C797&#038;ssl=1\" sizes=\"auto, (max-width: 450px) 100vw, 450px\" srcset=\"https:\/\/www.sercomunicacion.com\/wp-content\/uploads\/2020\/09\/Ranking-Spotify-225x300.jpeg 225w, https:\/\/www.sercomunicacion.com\/wp-content\/uploads\/2020\/09\/Ranking-Spotify.jpeg 741w\" alt=\"\" width=\"597\" height=\"797\" \/><figcaption id=\"caption-attachment-4381\" class=\"wp-caption-text\">Top podcasts Spotify<\/figcaption><\/figure>\n<p>La temporada 2020-2021 de la Cadena SER seguir\u00e1 cargada de risas y entretenimiento con sus programas de humor y los c\u00f3micos de primer nivel de este pa\u00eds. Todos estos <a href=\"https:\/\/cadenaser.com\/agr\/programacion_cadena_ser\/a\/\" target=\"_blank\" rel=\"noopener noreferrer\">programas<\/a> puedes escucharlos en directo en la antena de la SER, en podcast a trav\u00e9s de <a href=\"https:\/\/cadenaser.com\/\" target=\"_blank\" rel=\"noopener noreferrer\">Cadenaser.com<\/a> y app SER, en v\u00eddeo en los canales de YouTube de los programas y en las plataformas <a href=\"https:\/\/www.apple.com\/es\/itunes\/\" target=\"_blank\" rel=\"noopener noreferrer\">Itunes<\/a> y <a href=\"https:\/\/www.spotify.com\/es\/\" target=\"_blank\" rel=\"noopener noreferrer\">Spotify<\/a>.<\/p>\n<p>\u00a1Disfruta esta temporada de todo el humor en la SER!<\/p>\n<blockquote class=\"wp-embedded-content\" data-secret=\"6KSDGCU7nk\"><p><a href=\"https:\/\/www.sercomunicacion.com\/la-cadena-ser-lidera-el-top-5-de-podcast-mas-escuchados-en-espana-de-spotify\/\">La Cadena SER lidera la lista \u00abPodcasts Top\u00bb en Espa\u00f1a de Spotify<\/a><\/p><\/blockquote>\n<p><iframe loading=\"lazy\" class=\"wp-embedded-content\" sandbox=\"allow-scripts\" security=\"restricted\" style=\"position: absolute; visibility: hidden;\" title=\"\u00abLa Cadena SER lidera la lista \u00abPodcasts Top\u00bb en Espa\u00f1a de Spotify\u00bb \u2014 SER Comunicaci\u00f3n\" src=\"https:\/\/www.sercomunicacion.com\/la-cadena-ser-lidera-el-top-5-de-podcast-mas-escuchados-en-espana-de-spotify\/embed\/#?secret=zJKXW9sWYT#?secret=6KSDGCU7nk\" data-secret=\"6KSDGCU7nk\" width=\"600\" height=\"338\" frameborder=\"0\" marginwidth=\"0\" marginheight=\"0\" scrolling=\"no\"><\/iframe><\/p>\n","protected":false},"excerpt":{"rendered":"<p>El ranking de Spotify con los podcasts m\u00e1s populares en Espa\u00f1a lo deja claro. Nadie&#8230;<\/p>\n","protected":false},"author":1,"featured_media":41665,"comment_status":"closed","ping_status":"closed","sticky":false,"template":"","format":"standard","meta":{"_coblocks_attr":"","_coblocks_dimensions":"","_coblocks_responsive_height":"","_coblocks_accordion_ie_support":"","jetpack_post_was_ever_published":false,"_jetpack_newsletter_access":"","_jetpack_dont_email_post_to_subs":false,"_jetpack_newsletter_tier_id":0,"_jetpack_memberships_contains_paywalled_content":false,"_jetpack_memberships_contains_paid_content":false,"footnotes":"","jetpack_publicize_message":"","jetpack_publicize_feature_enabled":true,"jetpack_social_post_already_shared":false,"jetpack_social_options":{"image_generator_settings":{"template":"highway","default_image_id":0,"enabled":false},"version":2}},"categories":[1161,44,6920,15],"tags":[4661,7594,2254],"class_list":["post-41664","post","type-post","status-publish","format-standard","has-post-thumbnail","hentry","category-ciudadania","category-noticias-de-hoy","category-tecnologia","category-ultimas-noticias","tag-cadena-ser","tag-nadie-sabe-nada","tag-spotify"],"jetpack_publicize_connections":[],"jetpack_featured_media_url":"https:\/\/i0.wp.com\/miradordeatarfe.es\/wp-content\/uploads\/2020\/09\/Screenshot_2020-09-11-La-SER-lidera-la-lista-Podcasts-Top-en-Espa%C3%B1a-de-Spotify-SER-Comunicaci%C3%B3n.png?fit=654%2C368&ssl=1","jetpack_likes_enabled":true,"jetpack_sharing_enabled":true,"_links":{"self":[{"href":"https:\/\/miradordeatarfe.es\/index.php?rest_route=\/wp\/v2\/posts\/41664","targetHints":{"allow":["GET"]}}],"collection":[{"href":"https:\/\/miradordeatarfe.es\/index.php?rest_route=\/wp\/v2\/posts"}],"about":[{"href":"https:\/\/miradordeatarfe.es\/index.php?rest_route=\/wp\/v2\/types\/post"}],"author":[{"embeddable":true,"href":"https:\/\/miradordeatarfe.es\/index.php?rest_route=\/wp\/v2\/users\/1"}],"replies":[{"embeddable":true,"href":"https:\/\/miradordeatarfe.es\/index.php?rest_route=%2Fwp%2Fv2%2Fcomments&post=41664"}],"version-history":[{"count":2,"href":"https:\/\/miradordeatarfe.es\/index.php?rest_route=\/wp\/v2\/posts\/41664\/revisions"}],"predecessor-version":[{"id":41667,"href":"https:\/\/miradordeatarfe.es\/index.php?rest_route=\/wp\/v2\/posts\/41664\/revisions\/41667"}],"wp:featuredmedia":[{"embeddable":true,"href":"https:\/\/miradordeatarfe.es\/index.php?rest_route=\/wp\/v2\/media\/41665"}],"wp:attachment":[{"href":"https:\/\/miradordeatarfe.es\/index.php?rest_route=%2Fwp%2Fv2%2Fmedia&parent=41664"}],"wp:term":[{"taxonomy":"category","embeddable":true,"href":"https:\/\/miradordeatarfe.es\/index.php?rest_route=%2Fwp%2Fv2%2Fcategories&post=41664"},{"taxonomy":"post_tag","embeddable":true,"href":"https:\/\/miradordeatarfe.es\/index.php?rest_route=%2Fwp%2Fv2%2Ftags&post=41664"}],"curies":[{"name":"wp","href":"https:\/\/api.w.org\/{rel}","templated":true}]}}