{"id":41678,"date":"2020-09-15T09:44:02","date_gmt":"2020-09-15T07:44:02","guid":{"rendered":"http:\/\/miradordeatarfe.es\/?p=41678"},"modified":"2020-09-11T19:48:41","modified_gmt":"2020-09-11T17:48:41","slug":"educacion-como-reparar-los-destrozos-parte-4","status":"publish","type":"post","link":"https:\/\/miradordeatarfe.es\/?p=41678","title":{"rendered":"Educaci\u00f3n: c\u00f3mo reparar los destrozos (PARTE 4)"},"content":{"rendered":"<h3 class=\"a_st font_primary color_gray_dark \" style=\"text-align: justify;\">La escuela p\u00fablica, hoy maltrecha por los efectos de la pandemia, sufre la falta de recursos por los recortes, el abandono escolar y la brecha digital. \u00bfQu\u00e9 se puede hacer para salvar uno de los grandes pilares del Estado de bienestar? Con este especial, EL PA\u00cdS inicia una serie sobre las medidas necesarias para reactivar el Estado de bienestar<\/h3>\n<h2 class=\"font_secondary color_gray_ultra_dark\" style=\"text-align: justify;\">4. Digitalizaci\u00f3n y modernizaci\u00f3n<\/h2>\n<p class=\"\" style=\"text-align: justify;\">La pandemia ha mostrado una realidad convertida en problema. El 14% de los alumnos carec\u00eda de los recursos inform\u00e1ticos necesarios para seguir aprendiendo a distancia. La pandemia desencaden\u00f3 una cuarentena estricta en Espa\u00f1a que cerr\u00f3 todos los centros educativos del pa\u00eds y someti\u00f3 a los alumnos a una educaci\u00f3n a distancia que no todos pudieron seguir. Hab\u00eda ni\u00f1os sin conexi\u00f3n ni capacidad de uso y dominio del entorno digital.<\/p>\n<p class=\"\" style=\"text-align: justify;\">El Ministerio de Educaci\u00f3n y las comunidades tienen comprometida la compra de 500.000 tabletas y ordenadores para alumnos vulnerables. Pero la profesora Elena Mart\u00edn advierte de que quiz\u00e1 se est\u00e1 poniendo todo el \u00e9nfasis \u201cen la brecha de acceso, repartiendo dispositivos\u201d, pero se est\u00e1n dejando de lado cuestiones muy importantes pero \u201cm\u00e1s dif\u00edciles de resolver porque tienen que ver con el capital cultural de determinadas familias, que les dificulta apoyar a sus hijos\u201d.<\/p>\n<p class=\"\" style=\"text-align: justify;\">En el colegio p\u00fablico Doctor Jim\u00e9nez Rueda de Atarfe, en Granada, est\u00e1n preparando junto a la asociaci\u00f3n de padres y madres un cursillo b\u00e1sico que ayude a las familias que lo necesitan, por ejemplo, \u201ca abrir un correo electr\u00f3nico\u201d, explica Juan Alcaide, coordinador de Tecnolog\u00eda y jefe de estudios del centro, especializado en educaci\u00f3n compensatoria. \u201cAlgunos de ellos no son conscientes de que tiene una direcci\u00f3n de correo o les da miedo usar el ordenador porque nunca lo han hecho\u201d, a\u00f1ade. Entre sus alumnos, muchos proceden de familias muy humildes, sin ordenador, y algunas de las cuales solo tienen un m\u00f3vil para toda la casa con un l\u00edmite mensual para uso de datos muy tasado.<\/p>\n","protected":false},"excerpt":{"rendered":"<p>La escuela p\u00fablica, hoy maltrecha por los efectos de la pandemia, sufre la falta de&#8230;<\/p>\n","protected":false},"author":1,"featured_media":41679,"comment_status":"closed","ping_status":"closed","sticky":false,"template":"","format":"standard","meta":{"_coblocks_attr":"","_coblocks_dimensions":"","_coblocks_responsive_height":"","_coblocks_accordion_ie_support":"","jetpack_post_was_ever_published":false,"_jetpack_newsletter_access":"","_jetpack_dont_email_post_to_subs":false,"_jetpack_newsletter_tier_id":0,"_jetpack_memberships_contains_paywalled_content":false,"_jetpack_memberships_contains_paid_content":false,"footnotes":"","jetpack_publicize_message":"","jetpack_publicize_feature_enabled":true,"jetpack_social_post_already_shared":false,"jetpack_social_options":{"image_generator_settings":{"template":"highway","default_image_id":0,"enabled":false},"version":2}},"categories":[187,44,6920,15],"tags":[4049,27,216],"class_list":["post-41678","post","type-post","status-publish","format-standard","has-post-thumbnail","hentry","category-centros-educativos","category-noticias-de-hoy","category-tecnologia","category-ultimas-noticias","tag-digitalizacion","tag-educacion","tag-escuelas"],"jetpack_publicize_connections":[],"jetpack_featured_media_url":"https:\/\/i0.wp.com\/miradordeatarfe.es\/wp-content\/uploads\/2020\/09\/tecnologia-nin%CC%83os-990x670-1.jpg?fit=990%2C670&ssl=1","jetpack_likes_enabled":true,"jetpack_sharing_enabled":true,"_links":{"self":[{"href":"https:\/\/miradordeatarfe.es\/index.php?rest_route=\/wp\/v2\/posts\/41678","targetHints":{"allow":["GET"]}}],"collection":[{"href":"https:\/\/miradordeatarfe.es\/index.php?rest_route=\/wp\/v2\/posts"}],"about":[{"href":"https:\/\/miradordeatarfe.es\/index.php?rest_route=\/wp\/v2\/types\/post"}],"author":[{"embeddable":true,"href":"https:\/\/miradordeatarfe.es\/index.php?rest_route=\/wp\/v2\/users\/1"}],"replies":[{"embeddable":true,"href":"https:\/\/miradordeatarfe.es\/index.php?rest_route=%2Fwp%2Fv2%2Fcomments&post=41678"}],"version-history":[{"count":1,"href":"https:\/\/miradordeatarfe.es\/index.php?rest_route=\/wp\/v2\/posts\/41678\/revisions"}],"predecessor-version":[{"id":41680,"href":"https:\/\/miradordeatarfe.es\/index.php?rest_route=\/wp\/v2\/posts\/41678\/revisions\/41680"}],"wp:featuredmedia":[{"embeddable":true,"href":"https:\/\/miradordeatarfe.es\/index.php?rest_route=\/wp\/v2\/media\/41679"}],"wp:attachment":[{"href":"https:\/\/miradordeatarfe.es\/index.php?rest_route=%2Fwp%2Fv2%2Fmedia&parent=41678"}],"wp:term":[{"taxonomy":"category","embeddable":true,"href":"https:\/\/miradordeatarfe.es\/index.php?rest_route=%2Fwp%2Fv2%2Fcategories&post=41678"},{"taxonomy":"post_tag","embeddable":true,"href":"https:\/\/miradordeatarfe.es\/index.php?rest_route=%2Fwp%2Fv2%2Ftags&post=41678"}],"curies":[{"name":"wp","href":"https:\/\/api.w.org\/{rel}","templated":true}]}}