{"id":41688,"date":"2020-09-13T08:40:58","date_gmt":"2020-09-13T06:40:58","guid":{"rendered":"http:\/\/miradordeatarfe.es\/?p=41688"},"modified":"2020-09-11T21:00:55","modified_gmt":"2020-09-11T19:00:55","slug":"contra-la-playa-como-acabamos-adorando-el-lugar-mas-incomodo-del-mundo","status":"publish","type":"post","link":"https:\/\/miradordeatarfe.es\/?p=41688","title":{"rendered":"Contra la playa: c\u00f3mo acabamos adorando el lugar m\u00e1s inc\u00f3modo del mundo"},"content":{"rendered":"<h3 class=\"articulo-subtitulo\" style=\"text-align: justify;\">Fue un lugar de pobres, luego de ricos y luego de clase media, no es la mejor idea para la salud de la piel ni para la dignidad est\u00e9tica en general y tiene m\u00e1s peligros que virtudes, pero a\u00fan as\u00ed seguimos corriendo hacia ella en cuanto sale un rayo de sol (incluso en tiempos de pandemia)<\/h3>\n<p style=\"text-align: justify;\">El verano pasado estuve en una perfecta playa caribe\u00f1a. La arena era blanca y fina, el cielo de un azul que dol\u00eda; el agua, cristalina, lam\u00eda la costa a la temperatura perfecta y est\u00e1bamos pr\u00e1cticamente solos. Por fin me va a gustar la playa, pens\u00e9. As\u00ed que corr\u00ed a zambullirme entre las olas cubanas, dispuesto a disfrutar del para\u00edso. Mientras jugueteaba entre la espuma, sent\u00ed un fuerte latigazo en mi mu\u00f1eca izquierda. Mierda. Me hab\u00eda picado una medusa. Qu\u00e9 dolor electromagn\u00e9tico. Es que no hay manera.<\/p>\n<p style=\"text-align: justify;\">Cada verano la poblaci\u00f3n se traslada en masa a la playa (este a\u00f1o esta migraci\u00f3n est\u00e1 atenuada por <a href=\"https:\/\/elpais.com\/sociedad\/crisis-del-coronavirus\/\" target=\"_blank\" rel=\"noopener noreferrer\">la pandemia<\/a>). Es como si la playa fuera el lugar natural del ser humano, como si el jard\u00edn del Ed\u00e9n m\u00e1s que jard\u00edn fuera arenal (\u00bfse parece el cielo <a href=\"https:\/\/elpais.com\/elpais\/2019\/08\/13\/icon_design\/1565695870_965287.html\" target=\"_blank\" rel=\"noopener noreferrer\">a Benidorm<\/a>?) y Dios nos hubiese expulsado de all\u00ed y obligado a ganarnos el pan con el sudor de nuestra frente, lejos del mar. Pero nosotros siempre tratamos de regresar, como al \u00fatero materno, a poner la frente a sudar, pero tomando el sol.<\/p>\n<section id=\"sumario_2|html\" class=\"sumario_html derecha\">\n<div class=\"sumario__interior\">\n<div class=\"sumario-texto\">\n<p class=\"texto_grande\">La playa no siempre fue un destino del deseo, sino que se ve\u00eda como lo que es: un lugar agreste y peligroso solo frecuentado por marineros, pescadores, piratas y los cad\u00e1veres hinchados que el mar devuelve de los naufragios. All\u00ed no hab\u00eda nada que ver<\/p>\n<\/div>\n<\/div>\n<\/section>\n<p style=\"text-align: justify;\">La playa no siempre fue un destino del deseo, sino que se ve\u00eda como lo que es: un lugar agreste y peligroso solo frecuentado por marineros, pescadores, piratas y los cad\u00e1veres hinchados que el mar devuelve de los naufragios. All\u00ed no hab\u00eda nada que ver, como relata el historiador Alain Corbin en su obra <em>El territorio del vac\u00edo<\/em>. <em>Occidente y la invenci\u00f3n de la playa<\/em> (1750\u20131840). Luego, tras la Ilustraci\u00f3n, la burgues\u00eda, la aristocracia y la realeza comenzaron a frecuentar playas como la de Biarritz o los balnearios costeros brit\u00e1nicos, siguiendo las ideas del movimiento higienista: ba\u00f1os de agua, viento, naturaleza: curaci\u00f3n, un sano <em>lifestyle<\/em>. Los artistas comenzaron a interesarse por ese l\u00edmite entre dos mundos, por ese rom\u00e1ntico balc\u00f3n al infinito, por ese borde existencial (a m\u00ed la playa me da ansiedad porque me hace pensar en la eternidad y en las olas chocando eternamente, una y otra vez, contra la orilla, millones de a\u00f1os despu\u00e9s de que yo haya muerto).<\/p>\n<p style=\"text-align: justify;\">Y la cosa se puso de moda. Y as\u00ed hasta los posados y robados de <em>celebrities<\/em> que llenan por estas fechas las revistas de cotilleo en las playas m\u00e1s exclusivas. Fue Coco Chanel, por cierto, la que populariz\u00f3 el bronceado, en la Riviera Francesa, como se\u00f1al de glamur o estatus. En Par\u00eds lo pet\u00f3. A\u00f1os despu\u00e9s la Barbie Malib\u00fa ten\u00eda tez oscura y accesorios playeros. La tanorexia se encarn\u00f3 en personajes hist\u00f3ricos hegelianos como Julio Iglesias. Antes, ese tono de piel serv\u00eda para identificar a jornaleros, extranjeros y otras personas que trabajaban al sol, preferentemente pobres. Los reyes y arist\u00f3cratas se mostraban tradicionalmente p\u00e1lidos para evidenciar su sangre azul.<\/p>\n<p style=\"text-align: justify;\">Cuando la playa empez\u00f3 a popularizarse era cosa de ricos (la reina Mar\u00eda Cristina y su corte veraneaban en San Sebasti\u00e1n), una de las razones por las que ahora el bronceado queda bien y no es un estigma. Despu\u00e9s del <em>boom<\/em> tur\u00edstico, a mediados del XX, las playas se llenaron de clase media y baja, embadurnada en crema y ataviada con ba\u00f1ador (nadie es guapo en la playa, ni siquiera las <em>celebrities<\/em>, con la excepci\u00f3n de alguna <em>influencer<\/em>) y hasta hoy, que tenemos playas reticuladas para frenar la pandemia. Pero, vaya, que no hay nada en la playa que sea connatural al ser humano, m\u00e1s all\u00e1 de que toda vida surgi\u00f3 del mar.<\/p>\n<section id=\"sumario_1|foto\" class=\"sumario_foto centro\"><a name=\"sumario_1\"><\/a><\/p>\n<div class=\"sumario__interior\">\n<figure class=\"foto foto_w980\"><img data-recalc-dims=\"1\" loading=\"lazy\" decoding=\"async\" class=\"alignnone\" src=\"https:\/\/i0.wp.com\/ep01.epimg.net\/elpais\/imagenes\/2020\/08\/10\/icon\/1597047041_076976_1597054700_sumario_normal.jpg?resize=640%2C481&#038;ssl=1\" alt=\"Contra la playa: c\u00f3mo acabamos adorando el lugar m\u00e1s inc\u00f3modo del mundo\" width=\"640\" height=\"481\" \/><figcaption class=\"foto-pie\"><span class=\"foto-firma\"> <span class=\"foto-agencia\">Getty Images<\/span><\/span><\/figcaption><\/figure>\n<div class=\"sumario-texto\">\u00a0<\/div>\n<\/div>\n<\/section>\n<p style=\"text-align: justify;\">Llegamos pues a esta sociedad <em>playoc\u00e9ntrica<\/em> que tiene a la playa como el <em>summum<\/em> del confort, del \u00e9xito y del bienestar. Sin embargo, a nadie se le escapa que la playa es un lugar inc\u00f3modo donde te embadurnas de arena (que combina muy mal con la crema solar) y soportas temperaturas extremas. Tambi\u00e9n es un lugar inh\u00f3spito: los dermat\u00f3logos est\u00e1n de acuerdo en que tomar el sol es un deporte de riesgo, fuente de melanomas, quemaduras o insolaciones. Las colas del chiringuito, las zonas de <em>cruising<\/em> y las salmonelosis. Cuando yo era chaval, en plena epidemia de la hero\u00edna de los ochenta, se dec\u00eda que los toxic\u00f3manos enterraban en la arena sus jeringuillas con la punta hacia arriba, para que la gente se pinchase, pero era, claro, una leyenda urbana.<\/p>\n<p class=\"texto_grande\" style=\"text-align: justify;\">Eso por no hablar de los peligros del mar: un ahogo cuando te atrapa la resaca (cualquier resaca), esa alga cinematogr\u00e1fica que se enreda a tus piernas y te lleva al fondo, el tibur\u00f3n de Spielberg, el calamar gigante, <a href=\"https:\/\/es.wikipedia.org\/wiki\/Kraken\" target=\"_blank\" rel=\"noopener noreferrer\">el<\/a> <a href=\"https:\/\/es.wikipedia.org\/wiki\/Kraken\" target=\"_blank\" rel=\"nofollow noopener noreferrer\">kraken.<\/a> O la medusa que me pic\u00f3 el a\u00f1o pasado. Cuando me llevan en barco mar adentro y me tiro a nadar siento un terror <em>lovecraftiano<\/em> imaginando los horrores desconocidos que flotan por debajo de mis blancos e inocentes pies.<\/p>\n<p class=\"texto_grande\" style=\"text-align: justify;\">Los que no somos proclives a la playa somos un colectivo olvidado y oprimido por la sociedad. Muchas veces, como es mi caso, voy a la playa solo para no ser un marginado social, y para poder ver a mis seres queridos y compartir momentos con ellos<\/p>\n<section id=\"sumario_3|html\" class=\"sumario_html derecha\"><\/section>\n<p style=\"text-align: justify;\">Los que no somos proclives a la playa somos un colectivo olvidado y oprimido por la sociedad. Muchas veces, como es mi caso, voy a la playa solo para no ser un marginado social, y para poder ver a mis seres queridos y compartir momentos con ellos. Porque si hay que elegir entre ir a la playa o no, la elecci\u00f3n siempre debe ser playa, porque es lo considerado bueno, virtuoso y correcto. Nosotros somos los raros y lo sufrimos en silencio, como la hemorroides.<\/p>\n<p style=\"text-align: justify;\">Este a\u00f1o estuve de vacaciones por mi Asturias natal, buena opci\u00f3n para un no-playero en tiempos de coronavirus: hay pocos d\u00edas de sol, de hecho, se dice que el verano es el \u201cd\u00eda\u201d m\u00e1s bonito del a\u00f1o en Asturias. All\u00ed, en las rocosas y asalvajadas playas de Llanes, me di cuenta de que existen playas m\u00e1s proclives al humano y otras menos. Las playas urbanas, por ejemplo, son h\u00e1bitat humano: no en vano est\u00e1n dentro de la ciudad, la creaci\u00f3n humana por excelencia. Son playas muy raras porque puedes ense\u00f1ar las tetas e ir semidesnudo a solo unos metros de las calles, llenas de Inditex, por donde hacerlo ser\u00eda escandaloso.<\/p>\n<p style=\"text-align: justify;\">Luego est\u00e1n las playas de los t\u00edpicos destinos de sol y playa: el Levante espa\u00f1ol o la Costa del Sol. Esas playas est\u00e1n completamente domesticadas, con un mar de pis, de modo que las masas horteras no desentonan demasiado posando delante de la fila de grandes hoteles <em>low cost<\/em> del paseo mar\u00edtimo.<\/p>\n<p style=\"text-align: justify;\">Pero las playas del norte son diferentes: el mar Cant\u00e1brico es violento y malcarado y all\u00ed se enfrenta, en singular batalla, a las rocas de los acantilados. Los bosques se meten en la playa y la playa se mete en los bosques, predomina el gris de la monta\u00f1a y verde oscuro de la fronda asturiana, y todo es \u00e9lfico y mitol\u00f3gico. En estos lugares de naturaleza tan impresionante y asilvestrada la presencia de los humanos es como un delito c\u00f3smico, con nuestra ropa fluorescente, y nuestros artilugios de pl\u00e1stico, y nuestras lorzas de fabada y nuestros bocatas de carne empanada envueltos en papel albal. Y ese yogur vac\u00edo que usamos como cenicero, en el mejor de los casos.<\/p>\n<p style=\"text-align: justify;\">Qu\u00e9 feos somos y qu\u00e9 horteras en contraste con el sublime kantiano de la naturaleza norte\u00f1a, qu\u00e9 desv\u00edo degenerado de la evoluci\u00f3n. Basta ya. La playa, para los monstruos marinos y para las galernas.<\/p>\n<div class=\"autor\">\n<div class=\"autor-texto\"><span class=\"autor-nombre\"> <a title=\"Ver todas las noticias de Sergio C. Fanjul\" href=\"https:\/\/elpais.com\/autor\/sergio_cuadrado_fanjul\/a\/\">Sergio C. Fanjul<\/a> <\/span><\/div>\n<div>\n<p>FOTO:<span class=\"foto-texto\">Vista a\u00e9rea de unos cuantos ba\u00f1istas en Cala Macarelleta en Menorca.<\/span> <span class=\"foto-firma\"> <span class=\"foto-agencia\">Getty Images<\/span><\/span><\/p>\n<p>https:\/\/elpais.com\/elpais\/2020\/08\/10\/icon\/1597047041_076976.html<\/p>\n<\/div>\n<div>\u00a0<\/div>\n<\/div>\n","protected":false},"excerpt":{"rendered":"<p>Fue un lugar de pobres, luego de ricos y luego de clase media, no es&#8230;<\/p>\n","protected":false},"author":1,"featured_media":41689,"comment_status":"closed","ping_status":"closed","sticky":false,"template":"","format":"standard","meta":{"_coblocks_attr":"","_coblocks_dimensions":"","_coblocks_responsive_height":"","_coblocks_accordion_ie_support":"","jetpack_post_was_ever_published":false,"_jetpack_newsletter_access":"","_jetpack_dont_email_post_to_subs":false,"_jetpack_newsletter_tier_id":0,"_jetpack_memberships_contains_paywalled_content":false,"_jetpack_memberships_contains_paid_content":false,"footnotes":"","jetpack_publicize_message":"","jetpack_publicize_feature_enabled":true,"jetpack_social_post_already_shared":false,"jetpack_social_options":{"image_generator_settings":{"template":"highway","default_image_id":0,"enabled":false},"version":2}},"categories":[1161,7149,44,6937,15],"tags":[7598],"class_list":["post-41688","post","type-post","status-publish","format-standard","has-post-thumbnail","hentry","category-ciudadania","category-coronavirus","category-noticias-de-hoy","category-sociedad","category-ultimas-noticias","tag-playa-incomodidad"],"jetpack_publicize_connections":[],"jetpack_featured_media_url":"https:\/\/i0.wp.com\/miradordeatarfe.es\/wp-content\/uploads\/2020\/09\/1597047041_076976_1597047980_noticia_normal_recorte1-scaled.jpg?fit=1706%2C2560&ssl=1","jetpack_likes_enabled":true,"jetpack_sharing_enabled":true,"_links":{"self":[{"href":"https:\/\/miradordeatarfe.es\/index.php?rest_route=\/wp\/v2\/posts\/41688","targetHints":{"allow":["GET"]}}],"collection":[{"href":"https:\/\/miradordeatarfe.es\/index.php?rest_route=\/wp\/v2\/posts"}],"about":[{"href":"https:\/\/miradordeatarfe.es\/index.php?rest_route=\/wp\/v2\/types\/post"}],"author":[{"embeddable":true,"href":"https:\/\/miradordeatarfe.es\/index.php?rest_route=\/wp\/v2\/users\/1"}],"replies":[{"embeddable":true,"href":"https:\/\/miradordeatarfe.es\/index.php?rest_route=%2Fwp%2Fv2%2Fcomments&post=41688"}],"version-history":[{"count":1,"href":"https:\/\/miradordeatarfe.es\/index.php?rest_route=\/wp\/v2\/posts\/41688\/revisions"}],"predecessor-version":[{"id":41690,"href":"https:\/\/miradordeatarfe.es\/index.php?rest_route=\/wp\/v2\/posts\/41688\/revisions\/41690"}],"wp:featuredmedia":[{"embeddable":true,"href":"https:\/\/miradordeatarfe.es\/index.php?rest_route=\/wp\/v2\/media\/41689"}],"wp:attachment":[{"href":"https:\/\/miradordeatarfe.es\/index.php?rest_route=%2Fwp%2Fv2%2Fmedia&parent=41688"}],"wp:term":[{"taxonomy":"category","embeddable":true,"href":"https:\/\/miradordeatarfe.es\/index.php?rest_route=%2Fwp%2Fv2%2Fcategories&post=41688"},{"taxonomy":"post_tag","embeddable":true,"href":"https:\/\/miradordeatarfe.es\/index.php?rest_route=%2Fwp%2Fv2%2Ftags&post=41688"}],"curies":[{"name":"wp","href":"https:\/\/api.w.org\/{rel}","templated":true}]}}