{"id":41706,"date":"2020-09-14T08:20:41","date_gmt":"2020-09-14T06:20:41","guid":{"rendered":"http:\/\/miradordeatarfe.es\/?p=41706"},"modified":"2020-09-12T18:23:55","modified_gmt":"2020-09-12T16:23:55","slug":"el-cole-granadino-con-clases-en-el-patio-y-ayuda-de-los-papas-pediatras-para-disenar-la-seguridad","status":"publish","type":"post","link":"https:\/\/miradordeatarfe.es\/?p=41706","title":{"rendered":"El cole granadino con clases en el patio y ayuda de los pap\u00e1s pediatras para dise\u00f1ar la seguridad"},"content":{"rendered":"<h3 style=\"text-align: justify;\">El colegio Fuentenueva ha elaborado un protocolo de seguridad que le permite seguir impartiendo su modelo de educaci\u00f3n \u00abcooperativa\u00bb, para lo que ha contado apoyo de padres m\u00e9dicos o expertos en riesgos laborales<\/h3>\n<div class=\"voc-detail voc-detail-grid\" data-voc-share-selection=\"\">\n<p style=\"text-align: justify;\">El protocolo del colegio Fuentenueva tiene 140 folios de extensi\u00f3n y m\u00e1s de dos meses de trabajo detr\u00e1s, pero al final toda su filosof\u00eda se resume en cuatro &#8216;mandamientos&#8217;: <strong>distancia social, mascarilla, continuo lavado de manos y sentido com\u00fan y disciplina para aplicarlos<\/strong>. El director del centro de la capital granadina, Luis Pinto Ju\u00e1rez, est\u00e1 orgulloso del trabajo que han han hecho los profesores para poder continuar el proyecto educativo \u00abbasado en la cooperaci\u00f3n\u00bb y adaptarlo a las normas de seguridad que impone la pandemia del coronavirus.<\/p>\n<p style=\"text-align: justify;\">\u00abLa sociedad coopera y nuestro modelo <strong>se basa en poner a prueba la diferentes inteligencias a partir de un proyecto com\u00fan<\/strong>. Nuestros ni\u00f1os colaboran, no hacen el ejercicio de la p\u00e1gina 23 sino que resuelven problemas entre todos\u00ab, explica<\/p>\n<p style=\"text-align: justify;\">Un modelo educativo dif\u00edcil de desarrollar en tiempos de coronavirus&#8230; pero no imposible. \u00abEl trabajo que ha hecho todo el claustro de profesores para que podamos mantener nuestro modelo de educaci\u00f3n cooperativa ha sido un espect\u00e1culo, tenemos mucha suerte con estos profesionales\u00bb, destaca el director.<\/p>\n<p style=\"text-align: justify;\">En su protocolo para poder trabajaren equipo incluyen, por ejemplo, <strong>clases de distintas asignaturas que se imparten en el patio del centro, que se ha dividido por sectores y trabajos digitales<\/strong> a trav\u00e9s de documentos compartidos por una plataforma virtual.<\/p>\n<div class=\"voc-photo-combo-three\" style=\"text-align: justify;\">\n<figure class=\"voc-figure-medium\"><\/figure>\n<p><span class=\"figure-caption\"><span class=\"voc-photo-caption\">Luis Pinto, director del colegio Fuentenueva. \/ <\/span><span class=\"voc-photo-author\">Ram\u00f3n L. P\u00e9rez<\/span><\/span><\/div>\n<p style=\"text-align: justify;\">Y como lo de cooperar y aportar lo mejor de cada uno lo llevan a gala en el colegio, tambi\u00e9n han sumado a los padres expertos en las materias que se escapan a los docentes a la hora de dise\u00f1ar el plan de seguridad para este curso.<\/p>\n<p style=\"text-align: justify;\">En este colegio tienen claro que <strong>\u00abla administraci\u00f3n llega hasta donde puede\u00bb<\/strong> y para no pararse y seguir recorriendo el siguiente trecho del camino hay que contar con toda la &#8216;tribu&#8217; del Fuentenueva, que incluye a profesores y padres.<\/p>\n<p style=\"text-align: justify;\">\u00abPor suerte con <strong>500 alumnos tenemos de todo entre los padres, pediatras, expertos en Riesgos Laborales, m\u00e9dicos&#8230;<\/strong> les hemos pedido ayuda y se han implicado para colaborar con nosotros en el dise\u00f1o del protocolo\u00ab, apunta el director.<\/p>\n<p style=\"text-align: justify;\">Los pap\u00e1s expertos han realizado aportaciones que han mejorado las medidas de seguridad para limitar al m\u00e1ximo el contacto, cambiando por ejemplo el emplazamiento donde se sirve el desayuno, o ech\u00e1ndole ingenio y horas de esfuerzo para dise\u00f1ar un comedor seguro \u00abcuando no te puedes gastar tres mil euros en mamparas\u00bb, que hubiera sido lo m\u00e1s r\u00e1pido.<\/p>\n<p style=\"text-align: justify;\">Otro detalle que corrigieron los pap\u00e1s expertos: Adi\u00f3s a los percheros, los ni\u00f1os utilizar\u00e1n el respaldo de la silla para evitar el contacto.<\/p>\n<p style=\"text-align: justify;\">El trabajo y las ganas, no obstante, no pueden salvar todos los obst\u00e1culos, a la hora, por ejemplo de bajar el n\u00famero de alumnos por aula como les gustar\u00eda.<\/p>\n<p style=\"text-align: justify;\">\u00abTenemos espacios en el colegio que nos permitir\u00edan bajar las ratios, lo que no tenemos son profesores para poder desdoblar clases. El pasado a\u00f1o ten\u00edamos 26 docentes en plantilla y este a\u00f1o 25 y dos refuerzos covid de los que solo se ha incorporado uno. Adem\u00e1s tenemos cuatro bajas de larga duraci\u00f3n sin cubrir, lo que hace que los maestros trabajen saturados y limita la posibilidad de hacer horarios enriquecedores&#8230; <strong>Pero sobre todas las cosas tenemos un compromiso profesional muy fuerte para sacar esto adelante<\/strong>\u00ab, resume Pinto.<\/p>\n<p style=\"text-align: justify;\">A pesar del coronavirus, en el colegio Fuentenueva tienen claro que van a luchar por mantener su modelo de educaci\u00f3n coperativa: <strong>\u00abLa escuela p\u00fablica la hacemos entre todos\u00bb. <\/strong><\/p>\n<\/div>\n<p><a class=\"voc-author\" title=\"MERCEDES NAVARRETE\" href=\"https:\/\/www.ideal.es\/autor\/mercedes-navarrete-434.html\">MERCEDES NAVARRETE <\/a><\/p>\n<p><span class=\"voc-photo-caption\">FOTO: La se\u00f1o Patri marca a sus alumnos de segundo de primaria la distancia que tienen que guardar en la fila del patio. \/ <\/span><span class=\"voc-photo-author\">Ram\u00f3n L. P\u00e9rez<\/span><\/p>\n","protected":false},"excerpt":{"rendered":"<p>El colegio Fuentenueva ha elaborado un protocolo de seguridad que le permite seguir impartiendo su&#8230;<\/p>\n","protected":false},"author":1,"featured_media":41707,"comment_status":"closed","ping_status":"closed","sticky":false,"template":"","format":"standard","meta":{"_coblocks_attr":"","_coblocks_dimensions":"","_coblocks_responsive_height":"","_coblocks_accordion_ie_support":"","jetpack_post_was_ever_published":false,"_jetpack_newsletter_access":"","_jetpack_dont_email_post_to_subs":false,"_jetpack_newsletter_tier_id":0,"_jetpack_memberships_contains_paywalled_content":false,"_jetpack_memberships_contains_paid_content":false,"footnotes":"","jetpack_publicize_message":"","jetpack_publicize_feature_enabled":true,"jetpack_social_post_already_shared":false,"jetpack_social_options":{"image_generator_settings":{"template":"highway","default_image_id":0,"enabled":false},"version":2}},"categories":[1161,7149,44,15],"tags":[7021,27,7136],"class_list":["post-41706","post","type-post","status-publish","format-standard","has-post-thumbnail","hentry","category-ciudadania","category-coronavirus","category-noticias-de-hoy","category-ultimas-noticias","tag-coronavirus","tag-educacion","tag-medidas-coronavirus"],"jetpack_publicize_connections":[],"jetpack_featured_media_url":"https:\/\/i0.wp.com\/miradordeatarfe.es\/wp-content\/uploads\/2020\/09\/distancias.jpg?fit=1374%2C916&ssl=1","jetpack_likes_enabled":true,"jetpack_sharing_enabled":true,"_links":{"self":[{"href":"https:\/\/miradordeatarfe.es\/index.php?rest_route=\/wp\/v2\/posts\/41706","targetHints":{"allow":["GET"]}}],"collection":[{"href":"https:\/\/miradordeatarfe.es\/index.php?rest_route=\/wp\/v2\/posts"}],"about":[{"href":"https:\/\/miradordeatarfe.es\/index.php?rest_route=\/wp\/v2\/types\/post"}],"author":[{"embeddable":true,"href":"https:\/\/miradordeatarfe.es\/index.php?rest_route=\/wp\/v2\/users\/1"}],"replies":[{"embeddable":true,"href":"https:\/\/miradordeatarfe.es\/index.php?rest_route=%2Fwp%2Fv2%2Fcomments&post=41706"}],"version-history":[{"count":1,"href":"https:\/\/miradordeatarfe.es\/index.php?rest_route=\/wp\/v2\/posts\/41706\/revisions"}],"predecessor-version":[{"id":41708,"href":"https:\/\/miradordeatarfe.es\/index.php?rest_route=\/wp\/v2\/posts\/41706\/revisions\/41708"}],"wp:featuredmedia":[{"embeddable":true,"href":"https:\/\/miradordeatarfe.es\/index.php?rest_route=\/wp\/v2\/media\/41707"}],"wp:attachment":[{"href":"https:\/\/miradordeatarfe.es\/index.php?rest_route=%2Fwp%2Fv2%2Fmedia&parent=41706"}],"wp:term":[{"taxonomy":"category","embeddable":true,"href":"https:\/\/miradordeatarfe.es\/index.php?rest_route=%2Fwp%2Fv2%2Fcategories&post=41706"},{"taxonomy":"post_tag","embeddable":true,"href":"https:\/\/miradordeatarfe.es\/index.php?rest_route=%2Fwp%2Fv2%2Ftags&post=41706"}],"curies":[{"name":"wp","href":"https:\/\/api.w.org\/{rel}","templated":true}]}}