{"id":41714,"date":"2020-09-14T11:42:10","date_gmt":"2020-09-14T09:42:10","guid":{"rendered":"http:\/\/miradordeatarfe.es\/?p=41714"},"modified":"2020-10-04T14:13:19","modified_gmt":"2020-10-04T12:13:19","slug":"el-museo-ausente-por-remedios-sanchez","status":"publish","type":"post","link":"https:\/\/miradordeatarfe.es\/?p=41714","title":{"rendered":"\u00abEL MUSEO AUSENTE\u00bb por Remedios S\u00e1nchez"},"content":{"rendered":"<h3 align=\"JUSTIFY\"><span lang=\"es-ES\"><b> Granada tiene que ser ahora la ciudad de las ideas, reinventarse para no morir de un ataque de nostalgia. <\/b><\/span><\/h3>\n<p align=\"JUSTIFY\"><span style=\"font-family: Times New Roman, serif;\"><span style=\"font-size: medium;\"><span lang=\"es-ES\">Granada, septiembre y una brisa en los cristales como advertencia del oto\u00f1o presentido en un a\u00f1o sin verano, como aquel que vivieron en 1816 los ciudadanos de un mundo asolado por el clima y la miseria. A nosotros nos ha tocado una pandemia, otra manera de destruir la esperanza y las posibilidades de una ciudad como Granada, que resiste aferrada al pasado y que tiene que tomar conciencia de que vivir s\u00f3lo mirando a La Alhambra como motor tur\u00edstico es la m\u00e1s acabada definici\u00f3n del fracaso futuro. Ya s\u00e9 que esto debo tenerlo escrito en 2002 y en a\u00f1os sucesivos, pero es que andamos siempre d\u00e1ndole vueltas a lo mismo, como en un bucle interminable que esta ciudadan\u00eda no se merece. Ahora, <\/span><\/span><\/span><span style=\"font-family: Times New Roman, serif;\"><span style=\"font-size: medium;\"><span lang=\"es-ES\"><b>con la crisis que se avecina, todos tenemos la obligaci\u00f3n de arrimar el hombro, de defender Granada por delante de ideolog\u00edas o intereses <\/b><\/span><\/span><\/span><span style=\"font-family: Times New Roman, serif;\"><span style=\"font-size: medium;\"><span lang=\"es-ES\">y no perder tiempo viendo enemigos donde existen contrincantes (o compa\u00f1eros, que de todo hay) con una buena propuesta. <\/span><\/span><\/span><span style=\"font-family: Times New Roman, serif;\"><span style=\"font-size: medium;\"><span lang=\"es-ES\"><b>\u00c9sta tiene que ser ahora la ciudad de las ideas, reinventarse para no morir de un ataque de nostalgia. <\/b><\/span><\/span><\/span><span style=\"font-family: Times New Roman, serif;\"><span style=\"font-size: medium;\"><span lang=\"es-ES\">Porque Granada y sus l\u00edderes tienen la obligaci\u00f3n de salvar una econom\u00eda vinculada al patrimonio y a la cultura en todas sus expresiones que han sido los motores del sector servicios desde hace d\u00e9cadas. No nos enga\u00f1emos: somos herederos de nuestra historia que no se puede revertir de golpe porque, adem\u00e1s, tampoco lo pretendemos. <\/span><\/span><\/span><\/p>\n<p align=\"JUSTIFY\"><span style=\"font-family: Times New Roman, serif;\"><span style=\"font-size: medium;\"><span lang=\"es-ES\">Por eso sorprende que sigamos sin tener ubicaci\u00f3n clara para ese gran museo de la ciudad que tanto se necesita; porque no requerimos quince museos como M\u00e1laga, sino un par de grandes espacios donde se exponga adecuadamente un patrimonio rico y heterodoxo, \u00e9se que se guarda en los s\u00f3tanos municipales o en los domicilios de quienes tienen voluntad de donarlo a esta tierra. Cuando la campa\u00f1a electoral, recuerdo a todos los grupos pol\u00edticos hablando de ese museo; a Cuenca, que por fin recuper\u00f3 \u00c1greda (un asunto que, dicen ahora, est\u00e1 dilucid\u00e1ndose en el Supremo mientras el edificio se cae) o a Sebasti\u00e1n, hablando con la antigua ministra de Defensa para la cesi\u00f3n del antiguo convento de la Merced, que re\u00fane todas las caracter\u00edsticas, a falta de adaptarlo. Si ambos proyectos se lograron (me consta), mi pregunta ahora es por qu\u00e9 somos incapaces de avanzar partiendo de \u00e9sas mimbres puestas, por qu\u00e9 siempre estamos en la casilla de inicio. <\/span><\/span><\/span><\/p>\n<p align=\"JUSTIFY\"><span style=\"font-family: Times New Roman, serif;\"><span style=\"font-size: medium;\"><span lang=\"es-ES\">Evidentemente, se necesita inversi\u00f3n en ambos edificios, pero tambi\u00e9n sabemos que la Junta de Andaluc\u00eda, a trav\u00e9s de Marifr\u00e1n Carazo y Roc\u00edo D\u00edaz, ha librado 23 millones del remanente de La Alhambra para rehabilitar nuestro patrimonio. La cuesti\u00f3n es seleccionar prioridades en esta Granada que se cae a pedazos, pero en la que resulta esencial crear una estructura muse\u00edstica verdadera capaz de atraer un turismo de calidad y visa oro que fomente ese empleo que tanta falta nos hace, especialmente en este momento en que resulta obligado avanzar. Pensar otra cosa es quedarse \u00fanicamente en buenas intenciones. Y ya sabemos que de buenas intenciones est\u00e1 empedrado el camino al infierno. <\/span><\/span><\/span><\/p>\n","protected":false},"excerpt":{"rendered":"<p>Granada tiene que ser ahora la ciudad de las ideas, reinventarse para no morir de&#8230;<\/p>\n","protected":false},"author":1,"featured_media":41715,"comment_status":"closed","ping_status":"closed","sticky":false,"template":"","format":"standard","meta":{"_coblocks_attr":"","_coblocks_dimensions":"","_coblocks_responsive_height":"","_coblocks_accordion_ie_support":"","jetpack_post_was_ever_published":false,"_jetpack_newsletter_access":"","_jetpack_dont_email_post_to_subs":false,"_jetpack_newsletter_tier_id":0,"_jetpack_memberships_contains_paywalled_content":false,"_jetpack_memberships_contains_paid_content":false,"footnotes":"","jetpack_publicize_message":"","jetpack_publicize_feature_enabled":true,"jetpack_social_post_already_shared":false,"jetpack_social_options":{"image_generator_settings":{"template":"highway","default_image_id":0,"enabled":false},"version":2}},"categories":[1161,44,6914,6937,15],"tags":[4554,7604,354],"class_list":["post-41714","post","type-post","status-publish","format-standard","has-post-thumbnail","hentry","category-ciudadania","category-noticias-de-hoy","category-opinion-de-reme-sanchez","category-sociedad","category-ultimas-noticias","tag-ayuntamiento-de-granada","tag-museo-de-granada","tag-partidos-politicos"],"jetpack_publicize_connections":[],"jetpack_featured_media_url":"https:\/\/i0.wp.com\/miradordeatarfe.es\/wp-content\/uploads\/2020\/09\/unnamed.jpg?fit=512%2C288&ssl=1","jetpack_likes_enabled":true,"jetpack_sharing_enabled":true,"_links":{"self":[{"href":"https:\/\/miradordeatarfe.es\/index.php?rest_route=\/wp\/v2\/posts\/41714","targetHints":{"allow":["GET"]}}],"collection":[{"href":"https:\/\/miradordeatarfe.es\/index.php?rest_route=\/wp\/v2\/posts"}],"about":[{"href":"https:\/\/miradordeatarfe.es\/index.php?rest_route=\/wp\/v2\/types\/post"}],"author":[{"embeddable":true,"href":"https:\/\/miradordeatarfe.es\/index.php?rest_route=\/wp\/v2\/users\/1"}],"replies":[{"embeddable":true,"href":"https:\/\/miradordeatarfe.es\/index.php?rest_route=%2Fwp%2Fv2%2Fcomments&post=41714"}],"version-history":[{"count":1,"href":"https:\/\/miradordeatarfe.es\/index.php?rest_route=\/wp\/v2\/posts\/41714\/revisions"}],"predecessor-version":[{"id":41716,"href":"https:\/\/miradordeatarfe.es\/index.php?rest_route=\/wp\/v2\/posts\/41714\/revisions\/41716"}],"wp:featuredmedia":[{"embeddable":true,"href":"https:\/\/miradordeatarfe.es\/index.php?rest_route=\/wp\/v2\/media\/41715"}],"wp:attachment":[{"href":"https:\/\/miradordeatarfe.es\/index.php?rest_route=%2Fwp%2Fv2%2Fmedia&parent=41714"}],"wp:term":[{"taxonomy":"category","embeddable":true,"href":"https:\/\/miradordeatarfe.es\/index.php?rest_route=%2Fwp%2Fv2%2Fcategories&post=41714"},{"taxonomy":"post_tag","embeddable":true,"href":"https:\/\/miradordeatarfe.es\/index.php?rest_route=%2Fwp%2Fv2%2Ftags&post=41714"}],"curies":[{"name":"wp","href":"https:\/\/api.w.org\/{rel}","templated":true}]}}