{"id":41717,"date":"2020-09-17T11:51:57","date_gmt":"2020-09-17T09:51:57","guid":{"rendered":"http:\/\/miradordeatarfe.es\/?p=41717"},"modified":"2020-09-15T17:02:03","modified_gmt":"2020-09-15T15:02:03","slug":"la-nina-de-atarfe-paquita-rios","status":"publish","type":"post","link":"https:\/\/miradordeatarfe.es\/?p=41717","title":{"rendered":"LA NI\u00d1A DE ATARFE: PAQUITA RIOS por Jos\u00e9 Enrique Granados"},"content":{"rendered":"<h2 style=\"text-align: justify;\">PAQUITA RIOS L\u00d3PEZ se llev\u00f3 en 1957 el premio de \u00ab<strong>Reina del Cante Flamenco<\/strong>\u00bb .En la p\u00e1gina<strong> Alcal\u00e1 flamenca<\/strong> aparece una entrada fechada en mayo de 2011, escrita por <strong>Jos\u00e9 Manuel \u201cMibri\u201d<\/strong> en donde sobre <strong>la Ni\u00f1a de Atarfe<\/strong>, podemos leer<\/h2>\n<p style=\"text-align: justify;\">Corr\u00eda en Granada el a\u00f1o de 1957, que algunos recuerdan como\u00a0un a\u00f1o\u00a0despu\u00e9s del\u00a0gran terremoto de Atarfe-Albolote. Con motivo de las fiestas del Corpus, <strong>La Voz de Granada<\/strong>, un programa de Radio Intercontinental de Granada organiza un\u00a0torneo de voces\u00a0con el t\u00edtulo <strong>\u00abDesde su hogar a la fama\u00bb<\/strong> que presentaban\u00a0Carlos\u00a0Tom\u00e1s Romero\u00a0y Josefina Ram\u00edrez. <\/p>\n<p>Se otorgaron varios premios seg\u00fan la modalidad de \u00abcanci\u00f3n\u00bb por la que compet\u00edan los participantes. Estas modalidades eran canci\u00f3n moderna, zarzuela, andaluza y flamenco, adem\u00e1s de otorgarse varios premios especiales.<\/p>\n<table class=\"tr-caption-container\" style=\"height: 24px; width: 10px;\" width=\"29\" cellspacing=\"0\" cellpadding=\"0\">\n<tbody>\n<tr>\n<td style=\"width: 5.53333px;\">\u00a0<\/td>\n<\/tr>\n<tr>\n<td class=\"tr-caption\" style=\"width: 5.53333px;\">\u00a0<\/td>\n<\/tr>\n<\/tbody>\n<\/table>\n<p style=\"text-align: justify;\">\u00a0Paquita R\u00edos L\u00f3pez cogi\u00f3 el tranv\u00eda desde Atarfe, se present\u00f3 en el concurso.\u00a0Era la\u00a0primera vez que se presentaba ante\u00a0un p\u00fablico tan numeroso\u00a0y acompa\u00f1ada de un guitarrista.\u00a0Cant\u00f3 dos fandangos y una media grana\u00edna, que era lo que la ocasi\u00f3n requer\u00eda y se llev\u00f3 el premio de \u00ab<strong>Reina del Cante Flamenco<\/strong>\u00ab.<\/p>\n<div class=\"separator\" style=\"text-align: justify;\"><a href=\"https:\/\/i0.wp.com\/3.bp.blogspot.com\/-wc-kWv6MGks\/TcV5G4nmz3I\/AAAAAAAAAR8\/TRsg6iqFNvU\/s1600\/Concurso%2Bflamenco%2Bradio%2B2.jpg\"><img data-recalc-dims=\"1\" loading=\"lazy\" decoding=\"async\" class=\"aligncenter\" src=\"https:\/\/i0.wp.com\/3.bp.blogspot.com\/-wc-kWv6MGks\/TcV5G4nmz3I\/AAAAAAAAAR8\/TRsg6iqFNvU\/s280\/Concurso%2Bflamenco%2Bradio%2B2.jpg?resize=280%2C168\" alt=\"\" width=\"280\" height=\"168\" border=\"0\" \/><\/a><\/div>\n<div style=\"text-align: justify;\" align=\"center\">Paquita R\u00edos L\u00f3pez \u00abLa Ni\u00f1a de Atarfe\u00bb<\/div>\n<p style=\"text-align: justify;\">\u00a0<\/p>\n<div class=\"separator\" style=\"text-align: justify;\"><a href=\"https:\/\/i0.wp.com\/1.bp.blogspot.com\/-e83dP275izA\/UOXJVYESl5I\/AAAAAAAAAoQ\/FPFALMzIrco\/s1600\/Recorte%2Bprensa%2B1957%2BPaquita%2BRios.jpg\"><img data-recalc-dims=\"1\" loading=\"lazy\" decoding=\"async\" src=\"https:\/\/i0.wp.com\/1.bp.blogspot.com\/-e83dP275izA\/UOXJVYESl5I\/AAAAAAAAAoQ\/FPFALMzIrco\/s640\/Recorte%2Bprensa%2B1957%2BPaquita%2BRios.jpg?resize=256%2C640\" width=\"256\" height=\"640\" border=\"0\" \/>\u00a0\u00a0\u00a0\u00a0\u00a0\u00a0<\/a><a href=\"https:\/\/i0.wp.com\/1.bp.blogspot.com\/-GpafzJWp9Ls\/TcWDD7Q4KCI\/AAAAAAAAASI\/ZomxlqfgHlw\/s1600\/mama%2Ben%2Bla%2BGuzzi.jpg\"><img data-recalc-dims=\"1\" loading=\"lazy\" decoding=\"async\" src=\"https:\/\/i0.wp.com\/1.bp.blogspot.com\/-GpafzJWp9Ls\/TcWDD7Q4KCI\/AAAAAAAAASI\/ZomxlqfgHlw\/s320\/mama%2Ben%2Bla%2BGuzzi.jpg?resize=226%2C320\" width=\"226\" height=\"320\" border=\"0\" \/>\u00a0\u00a0\u00a0\u00a0\u00a0\u00a0\u00a0<\/a> \u00a0\u00a0 \u00a0\u00a0 \u00a0\u00a0 \u00a0\u00a0 \u00a0\u00a0 \u00a0\u00a0 \u00a0\u00a0 \u00a0\u00a0 \u00a0\u00a0 \u00a0\u00a0 \u00a0\u00a0 \u00a0\u00a0 <a href=\"https:\/\/i0.wp.com\/4.bp.blogspot.com\/-fuFmMReH-d0\/TcWANE3g67I\/AAAAAAAAASE\/fRZVQekSuSU\/s1600\/boda%2Brecorte.jpg\"><img data-recalc-dims=\"1\" loading=\"lazy\" decoding=\"async\" class=\"alignleft\" src=\"https:\/\/i0.wp.com\/4.bp.blogspot.com\/-fuFmMReH-d0\/TcWANE3g67I\/AAAAAAAAASE\/fRZVQekSuSU\/s280\/boda%2Brecorte.jpg?resize=280%2C192\" width=\"280\" height=\"192\" border=\"0\" \/><\/a><\/div>\n<p style=\"text-align: justify;\">\nSu enlace matrimonial con Antonio D\u00edaz Navarro termin\u00f3 por disolver cualquier aspiraci\u00f3n a subirse a las tablas, aunque yo me alegro, porque sino&#8230; yo no hubiera nacido.<\/p>\n<p style=\"text-align: justify;\">Su arte se desarroll\u00f3 exclusivamente en el \u00e1mbito familiar y recuerdo que a m\u00ed me daba mucha verg\u00fcenza que mi madre\u00a0se levantara a cantar\u00a0en\u00a0todos los grandes acontecimientos familiares\u00a0y temblaba cuando la gente comenzaba a vocear \u00a1Que cante Paquita!&#8230; \u00a1Que cante Paquita!, aunque\u00a0al final termin\u00e9 por acostumbrarme.<\/p>\n<p style=\"text-align: justify;\">Hoy d\u00eda lo echo de menos y ojal\u00e1 que a sus setenta y tantos a\u00f1os pudiera levantarse,\u00a0cantar y escuchar los aplausos y los gritos de la gente enfervorecida&#8230; como antes.<\/p>\n<p style=\"text-align: justify;\"><strong>Jos\u00e9 Manuel \u00abMibri\u00bb en su blog ALCALA FLAMENCA<br \/>\n<\/strong><\/p>\n<p>FOTO: Paquita R\u00edos L\u00f3pez \u00abLa Ni\u00f1a de Atarfe\u00bb<\/p>\n<p>http:\/\/mibri-alcalaflamenca.blogspot.com\/2011\/05\/la-nina-de-atarfe.html?m=1<\/p>\n","protected":false},"excerpt":{"rendered":"<p>PAQUITA RIOS L\u00d3PEZ se llev\u00f3 en 1957 el premio de \u00abReina del Cante Flamenco\u00bb .En&#8230;<\/p>\n","protected":false},"author":1,"featured_media":41718,"comment_status":"closed","ping_status":"closed","sticky":false,"template":"","format":"standard","meta":{"_coblocks_attr":"","_coblocks_dimensions":"","_coblocks_responsive_height":"","_coblocks_accordion_ie_support":"","jetpack_post_was_ever_published":false,"_jetpack_newsletter_access":"","_jetpack_dont_email_post_to_subs":false,"_jetpack_newsletter_tier_id":0,"_jetpack_memberships_contains_paywalled_content":false,"_jetpack_memberships_contains_paid_content":false,"footnotes":"","jetpack_publicize_message":"","jetpack_publicize_feature_enabled":true,"jetpack_social_post_already_shared":false,"jetpack_social_options":{"image_generator_settings":{"template":"highway","default_image_id":0,"enabled":false},"version":2}},"categories":[2,12,1225,38,44,6539,15],"tags":[7605,90,3679,7606],"class_list":["post-41717","post","type-post","status-publish","format-standard","has-post-thumbnail","hentry","category-atarfe","category-cultura","category-ha-de-atarfe","category-opinion-de-jose-enrique-granados","category-noticias-de-hoy","category-personajes-de-ataref","category-ultimas-noticias","tag-alcala-flamenca","tag-cultura","tag-la-nina-de-atarfe","tag-personajes-de-atarfe"],"jetpack_publicize_connections":[],"jetpack_featured_media_url":"https:\/\/i0.wp.com\/miradordeatarfe.es\/wp-content\/uploads\/2020\/09\/Concurso-flamenco-radio-1.jpg?fit=280%2C176&ssl=1","jetpack_likes_enabled":true,"jetpack_sharing_enabled":true,"_links":{"self":[{"href":"https:\/\/miradordeatarfe.es\/index.php?rest_route=\/wp\/v2\/posts\/41717","targetHints":{"allow":["GET"]}}],"collection":[{"href":"https:\/\/miradordeatarfe.es\/index.php?rest_route=\/wp\/v2\/posts"}],"about":[{"href":"https:\/\/miradordeatarfe.es\/index.php?rest_route=\/wp\/v2\/types\/post"}],"author":[{"embeddable":true,"href":"https:\/\/miradordeatarfe.es\/index.php?rest_route=\/wp\/v2\/users\/1"}],"replies":[{"embeddable":true,"href":"https:\/\/miradordeatarfe.es\/index.php?rest_route=%2Fwp%2Fv2%2Fcomments&post=41717"}],"version-history":[{"count":3,"href":"https:\/\/miradordeatarfe.es\/index.php?rest_route=\/wp\/v2\/posts\/41717\/revisions"}],"predecessor-version":[{"id":41721,"href":"https:\/\/miradordeatarfe.es\/index.php?rest_route=\/wp\/v2\/posts\/41717\/revisions\/41721"}],"wp:featuredmedia":[{"embeddable":true,"href":"https:\/\/miradordeatarfe.es\/index.php?rest_route=\/wp\/v2\/media\/41718"}],"wp:attachment":[{"href":"https:\/\/miradordeatarfe.es\/index.php?rest_route=%2Fwp%2Fv2%2Fmedia&parent=41717"}],"wp:term":[{"taxonomy":"category","embeddable":true,"href":"https:\/\/miradordeatarfe.es\/index.php?rest_route=%2Fwp%2Fv2%2Fcategories&post=41717"},{"taxonomy":"post_tag","embeddable":true,"href":"https:\/\/miradordeatarfe.es\/index.php?rest_route=%2Fwp%2Fv2%2Ftags&post=41717"}],"curies":[{"name":"wp","href":"https:\/\/api.w.org\/{rel}","templated":true}]}}