{"id":41722,"date":"2020-09-15T11:07:42","date_gmt":"2020-09-15T09:07:42","guid":{"rendered":"http:\/\/miradordeatarfe.es\/?p=41722"},"modified":"2020-09-13T14:13:13","modified_gmt":"2020-09-13T12:13:13","slug":"50-anos-del-ies-iliberis-por-jose-enrique-granados-2","status":"publish","type":"post","link":"https:\/\/miradordeatarfe.es\/?p=41722","title":{"rendered":"50 A\u00d1OS DEL IES ILIBERIS por Jos\u00e9 Enrique Granados"},"content":{"rendered":"<h3 style=\"text-align: justify;\">A lo largo de estos cincuenta <span class=\"text_exposed_show\">a\u00f1os se han producido muchos cambios en la sociedad que de forma inevitable han repercutido en el ambiente del instituto<\/span><\/h3>\n<p style=\"text-align: justify;\">Es imposible rese\u00f1ar todo lo acontecido durante cincuenta a\u00f1os en el instituto Il\u00edberis: es un espacio de tiempo muy largo en el que se han sucedido diversos equipos directivos, a la vez que han ido cambiando las leyes educativas y se han aplicado diversos proyectos y reformas de distinto signo. Gran parte del edificio antiguo fue demolido para construir en su lugar uno nuevo, de m\u00e1s capacidad para albergar a un alumnado cada vez m\u00e1s numeroso.<\/p>\n<p style=\"text-align: justify;\">A lo largo de estos cincuenta <span class=\"text_exposed_show\">a\u00f1os se han producido muchos cambios en la sociedad que de forma inevitable han repercutido en el ambiente del instituto. En el presente libro, como no pod\u00eda ser de otro modo, se recogen los hechos m\u00e1s significativos de este amplio periodo, con los cuales se ha pretendido dar cuenta de la evoluci\u00f3n que se ha seguido. Son hechos en los que ha primado siempre el factor humano, pues no hay que olvidar que el objetivo principal de la ense\u00f1anza es la formaci\u00f3n de individuos. Casi podr\u00eda decirse que lo que se ha escrito es la intrahistoria de este medio siglo, con an\u00e9cdotas y testimonios que pueden ser muy ilustrativos de cada una de las etapas en el que ha estado dividido.<\/span><\/p>\n<p style=\"text-align: justify;\"><span class=\"text_exposed_show\"> Es evidente que el instituto Il\u00edberis tuvo una importancia capital para la comarca de la vega granadina, pues en \u00e9l estudiaron alumnos procedentes de diversos pueblos, como Atarfe, Albolote, Pinos Puente, Maracena, Calicasas y Colomera. Durante muchos a\u00f1os fue un Centro de referencia, pues ha contado con un profesorado muy cualificado que ha sabido dar una gran formaci\u00f3n a sus alumnos, como as\u00ed demuestran los resultados acad\u00e9micos que durante varias d\u00e9cadas se han obtenido.<\/span><\/p>\n<p style=\"text-align: justify;\"><span class=\"text_exposed_show\"> El instituto, como todos sabemos, fue inaugurado en el a\u00f1o <em>1968 por don Federico Mayor Zaragoza<\/em>, entonces rector de la Universidad de Granada. Por eso no est\u00e1 de m\u00e1s recordar unas palabras suyas, tomadas de un art\u00edculo que public\u00f3 en un blog personal el 9 de diciembre de 2016: <em>\u00abEducaci\u00f3n es lograr que se est\u00e9 en condiciones de ejercer plenamente las cualidades distintivas de la especie humana: pensar, imaginar, anticiparse, \u00a1crear! Consecuentemente, la filosof\u00eda y las ense\u00f1anzas art\u00edsticas son imprescindibles para facilitar que toda persona educada sea capaz de dise\u00f1ar su propio futuro, inventarlo, reflexionar y actuar en virtud de sus propias decisiones y no al dictado de nadie ni de dogma alguno. Son ellos, los as\u00ed formados, los que pueden ahora adquirir conocimientos, destrezas y habilidades. Son educados capacitados, frente a los capacitados maleducados que resultan del proceso inverso, que tan peligrosamente promueven quienes educan para tener y no para ser.<\/em>\u00bb<\/span><\/p>\n<div class=\"text_exposed_show\">\n<p style=\"text-align: justify;\">Texto de la Presentaci\u00f3n del libro 50 a\u00f1os IES Il\u00edberis, Atarfe (1968-2018).<\/p>\n<p style=\"text-align: justify;\">En la fotograf\u00eda, aulario del centro educativo cuando se construy\u00f3 a finales de la d\u00e9cada de los sesenta del siglo pasado.<\/p>\n<p>Curiosidades elvirenses.<\/p>\n<p>https:\/\/www.facebook.com\/Gacetilla-y-curiosidades-elvirenses-732817910137560\/<\/p>\n<\/div>\n","protected":false},"excerpt":{"rendered":"<p>A lo largo de estos cincuenta a\u00f1os se han producido muchos cambios en la sociedad&#8230;<\/p>\n","protected":false},"author":1,"featured_media":41723,"comment_status":"closed","ping_status":"closed","sticky":false,"template":"","format":"standard","meta":{"_coblocks_attr":"","_coblocks_dimensions":"","_coblocks_responsive_height":"","_coblocks_accordion_ie_support":"","jetpack_post_was_ever_published":false,"_jetpack_newsletter_access":"","_jetpack_dont_email_post_to_subs":false,"_jetpack_newsletter_tier_id":0,"_jetpack_memberships_contains_paywalled_content":false,"_jetpack_memberships_contains_paid_content":false,"footnotes":"","jetpack_publicize_message":"","jetpack_publicize_feature_enabled":true,"jetpack_social_post_already_shared":false,"jetpack_social_options":{"image_generator_settings":{"template":"highway","default_image_id":0,"enabled":false},"version":2}},"categories":[2,187,186,38,44,15],"tags":[6106,81,27],"class_list":["post-41722","post","type-post","status-publish","format-standard","has-post-thumbnail","hentry","category-atarfe","category-centros-educativos","category-instituciones","category-opinion-de-jose-enrique-granados","category-noticias-de-hoy","category-ultimas-noticias","tag-50-anos-ies-iliberis","tag-atarfe","tag-educacion"],"jetpack_publicize_connections":[],"jetpack_featured_media_url":"https:\/\/i0.wp.com\/miradordeatarfe.es\/wp-content\/uploads\/2020\/09\/117342054_3289680237784635_6343295777946926728_o.jpg?fit=960%2C639&ssl=1","jetpack_likes_enabled":true,"jetpack_sharing_enabled":true,"_links":{"self":[{"href":"https:\/\/miradordeatarfe.es\/index.php?rest_route=\/wp\/v2\/posts\/41722","targetHints":{"allow":["GET"]}}],"collection":[{"href":"https:\/\/miradordeatarfe.es\/index.php?rest_route=\/wp\/v2\/posts"}],"about":[{"href":"https:\/\/miradordeatarfe.es\/index.php?rest_route=\/wp\/v2\/types\/post"}],"author":[{"embeddable":true,"href":"https:\/\/miradordeatarfe.es\/index.php?rest_route=\/wp\/v2\/users\/1"}],"replies":[{"embeddable":true,"href":"https:\/\/miradordeatarfe.es\/index.php?rest_route=%2Fwp%2Fv2%2Fcomments&post=41722"}],"version-history":[{"count":2,"href":"https:\/\/miradordeatarfe.es\/index.php?rest_route=\/wp\/v2\/posts\/41722\/revisions"}],"predecessor-version":[{"id":41725,"href":"https:\/\/miradordeatarfe.es\/index.php?rest_route=\/wp\/v2\/posts\/41722\/revisions\/41725"}],"wp:featuredmedia":[{"embeddable":true,"href":"https:\/\/miradordeatarfe.es\/index.php?rest_route=\/wp\/v2\/media\/41723"}],"wp:attachment":[{"href":"https:\/\/miradordeatarfe.es\/index.php?rest_route=%2Fwp%2Fv2%2Fmedia&parent=41722"}],"wp:term":[{"taxonomy":"category","embeddable":true,"href":"https:\/\/miradordeatarfe.es\/index.php?rest_route=%2Fwp%2Fv2%2Fcategories&post=41722"},{"taxonomy":"post_tag","embeddable":true,"href":"https:\/\/miradordeatarfe.es\/index.php?rest_route=%2Fwp%2Fv2%2Ftags&post=41722"}],"curies":[{"name":"wp","href":"https:\/\/api.w.org\/{rel}","templated":true}]}}