{"id":41733,"date":"2020-09-18T08:18:29","date_gmt":"2020-09-18T06:18:29","guid":{"rendered":"http:\/\/miradordeatarfe.es\/?p=41733"},"modified":"2020-09-17T17:33:00","modified_gmt":"2020-09-17T15:33:00","slug":"como-ocupamos-nuestro-tiempo","status":"publish","type":"post","link":"https:\/\/miradordeatarfe.es\/?p=41733","title":{"rendered":"\u00bfC\u00f3mo ocupamos nuestro tiempo?"},"content":{"rendered":"<h3 class=\"container map-image my-5\" style=\"text-align: justify;\">Las diferencias en la forma en la que utilizamos nuestro tiempo son notables entre los individuos de una misma sociedad, pero esas disparidades son especialmente interesantes cuando la comparaci\u00f3n se realiza entre pa\u00edses.<\/h3>\n<div class=\"container map-image my-5\" style=\"text-align: justify;\"><picture><img data-recalc-dims=\"1\" loading=\"lazy\" decoding=\"async\" class=\"attachment-large  webpexpress-processed ls-is-cached lazyloaded\" src=\"https:\/\/i0.wp.com\/elordenmundial.com\/wp-content\/uploads\/2020\/09\/uso-de-tiempo-trabajo-estudio-ocio-cuidados.png?resize=640%2C452&#038;ssl=1\" sizes=\"auto, (max-width: 1300px) 100vw, 1300px\" srcset=\"https:\/\/elordenmundial.com\/wp-content\/uploads\/2020\/09\/uso-de-tiempo-trabajo-estudio-ocio-cuidados.png 1300w, https:\/\/elordenmundial.com\/wp-content\/uploads\/2020\/09\/uso-de-tiempo-trabajo-estudio-ocio-cuidados-640x452.png 640w, https:\/\/elordenmundial.com\/wp-content\/uploads\/2020\/09\/uso-de-tiempo-trabajo-estudio-ocio-cuidados-480x339.png 480w, https:\/\/elordenmundial.com\/wp-content\/uploads\/2020\/09\/uso-de-tiempo-trabajo-estudio-ocio-cuidados-768x543.png 768w\" alt=\"Uso del tiempo en distintos pa\u00edses\" width=\"640\" height=\"452\" data-srcset=\"https:\/\/elordenmundial.com\/wp-content\/uploads\/2020\/09\/uso-de-tiempo-trabajo-estudio-ocio-cuidados.png 1300w, https:\/\/elordenmundial.com\/wp-content\/uploads\/2020\/09\/uso-de-tiempo-trabajo-estudio-ocio-cuidados-640x452.png 640w, https:\/\/elordenmundial.com\/wp-content\/uploads\/2020\/09\/uso-de-tiempo-trabajo-estudio-ocio-cuidados-480x339.png 480w, https:\/\/elordenmundial.com\/wp-content\/uploads\/2020\/09\/uso-de-tiempo-trabajo-estudio-ocio-cuidados-768x543.png 768w\" data-src=\"https:\/\/elordenmundial.com\/wp-content\/uploads\/2020\/09\/uso-de-tiempo-trabajo-estudio-ocio-cuidados.png\" data-sizes=\"(max-width: 1300px) 100vw, 1300px\" \/><\/picture><\/div>\n<div class=\"container-wide\" style=\"text-align: justify;\">\u00a0<\/div>\n<div class=\"two-col-right\" style=\"text-align: justify;\">\n<h2 class=\"small-heading\">Descripci\u00f3n del gr\u00e1fico<\/h2>\n<div class=\"entry-content\">\n<p>El uso del tiempo, entendido como una proyecci\u00f3n de los elementos socioculturales, econ\u00f3micos y pol\u00edticos que definen a un determinado pa\u00eds, es un indicador clave a la hora de analizar el estilo de vida y las consecuencias que este tiene en una poblaci\u00f3n.<\/p>\n<p>No en vano, la Investigaci\u00f3n sobre el Uso del Tiempo (TUR, por sus siglas en ingl\u00e9s) tiene ya un largo desarrollo. Su historia empez\u00f3 <a href=\"https:\/\/bmcpublichealth.biomedcentral.com\/articles\/10.1186\/s12889-019-6760-y\">con los estudios sobre la clase trabajadora y sus patrones de trabajo de finales del siglo XIX y comienzos del XX en la Rusia sovi\u00e9tica<\/a>, pero en los \u00faltimos treinta a\u00f1os su popularidad se ha disparado al comenzar a atraer la atenci\u00f3n de los investigadores de la salud p\u00fablica. De esta forma, dentro del an\u00e1lisis del uso del tiempo, ha adquirido especial relevancia la forma en la que los comportamientos que pueden medirse durante las 24 horas del d\u00eda se relacionan con la salud del sujeto.<\/p>\n<div class=\"boletin-wrapper boletin-wrapper__content\">\n<p><i class=\"far fa-envelope\"><\/i>\u00bfQuieres recibir contenidos como este en tu correo?<\/p>\n<\/div>\n<\/div>\n<\/div>\n<p style=\"text-align: justify;\">Las encuestas son el veh\u00edculo m\u00e1s com\u00fan para registrar informaci\u00f3n sobre c\u00f3mo las personas administran su tiempo. Normalmente los investigadores le piden a una muestra poblacional que anote el reparto de su tiempo durante un periodo determinado para despu\u00e9s recoger los datos y codificarlos para su posterior interpretaci\u00f3n. Lo \u00f3ptimo es que la encuesta clasifique las actividades a lo largo de las 24 horas del d\u00eda, o el equivalente de 1.440 minutos.<\/p>\n<p style=\"text-align: justify;\">Eso es precisamente lo que hace la Organizaci\u00f3n para la Cooperaci\u00f3n y el Desarrollo Econ\u00f3micos (OCDE), <a href=\"https:\/\/stats.oecd.org\/\">cuyos datos del uso del tiempo de 2018<\/a> son fruto de una compilaci\u00f3n de las encuestas de otras agencias nacionales. Su comparaci\u00f3n permite observar, por ejemplo, que en los pa\u00edses asi\u00e1ticos, como Jap\u00f3n, Corea del Sur, China e India, al igual que en M\u00e9xico, el tiempo dedicado a trabajar y estudiar es superior al del resto de pa\u00edses analizados. Europa, por su parte, es la regi\u00f3n que m\u00e1s tiempo dedica al ocio, mientras que Francia e Italia destacan por las horas que destinan al cuidado personal, precisamente los dos pa\u00edses junto con Espa\u00f1a que menos tiempo pasan trabajando y estudiando.<\/p>\n<blockquote class=\"wp-embedded-content\" data-secret=\"ztPVi6cNof\"><p><a href=\"https:\/\/elordenmundial.com\/\">Inicio<\/a><\/p><\/blockquote>\n<p><iframe loading=\"lazy\" class=\"wp-embedded-content\" sandbox=\"allow-scripts\" security=\"restricted\" style=\"position: absolute; visibility: hidden;\" title=\"\u00abInicio\u00bb \u2014 El Orden Mundial - EOM\" src=\"https:\/\/elordenmundial.com\/embed\/#?secret=yKt4iNI8mf#?secret=ztPVi6cNof\" data-secret=\"ztPVi6cNof\" width=\"600\" height=\"338\" frameborder=\"0\" marginwidth=\"0\" marginheight=\"0\" scrolling=\"no\"><\/iframe><\/p>\n","protected":false},"excerpt":{"rendered":"<p>Las diferencias en la forma en la que utilizamos nuestro tiempo son notables entre los&#8230;<\/p>\n","protected":false},"author":1,"featured_media":41734,"comment_status":"closed","ping_status":"closed","sticky":false,"template":"","format":"standard","meta":{"_coblocks_attr":"","_coblocks_dimensions":"","_coblocks_responsive_height":"","_coblocks_accordion_ie_support":"","jetpack_post_was_ever_published":false,"_jetpack_newsletter_access":"","_jetpack_dont_email_post_to_subs":false,"_jetpack_newsletter_tier_id":0,"_jetpack_memberships_contains_paywalled_content":false,"_jetpack_memberships_contains_paid_content":false,"footnotes":"","jetpack_publicize_message":"","jetpack_publicize_feature_enabled":true,"jetpack_social_post_already_shared":false,"jetpack_social_options":{"image_generator_settings":{"template":"highway","default_image_id":0,"enabled":false},"version":2}},"categories":[1161,44,6937,15],"tags":[714],"class_list":["post-41733","post","type-post","status-publish","format-standard","has-post-thumbnail","hentry","category-ciudadania","category-noticias-de-hoy","category-sociedad","category-ultimas-noticias","tag-tiempo"],"jetpack_publicize_connections":[],"jetpack_featured_media_url":"https:\/\/i0.wp.com\/miradordeatarfe.es\/wp-content\/uploads\/2020\/09\/Dollarphotoclub_74228547.jpg?fit=600%2C400&ssl=1","jetpack_likes_enabled":true,"jetpack_sharing_enabled":true,"_links":{"self":[{"href":"https:\/\/miradordeatarfe.es\/index.php?rest_route=\/wp\/v2\/posts\/41733","targetHints":{"allow":["GET"]}}],"collection":[{"href":"https:\/\/miradordeatarfe.es\/index.php?rest_route=\/wp\/v2\/posts"}],"about":[{"href":"https:\/\/miradordeatarfe.es\/index.php?rest_route=\/wp\/v2\/types\/post"}],"author":[{"embeddable":true,"href":"https:\/\/miradordeatarfe.es\/index.php?rest_route=\/wp\/v2\/users\/1"}],"replies":[{"embeddable":true,"href":"https:\/\/miradordeatarfe.es\/index.php?rest_route=%2Fwp%2Fv2%2Fcomments&post=41733"}],"version-history":[{"count":3,"href":"https:\/\/miradordeatarfe.es\/index.php?rest_route=\/wp\/v2\/posts\/41733\/revisions"}],"predecessor-version":[{"id":41737,"href":"https:\/\/miradordeatarfe.es\/index.php?rest_route=\/wp\/v2\/posts\/41733\/revisions\/41737"}],"wp:featuredmedia":[{"embeddable":true,"href":"https:\/\/miradordeatarfe.es\/index.php?rest_route=\/wp\/v2\/media\/41734"}],"wp:attachment":[{"href":"https:\/\/miradordeatarfe.es\/index.php?rest_route=%2Fwp%2Fv2%2Fmedia&parent=41733"}],"wp:term":[{"taxonomy":"category","embeddable":true,"href":"https:\/\/miradordeatarfe.es\/index.php?rest_route=%2Fwp%2Fv2%2Fcategories&post=41733"},{"taxonomy":"post_tag","embeddable":true,"href":"https:\/\/miradordeatarfe.es\/index.php?rest_route=%2Fwp%2Fv2%2Ftags&post=41733"}],"curies":[{"name":"wp","href":"https:\/\/api.w.org\/{rel}","templated":true}]}}