{"id":41779,"date":"2020-09-14T09:23:34","date_gmt":"2020-09-14T07:23:34","guid":{"rendered":"http:\/\/miradordeatarfe.es\/?p=41779"},"modified":"2020-09-13T19:27:05","modified_gmt":"2020-09-13T17:27:05","slug":"senales-apocalipticas","status":"publish","type":"post","link":"https:\/\/miradordeatarfe.es\/?p=41779","title":{"rendered":"Se\u00f1ales apocal\u00edpticas"},"content":{"rendered":"<h2 class=\"a_st font_secondary color_gray_dark normal\">Los incendios de California y Oreg\u00f3n revelan el empeoramiento de los efectos del cambio clim\u00e1tico<\/h2>\n<p class=\"\" style=\"text-align: justify;\">Los cielos rojizos y el aire irrespirable que cubren San Francisco y otras ciudades del oeste de Estados Unidos son la en\u00e9sima se\u00f1al, cada vez peor, del r\u00e1pido empeoramiento de los efectos del cambio clim\u00e1tico. No hay ninguna duda de que la devastadora ola de fuego que avanza por los Estados de California y Oreg\u00f3n, con m\u00e1s de medio mill\u00f3n de personas evacuadas, 15 v\u00edctimas mortales y decenas de desaparecidos, es consecuencia directa del calentamiento global. Y sin embargo, asistimos impotentes a su escalada. El pasado agosto se alcanzaron en el Valle de la Muerte los 54,4 grados cent\u00edgrados, r\u00e9cord de temperatura en la Tierra desde que hay mediciones. En la zona de Los \u00c1ngeles los term\u00f3metros han superado varios d\u00edas los 45, lo que da la medida de la envergadura del calentamiento.<\/p>\n<p class=\"\" style=\"text-align: justify;\">Ciclos meteorol\u00f3gicos hasta hace poco estables y predecibles han entrado en una espiral de alteraciones cada vez m\u00e1s acusadas y frecuentes, de la que los incendios solo son una de sus consecuencias. Una temperatura anormalmente alta de la superficie del oc\u00e9ano en el Atl\u00e1ntico y el Caribe y un r\u00e9gimen de vientos tambi\u00e9n alterado han adelantado este a\u00f1o las tormentas tropicales. La Administraci\u00f3n Nacional Oce\u00e1nica y Atmosf\u00e9rica (NOAA) de EE UU prev\u00e9 una temporada de huracanes \u201cextremadamente activa\u201d y con alta potencia destructiva.<\/p>\n<p class=\"\" style=\"text-align: justify;\">Son las \u00faltimas manifestaciones de un calentamiento que ya ha elevado la temperatura media de la Tierra 1,1 grados respecto a la era preindustrial. La concentraci\u00f3n de CO2 en la atm\u00f3sfera ha alcanzado este a\u00f1o un nuevo r\u00e9cord. La ca\u00edda puntual de las emisiones durante el par\u00f3n econ\u00f3mico provocado por la pandemia apenas reducir\u00e1 entre un 4% y un 7% las emisiones a final de a\u00f1o. De hecho, ya han vuelto a situarse en los niveles de 2019, con lo que cada vez se est\u00e1 m\u00e1s lejos de poder cumplir los Acuerdos de Par\u00eds. Ni las advertencias de la ciencia ni los avisos que lanza la naturaleza son capaces de provocar la reacci\u00f3n que en estos momentos ser\u00eda necesaria: una reducci\u00f3n de las emisiones mucho m\u00e1s dr\u00e1stica y r\u00e1pida de lo acordado.<\/p>\n<p>EDITORIAL DEL PAIS<\/p>\n<p>FOTO: Un coche calcinado tras el paso de las llamas, en el Estado de Oreg\u00f3n, Estados Unidos.<span class=\"f_a | color_black margin_left uppercase light\"><span class=\"author\">KATHRYN ELSESSER \/ AFP<\/span><\/span><\/p>\n<p>https:\/\/elpais.com\/opinion\/2020-09-12\/senales-apocalipticas.html<\/p>\n","protected":false},"excerpt":{"rendered":"<p>Los incendios de California y Oreg\u00f3n revelan el empeoramiento de los efectos del cambio clim\u00e1tico&#8230;<\/p>\n","protected":false},"author":1,"featured_media":41780,"comment_status":"closed","ping_status":"closed","sticky":false,"template":"","format":"standard","meta":{"_coblocks_attr":"","_coblocks_dimensions":"","_coblocks_responsive_height":"","_coblocks_accordion_ie_support":"","jetpack_post_was_ever_published":false,"_jetpack_newsletter_access":"","_jetpack_dont_email_post_to_subs":false,"_jetpack_newsletter_tier_id":0,"_jetpack_memberships_contains_paywalled_content":false,"_jetpack_memberships_contains_paid_content":false,"footnotes":"","jetpack_publicize_message":"","jetpack_publicize_feature_enabled":true,"jetpack_social_post_already_shared":false,"jetpack_social_options":{"image_generator_settings":{"template":"highway","default_image_id":0,"enabled":false},"version":2}},"categories":[44,6937,15,10],"tags":[271,2974],"class_list":["post-41779","post","type-post","status-publish","format-standard","has-post-thumbnail","hentry","category-noticias-de-hoy","category-sociedad","category-ultimas-noticias","category-salud","tag-cambio-climatico","tag-fuego"],"jetpack_publicize_connections":[],"jetpack_featured_media_url":"https:\/\/i0.wp.com\/miradordeatarfe.es\/wp-content\/uploads\/2020\/09\/ABMFRZ25I3WAHYZ4TVZHWNGVUA.jpg?fit=1500%2C1001&ssl=1","jetpack_likes_enabled":true,"jetpack_sharing_enabled":true,"_links":{"self":[{"href":"https:\/\/miradordeatarfe.es\/index.php?rest_route=\/wp\/v2\/posts\/41779","targetHints":{"allow":["GET"]}}],"collection":[{"href":"https:\/\/miradordeatarfe.es\/index.php?rest_route=\/wp\/v2\/posts"}],"about":[{"href":"https:\/\/miradordeatarfe.es\/index.php?rest_route=\/wp\/v2\/types\/post"}],"author":[{"embeddable":true,"href":"https:\/\/miradordeatarfe.es\/index.php?rest_route=\/wp\/v2\/users\/1"}],"replies":[{"embeddable":true,"href":"https:\/\/miradordeatarfe.es\/index.php?rest_route=%2Fwp%2Fv2%2Fcomments&post=41779"}],"version-history":[{"count":1,"href":"https:\/\/miradordeatarfe.es\/index.php?rest_route=\/wp\/v2\/posts\/41779\/revisions"}],"predecessor-version":[{"id":41781,"href":"https:\/\/miradordeatarfe.es\/index.php?rest_route=\/wp\/v2\/posts\/41779\/revisions\/41781"}],"wp:featuredmedia":[{"embeddable":true,"href":"https:\/\/miradordeatarfe.es\/index.php?rest_route=\/wp\/v2\/media\/41780"}],"wp:attachment":[{"href":"https:\/\/miradordeatarfe.es\/index.php?rest_route=%2Fwp%2Fv2%2Fmedia&parent=41779"}],"wp:term":[{"taxonomy":"category","embeddable":true,"href":"https:\/\/miradordeatarfe.es\/index.php?rest_route=%2Fwp%2Fv2%2Fcategories&post=41779"},{"taxonomy":"post_tag","embeddable":true,"href":"https:\/\/miradordeatarfe.es\/index.php?rest_route=%2Fwp%2Fv2%2Ftags&post=41779"}],"curies":[{"name":"wp","href":"https:\/\/api.w.org\/{rel}","templated":true}]}}