{"id":41792,"date":"2020-09-15T10:01:26","date_gmt":"2020-09-15T08:01:26","guid":{"rendered":"http:\/\/miradordeatarfe.es\/?p=41792"},"modified":"2020-09-13T20:05:28","modified_gmt":"2020-09-13T18:05:28","slug":"adios-al-saludo-con-el-codo-la-oms-aconseja-ahora-llevarse-la-mano-al-corazon","status":"publish","type":"post","link":"https:\/\/miradordeatarfe.es\/?p=41792","title":{"rendered":"Adi\u00f3s al saludo con el codo: La OMS aconseja ahora llevarse la mano al coraz\u00f3n"},"content":{"rendered":"<p>&nbsp;<\/p>\n<ul>\n<li class=\"summary-entry fa-i\">\n<h3 style=\"text-align: justify;\">El organismo internacional expresa que con ese saludo las personas se saludan a menos de un metro.<\/h3>\n<\/li>\n<li class=\"summary-entry fa-i\" style=\"text-align: justify;\">\n<p><a class=\"lnk\" href=\"https:\/\/www.granadahoy.com\/sociedad\/cronologia-Medio-ano-pandemia-coronavirus-Espana_0_1500450182.html\">Cronolog\u00eda de medio a\u00f1o de coronavirus en Espa\u00f1a: la pandemia en siete hitos<\/a><\/p>\n<\/li>\n<\/ul>\n<div class=\"mce-body \" style=\"text-align: justify;\">\n<p class=\"mce\">La OMS ha vuelto a dar una vuelta de tuerca con los saludos y si en un primer momento el codo o el pie eran los saludos m\u00e1s recomendados, dejando apartados abrazos y besos,\u00a0 ahora la Organizaci\u00f3n Mundial de la Salud desaconseja tambi\u00e9n saludarse con el codo y sugiere otra f\u00f3rmula: una mano en el coraz\u00f3n.\u00a0\u00bfPor qu\u00e9? la raz\u00f3n es sencilla tal como explica el director del organismo, Tedros Adhanom: \u00abEs mejor evitar los codos, porque nos colocan a menos de un metro de distancia de la otra persona\u00bb.<\/p>\n<p class=\"mce\">Eso s\u00ed, desde la OMS defienden el uso en todo momento de la mascarilla, aunque contemos con la debida distancia de seguridad de, al menos, un metro.<\/p>\n<p class=\"mce\">Son medidas que habr\u00e1 que seguir guardando hasta que llegue la vacuna que erradique el coronavirus. La OMS\u00a0no espera que se distribuya esta vacuna de forma masiva hasta 2022.<\/p>\n<p class=\"mce\">La jefa de cient\u00edficos de la OMS, Soumya Swaminathan lanza tambi\u00e9n un aviso respecto a esto \u00faltimo: \u00abMuchos piensan que a principios del pr\u00f3ximo a\u00f1o llegar\u00e1 una panacea que lo resuelva todo, pero no va a ser as\u00ed:\u00a0hay un largo proceso de evaluaci\u00f3n, licencias, fabricaci\u00f3n y distribuci\u00f3n\u00bb, asegura\u00a0<\/p>\n<\/div>\n<h2 style=\"text-align: justify;\"><small><small class=\"author\">Jos\u00e9 Hacha <\/small><\/small><\/h2>\n<p>FOTO:Dos personas se saludan con el codo <wbr \/> \/ <span class=\"source\">Javier Albi\u00f1ana<\/span><\/p>\n<p>&nbsp;<\/p>\n","protected":false},"excerpt":{"rendered":"<p>&nbsp; El organismo internacional expresa que con ese saludo las personas se saludan a menos&#8230;<\/p>\n","protected":false},"author":1,"featured_media":41793,"comment_status":"closed","ping_status":"closed","sticky":false,"template":"","format":"standard","meta":{"_coblocks_attr":"","_coblocks_dimensions":"","_coblocks_responsive_height":"","_coblocks_accordion_ie_support":"","jetpack_post_was_ever_published":false,"_jetpack_newsletter_access":"","_jetpack_dont_email_post_to_subs":false,"_jetpack_newsletter_tier_id":0,"_jetpack_memberships_contains_paywalled_content":false,"_jetpack_memberships_contains_paid_content":false,"footnotes":"","jetpack_publicize_message":"","jetpack_publicize_feature_enabled":true,"jetpack_social_post_already_shared":false,"jetpack_social_options":{"image_generator_settings":{"template":"highway","default_image_id":0,"enabled":false},"version":2}},"categories":[7149,44,15,10],"tags":[7619,1368,7618],"class_list":["post-41792","post","type-post","status-publish","format-standard","has-post-thumbnail","hentry","category-coronavirus","category-noticias-de-hoy","category-ultimas-noticias","category-salud","tag-codos","tag-oms","tag-saludos"],"jetpack_publicize_connections":[],"jetpack_featured_media_url":"https:\/\/i0.wp.com\/miradordeatarfe.es\/wp-content\/uploads\/2020\/09\/personas-saludan-codo_1501059945_125600600_667x375.jpg?fit=667%2C375&ssl=1","jetpack_likes_enabled":true,"jetpack_sharing_enabled":true,"_links":{"self":[{"href":"https:\/\/miradordeatarfe.es\/index.php?rest_route=\/wp\/v2\/posts\/41792","targetHints":{"allow":["GET"]}}],"collection":[{"href":"https:\/\/miradordeatarfe.es\/index.php?rest_route=\/wp\/v2\/posts"}],"about":[{"href":"https:\/\/miradordeatarfe.es\/index.php?rest_route=\/wp\/v2\/types\/post"}],"author":[{"embeddable":true,"href":"https:\/\/miradordeatarfe.es\/index.php?rest_route=\/wp\/v2\/users\/1"}],"replies":[{"embeddable":true,"href":"https:\/\/miradordeatarfe.es\/index.php?rest_route=%2Fwp%2Fv2%2Fcomments&post=41792"}],"version-history":[{"count":1,"href":"https:\/\/miradordeatarfe.es\/index.php?rest_route=\/wp\/v2\/posts\/41792\/revisions"}],"predecessor-version":[{"id":41794,"href":"https:\/\/miradordeatarfe.es\/index.php?rest_route=\/wp\/v2\/posts\/41792\/revisions\/41794"}],"wp:featuredmedia":[{"embeddable":true,"href":"https:\/\/miradordeatarfe.es\/index.php?rest_route=\/wp\/v2\/media\/41793"}],"wp:attachment":[{"href":"https:\/\/miradordeatarfe.es\/index.php?rest_route=%2Fwp%2Fv2%2Fmedia&parent=41792"}],"wp:term":[{"taxonomy":"category","embeddable":true,"href":"https:\/\/miradordeatarfe.es\/index.php?rest_route=%2Fwp%2Fv2%2Fcategories&post=41792"},{"taxonomy":"post_tag","embeddable":true,"href":"https:\/\/miradordeatarfe.es\/index.php?rest_route=%2Fwp%2Fv2%2Ftags&post=41792"}],"curies":[{"name":"wp","href":"https:\/\/api.w.org\/{rel}","templated":true}]}}