{"id":41795,"date":"2020-09-16T08:16:41","date_gmt":"2020-09-16T06:16:41","guid":{"rendered":"http:\/\/miradordeatarfe.es\/?p=41795"},"modified":"2020-09-13T20:20:38","modified_gmt":"2020-09-13T18:20:38","slug":"asi-dice-la-prediccion-que-sera-el-tiempo-este-otono","status":"publish","type":"post","link":"https:\/\/miradordeatarfe.es\/?p=41795","title":{"rendered":"As\u00ed dice la predicci\u00f3n que ser\u00e1 el tiempo este oto\u00f1o"},"content":{"rendered":"<header class=\"pg-head\">\n<ul class=\"summary\">\n<li class=\"summary-entry fa-i\">\n<h3>Se prev\u00e9 m\u00e1s calor en toda Espa\u00f1a para los pr\u00f3ximos meses.Tras un verano irregular en cuanto a temperaturas y precipitaciones se refiere, con un mes de junio lluvioso y un mes de julio seco y caluroso, la<strong class=\"mce\"> Agencia Estatal de Meteorolog\u00eda (AEMET) pronostica un oto\u00f1o m\u00e1s c\u00e1lido<\/strong> de lo normal en gran parte del pa\u00eds.<\/h3>\n<\/li>\n<\/ul>\n<\/header>\n<div class=\"gd\">\n<div class=\"gdu u16 u-first\">\n<div class=\"pg-body\">\n<div class=\"mce-body \">\n<p class=\"mce\" style=\"text-align: justify;\">El <strong class=\"mce\">anticicl\u00f3n de las Azores<\/strong> y su influencia puede ser <strong class=\"mce\">el causante<\/strong> de que las pr\u00f3ximas semanas cuenten con temperaturas m\u00e1s altas que las medias habituales. Al menos, con los datos con los que se establecen las comparativas que abarcan hasta el a\u00f1o 1981.<\/p>\n<p class=\"mce\" style=\"text-align: justify;\">Todo ello, seg\u00fan explica la AEMET son <strong class=\"mce\">previsiones realizadas analizando una gran cantidad de datos<\/strong> y que son aplicables a las zonas con conductas climatol\u00f3gicas homog\u00e9neas.<\/p>\n<h2 class=\"mce\" style=\"text-align: justify;\">Por zonas<\/h2>\n<p class=\"mce\" style=\"text-align: justify;\">Toda la <strong class=\"mce\">costa mediterr\u00e1nea, incluidas las Baleares, es la zona con mayor probabilidad de que se cumpla esta calurosa previsi\u00f3n<\/strong>. En el resto de Espa\u00f1a es tambi\u00e9n probable que los term\u00f3metros alcancen algunas d\u00e9cimas m\u00e1s de lo habitual por estas fechas.<\/p>\n<p class=\"mce\" style=\"text-align: justify;\">En cuanto a las<strong class=\"mce\"> precipitaciones<\/strong>, se baraja un oto\u00f1o pr\u00e1cticamente <strong class=\"mce\">normal en el norte de Espa\u00f1a<\/strong>, seg\u00fan la AEMET. Sin embargo, las lluvias podr\u00edan estar algo <strong class=\"mce\">por debajo de lo normal tanto en sur como en el interior este y centro<\/strong> peninsular.\u00a0<\/p>\n<p class=\"mce\" style=\"text-align: justify;\">Las<strong class=\"mce\"> islas Canarias<\/strong>, por su parte, tendr\u00edan tambi\u00e9n un <strong class=\"mce\">oto\u00f1o algo m\u00e1s seco y caluroso<\/strong> de lo normal, seg\u00b4\u00f1un este pron\u00f3stico.<\/p>\n<h2 class=\"mce\" style=\"text-align: justify;\">Lo normal en oto\u00f1o<\/h2>\n<p class=\"mce\" style=\"text-align: justify;\">Todo ello no significa que uno de los fen\u00f3menos atmosf\u00e9ricos m\u00e1s comunes del oto\u00f1o en el pa\u00eds, <strong class=\"mce\">la gota fr\u00eda<\/strong>, no se produzca. El fr\u00edo del aire en las alturas y una zona mediterr\u00e1nea con m\u00e1s calor puede provocar que las lluvias aparezcan de forma importante, pero puntual, en <strong class=\"mce\">zonas de la Comunidad Valenciana, sobre todo<\/strong>.<\/p>\n<p class=\"mce\" style=\"text-align: justify;\">Seg\u00fan los datos atmosf\u00e9ricos, la<strong class=\"mce\"> temperatura media del oto\u00f1o en Espa\u00f1a est\u00e1 rondando los 16 grados<\/strong> mientras que las lluvias suelen registrar unas cifras cercanas a los 200 mm y es el mes de noviembre donde se acumulan mayormente las precipitaciones.<\/p>\n<h2 class=\"mce\" style=\"text-align: justify;\">Previsiones en Europa<\/h2>\n<p class=\"mce\" style=\"text-align: justify;\">Las altas presiones predominar\u00e1n en Espa\u00f1a durante los meses de oto\u00f1o, debido a la influencia del anticicl\u00f3n de las islas Azores. Esto, combinado con unas bajas presiones en el norte de Escandinavia, crear\u00eda un pasillo que provocar\u00eda m<strong class=\"mce\">ayores precipitaciones y borrascas tanto en el Reino Unido como en los pa\u00edses escandinavos<\/strong>.<\/p>\n<p class=\"mce\" style=\"text-align: justify;\">Por lo tanto, los <strong class=\"mce\">pron\u00f3sticos auguran un norte de Europa con mayores precipitaciones<\/strong> mientras que el<strong class=\"mce\"> sur permanecer\u00e1 m\u00e1s seco<\/strong> y con altas temperaturas.<\/p>\n<p style=\"text-align: justify;\">https:\/\/www.granadahoy.com\/pds\/prediccion-tiempo-otono-2020_0_1499850170.html<\/p>\n<\/div>\n<\/div>\n<\/div>\n<\/div>\n","protected":false},"excerpt":{"rendered":"<p>Se prev\u00e9 m\u00e1s calor en toda Espa\u00f1a para los pr\u00f3ximos meses.Tras un verano irregular en&#8230;<\/p>\n","protected":false},"author":1,"featured_media":41796,"comment_status":"closed","ping_status":"closed","sticky":false,"template":"","format":"standard","meta":{"_coblocks_attr":"","_coblocks_dimensions":"","_coblocks_responsive_height":"","_coblocks_accordion_ie_support":"","jetpack_post_was_ever_published":false,"_jetpack_newsletter_access":"","_jetpack_dont_email_post_to_subs":false,"_jetpack_newsletter_tier_id":0,"_jetpack_memberships_contains_paywalled_content":false,"_jetpack_memberships_contains_paid_content":false,"footnotes":"","jetpack_publicize_message":"","jetpack_publicize_feature_enabled":true,"jetpack_social_post_already_shared":false,"jetpack_social_options":{"image_generator_settings":{"template":"highway","default_image_id":0,"enabled":false},"version":2}},"categories":[44,15],"tags":[2119,2483],"class_list":["post-41795","post","type-post","status-publish","format-standard","has-post-thumbnail","hentry","category-noticias-de-hoy","category-ultimas-noticias","tag-el-tiempo","tag-predicciones"],"jetpack_publicize_connections":[],"jetpack_featured_media_url":"https:\/\/i0.wp.com\/miradordeatarfe.es\/wp-content\/uploads\/2020\/09\/sol-presente-otono_1499860121_125461489_667x375.jpg?fit=667%2C375&ssl=1","jetpack_likes_enabled":true,"jetpack_sharing_enabled":true,"_links":{"self":[{"href":"https:\/\/miradordeatarfe.es\/index.php?rest_route=\/wp\/v2\/posts\/41795","targetHints":{"allow":["GET"]}}],"collection":[{"href":"https:\/\/miradordeatarfe.es\/index.php?rest_route=\/wp\/v2\/posts"}],"about":[{"href":"https:\/\/miradordeatarfe.es\/index.php?rest_route=\/wp\/v2\/types\/post"}],"author":[{"embeddable":true,"href":"https:\/\/miradordeatarfe.es\/index.php?rest_route=\/wp\/v2\/users\/1"}],"replies":[{"embeddable":true,"href":"https:\/\/miradordeatarfe.es\/index.php?rest_route=%2Fwp%2Fv2%2Fcomments&post=41795"}],"version-history":[{"count":1,"href":"https:\/\/miradordeatarfe.es\/index.php?rest_route=\/wp\/v2\/posts\/41795\/revisions"}],"predecessor-version":[{"id":41797,"href":"https:\/\/miradordeatarfe.es\/index.php?rest_route=\/wp\/v2\/posts\/41795\/revisions\/41797"}],"wp:featuredmedia":[{"embeddable":true,"href":"https:\/\/miradordeatarfe.es\/index.php?rest_route=\/wp\/v2\/media\/41796"}],"wp:attachment":[{"href":"https:\/\/miradordeatarfe.es\/index.php?rest_route=%2Fwp%2Fv2%2Fmedia&parent=41795"}],"wp:term":[{"taxonomy":"category","embeddable":true,"href":"https:\/\/miradordeatarfe.es\/index.php?rest_route=%2Fwp%2Fv2%2Fcategories&post=41795"},{"taxonomy":"post_tag","embeddable":true,"href":"https:\/\/miradordeatarfe.es\/index.php?rest_route=%2Fwp%2Fv2%2Ftags&post=41795"}],"curies":[{"name":"wp","href":"https:\/\/api.w.org\/{rel}","templated":true}]}}