{"id":41798,"date":"2020-09-16T11:21:57","date_gmt":"2020-09-16T09:21:57","guid":{"rendered":"http:\/\/miradordeatarfe.es\/?p=41798"},"modified":"2020-09-13T20:43:48","modified_gmt":"2020-09-13T18:43:48","slug":"el-atarfe-fija-en-30-euros-el-precio-de-su-carnet-de-abonado","status":"publish","type":"post","link":"https:\/\/miradordeatarfe.es\/?p=41798","title":{"rendered":"El Atarfe fija en 30 euros el precio de su carnet de abonado"},"content":{"rendered":"<h2>La entidad blanquiverde hizo p\u00fablica su campa\u00f1a de socios<\/h2>\n<p style=\"text-align: justify;\">El anuncio del Bolet\u00edn Oficial de la Junta de Andaluc\u00eda, en el que se confirmaba que podr\u00edan asistir a los estadios de f\u00fatbol hasta 800 espectadores, supuso una gran noticia positiva para los clubes no profesionales granadinos, ya que buena parte del presupuesto de los mismos se consigue a trav\u00e9s del aforo en los paridos. Y, todos los aficionados del Atarfe Industral ya saben que podr\u00e1n asistir a los encuentros de su equipo como local por s\u00f3lo 30 euros durante toda la temporada.<\/p>\n<p style=\"text-align: justify;\"><a href=\"https:\/\/i0.wp.com\/miradordeatarfe.es\/wp-content\/uploads\/2020\/09\/119061303_2837082026523701_1176108859506118705_o.jpg?ssl=1\"><img data-recalc-dims=\"1\" loading=\"lazy\" decoding=\"async\" class=\"size-medium wp-image-41654 alignleft\" src=\"https:\/\/i0.wp.com\/miradordeatarfe.es\/wp-content\/uploads\/2020\/09\/119061303_2837082026523701_1176108859506118705_o.jpg?resize=300%2C300&#038;ssl=1\" alt=\"\" width=\"300\" height=\"300\" srcset=\"https:\/\/i0.wp.com\/miradordeatarfe.es\/wp-content\/uploads\/2020\/09\/119061303_2837082026523701_1176108859506118705_o.jpg?resize=300%2C300&amp;ssl=1 300w, https:\/\/i0.wp.com\/miradordeatarfe.es\/wp-content\/uploads\/2020\/09\/119061303_2837082026523701_1176108859506118705_o.jpg?resize=150%2C150&amp;ssl=1 150w, https:\/\/i0.wp.com\/miradordeatarfe.es\/wp-content\/uploads\/2020\/09\/119061303_2837082026523701_1176108859506118705_o.jpg?resize=768%2C768&amp;ssl=1 768w, https:\/\/i0.wp.com\/miradordeatarfe.es\/wp-content\/uploads\/2020\/09\/119061303_2837082026523701_1176108859506118705_o.jpg?resize=600%2C600&amp;ssl=1 600w, https:\/\/i0.wp.com\/miradordeatarfe.es\/wp-content\/uploads\/2020\/09\/119061303_2837082026523701_1176108859506118705_o.jpg?w=843&amp;ssl=1 843w\" sizes=\"auto, (max-width: 300px) 100vw, 300px\" \/><\/a>Desde la entidad se lanz\u00f3 hace unos d\u00edas su campa\u00f1a de abonados para la campa\u00f1a 2020\/21, en la que se ha decidido fijar en ese precio un carnet \u00fanico para poder ver a su equipo en el `Municipal de Atarfe\u00b4. Adem\u00e1s, todos aquellos que se den de alta o renueven su carnet, podr\u00e1n entrar en el feudo blanquiverde para seguir a los equipos de Liga Nacional Juvenil y Cadete Auton\u00f3mico.<\/p>\n<p style=\"text-align: justify;\">En el seno del Atarfe se ha animado a todos aquellos interesados a aportar su ayuda, adem\u00e1s de poder animar a los suyos por su andadura en Divisi\u00f3n de Honor, con el objetivo de retornar a Tercera.<\/p>\n<p style=\"text-align: justify;\">Las fechas para poder hacerlo ser\u00e1n desde el 15 de septiembre al 16 de octubre. Para ello, los aficionados deber\u00e1n acudir a las oficinas del club en el estadio, que estar\u00e1n abiertas de lunes a viernes en horario de 18:30 h. a 21:00 h. de la tarde.<\/p>\n<p><strong>@Francalvo1996<\/strong><\/p>\n<p>https:\/\/www.granadaenjuego.com\/atarfe-industrial-\/el-atarfe-fija-en-30-euros-el-precio-de-su-carnet-de-abonado<\/p>\n<p>&nbsp;<\/p>\n<h3>Fran Calvo<\/h3>\n","protected":false},"excerpt":{"rendered":"<p>La entidad blanquiverde hizo p\u00fablica su campa\u00f1a de socios El anuncio del Bolet\u00edn Oficial de&#8230;<\/p>\n","protected":false},"author":1,"featured_media":41799,"comment_status":"closed","ping_status":"closed","sticky":false,"template":"","format":"standard","meta":{"_coblocks_attr":"","_coblocks_dimensions":"","_coblocks_responsive_height":"","_coblocks_accordion_ie_support":"","jetpack_post_was_ever_published":false,"_jetpack_newsletter_access":"","_jetpack_dont_email_post_to_subs":false,"_jetpack_newsletter_tier_id":0,"_jetpack_memberships_contains_paywalled_content":false,"_jetpack_memberships_contains_paid_content":false,"footnotes":"","jetpack_publicize_message":"","jetpack_publicize_feature_enabled":true,"jetpack_social_post_already_shared":false,"jetpack_social_options":{"image_generator_settings":{"template":"highway","default_image_id":0,"enabled":false},"version":2}},"categories":[2,182,44,15],"tags":[667],"class_list":["post-41798","post","type-post","status-publish","format-standard","has-post-thumbnail","hentry","category-atarfe","category-deportes","category-noticias-de-hoy","category-ultimas-noticias","tag-atarfe-industrial"],"jetpack_publicize_connections":[],"jetpack_featured_media_url":"https:\/\/i0.wp.com\/miradordeatarfe.es\/wp-content\/uploads\/2020\/09\/imagen39603_0_portada-1.jpg?fit=375%2C180&ssl=1","jetpack_likes_enabled":true,"jetpack_sharing_enabled":true,"_links":{"self":[{"href":"https:\/\/miradordeatarfe.es\/index.php?rest_route=\/wp\/v2\/posts\/41798","targetHints":{"allow":["GET"]}}],"collection":[{"href":"https:\/\/miradordeatarfe.es\/index.php?rest_route=\/wp\/v2\/posts"}],"about":[{"href":"https:\/\/miradordeatarfe.es\/index.php?rest_route=\/wp\/v2\/types\/post"}],"author":[{"embeddable":true,"href":"https:\/\/miradordeatarfe.es\/index.php?rest_route=\/wp\/v2\/users\/1"}],"replies":[{"embeddable":true,"href":"https:\/\/miradordeatarfe.es\/index.php?rest_route=%2Fwp%2Fv2%2Fcomments&post=41798"}],"version-history":[{"count":1,"href":"https:\/\/miradordeatarfe.es\/index.php?rest_route=\/wp\/v2\/posts\/41798\/revisions"}],"predecessor-version":[{"id":41800,"href":"https:\/\/miradordeatarfe.es\/index.php?rest_route=\/wp\/v2\/posts\/41798\/revisions\/41800"}],"wp:featuredmedia":[{"embeddable":true,"href":"https:\/\/miradordeatarfe.es\/index.php?rest_route=\/wp\/v2\/media\/41799"}],"wp:attachment":[{"href":"https:\/\/miradordeatarfe.es\/index.php?rest_route=%2Fwp%2Fv2%2Fmedia&parent=41798"}],"wp:term":[{"taxonomy":"category","embeddable":true,"href":"https:\/\/miradordeatarfe.es\/index.php?rest_route=%2Fwp%2Fv2%2Fcategories&post=41798"},{"taxonomy":"post_tag","embeddable":true,"href":"https:\/\/miradordeatarfe.es\/index.php?rest_route=%2Fwp%2Fv2%2Ftags&post=41798"}],"curies":[{"name":"wp","href":"https:\/\/api.w.org\/{rel}","templated":true}]}}