{"id":41801,"date":"2020-09-15T11:24:24","date_gmt":"2020-09-15T09:24:24","guid":{"rendered":"http:\/\/miradordeatarfe.es\/?p=41801"},"modified":"2020-09-14T18:45:03","modified_gmt":"2020-09-14T16:45:03","slug":"atarfe-informacion-municipal-3","status":"publish","type":"post","link":"https:\/\/miradordeatarfe.es\/?p=41801","title":{"rendered":"ATARFE: INFORMACI\u00d3N MUNICIPAL"},"content":{"rendered":"<div class=\"\" dir=\"auto\">\n<div class=\"ecm0bbzt hv4rvrfc ihqw7lf3 dati1w0a\" data-ad-comet-preview=\"message\" data-ad-preview=\"message\">\n<div class=\"j83agx80 cbu4d94t ew0dbk1b irj2b8pg\">\n<div class=\"qzhwtbm6 knvmm38d\">\n<div class=\"kvgmc6g5 cxmmr5t8 oygrvhab hcukyx3x c1et5uql ii04i59q\">\n<div dir=\"auto\">\u00a0<\/div>\n<h3 dir=\"auto\">REAPERTURA DE LOS PARQUES FERIAL Y CORREDOR VERDE<\/h3>\n<div dir=\"auto\"><a href=\"https:\/\/i0.wp.com\/miradordeatarfe.es\/wp-content\/uploads\/2020\/09\/119244470_3432431510154028_976268423732008651_n.jpg?ssl=1\"><img data-recalc-dims=\"1\" loading=\"lazy\" decoding=\"async\" class=\"wp-image-41802 size-full alignleft\" src=\"https:\/\/i0.wp.com\/miradordeatarfe.es\/wp-content\/uploads\/2020\/09\/119244470_3432431510154028_976268423732008651_n.jpg?resize=600%2C400&#038;ssl=1\" alt=\"\" width=\"600\" height=\"400\" srcset=\"https:\/\/i0.wp.com\/miradordeatarfe.es\/wp-content\/uploads\/2020\/09\/119244470_3432431510154028_976268423732008651_n.jpg?w=600&amp;ssl=1 600w, https:\/\/i0.wp.com\/miradordeatarfe.es\/wp-content\/uploads\/2020\/09\/119244470_3432431510154028_976268423732008651_n.jpg?resize=300%2C200&amp;ssl=1 300w\" sizes=\"auto, (max-width: 600px) 100vw, 600px\" \/><\/a>La mejora de los datos de los rebrotes en el entorno de Atarfe y el n\u00famero de casos en el propio municipio permiten que podamos abrir progresivamente, si la tendencia lo confirma, los distintos Parques de Atarfe. A partir de esta tarde podremos volver a disfrutar del Parque Ferial y el Corredor Verde.<\/div>\n<\/div>\n<div class=\"o9v6fnle cxmmr5t8 oygrvhab hcukyx3x c1et5uql ii04i59q\">\n<div dir=\"auto\">Siguiendo las indicaciones sanitarias, se ha vuelto a comprobar que las medidas de responsabilidad cuyo objetivo es evitar las aglomeraciones de personas son efectivas para contener la propagaci\u00f3n de la pandemia.<\/div>\n<\/div>\n<div class=\"o9v6fnle cxmmr5t8 oygrvhab hcukyx3x c1et5uql ii04i59q\">\n<div dir=\"auto\">Queremos agradecer p\u00fablicamente la colaboraci\u00f3n ciudadana y la comprensi\u00f3n mostrada ante estas medidas en pro de la salud colectiva de nuestro pueblo. Igualmente reiteramos nuestro llamamiento a seguir cumpliendo estrictamente todas las medidas de seguridad.<\/div>\n<div dir=\"auto\">\u00a0<\/div>\n<div dir=\"auto\">\u00a0<\/div>\n<\/div>\n<\/div>\n<\/div>\n<\/div>\n<\/div>\n<div class=\"mkjtxrlb\">\n<div class=\"l9j0dhe7\">\n<div>\n<div class=\"\" dir=\"auto\">\n<div class=\"ecm0bbzt hv4rvrfc ihqw7lf3 dati1w0a\" data-ad-comet-preview=\"message\" data-ad-preview=\"message\">\n<div class=\"j83agx80 cbu4d94t ew0dbk1b irj2b8pg\">\n<div class=\"qzhwtbm6 knvmm38d\">\n<div class=\"kvgmc6g5 cxmmr5t8 oygrvhab hcukyx3x c1et5uql ii04i59q\">\n<h3 dir=\"auto\">LOS J\u00d3VENES DE ATARFE SE SUMAN A FRENAR LA PANDEMIA<\/h3>\n<\/div>\n<div class=\"o9v6fnle cxmmr5t8 oygrvhab hcukyx3x c1et5uql ii04i59q\">\n<div dir=\"auto\">Ante las preocupantes noticias diarias que indican el avance de la segunda ola de la pandemia, la juventud atarfe\u00f1a toma la iniciativa y hacen un llamamiento a la poblaci\u00f3n en general, y muy en particular al resto de j\u00f3venes, para que estemos a la altura de las circunstancias y actuemos responsablemente para frenar la pandemia con el fin de proteger a nuestros seres queridos y no tener que volver a vivir situaciones pasadas de confinamiento.<\/div>\n<\/div>\n<div class=\"o9v6fnle cxmmr5t8 oygrvhab hcukyx3x c1et5uql ii04i59q\">\n<div dir=\"auto\">\u00a1YO SUMO! \u00bfY TU?<\/div>\n<\/div>\n<div class=\"o9v6fnle cxmmr5t8 oygrvhab hcukyx3x c1et5uql ii04i59q\">\n<div dir=\"auto\">\u00a1P\u00c1SALO!<\/div>\n<\/div>\n<div class=\"o9v6fnle cxmmr5t8 oygrvhab hcukyx3x c1et5uql ii04i59q\">\n<div dir=\"auto\"><a class=\"oajrlxb2 g5ia77u1 qu0x051f esr5mh6w e9989ue4 r7d6kgcz rq0escxv nhd2j8a9 nc684nl6 p7hjln8o kvgmc6g5 cxmmr5t8 oygrvhab hcukyx3x jb3vyjys rz4wbd8a qt6c0cv9 a8nywdso i1ao9s8h esuyzwwr f1sip0of lzcic4wl q66pz984 gpro0wi8 b1v8xokw\" tabindex=\"0\" role=\"link\" href=\"https:\/\/www.facebook.com\/hashtag\/yosumo?__eep__=6&amp;__cft__[0]=AZXNoh5Q9FqEe-NPbvH5nq7AHsxSdPZeklD48zxiCEynN14U8JB3vg0Yhi8AjCNbeXAn4NEf6Hh0fg06imrrpgJGZeptccdX-vXtYyBY2AYhAnNw4D0rhEurrO8GmCUA-f8_OYnogY-b6h4Gri8VNghRGM35eScEaEOYExwAP99rJ8ad9c6px-uaqhI6DQhSCmq3qYsBDy8WBFR_zukNeQu-XgDr4RJonv69_kOVWnayRGIuT-i-dggYN2_uo3jR82c&amp;__tn__=*NK-y1.g-R\">#YoSumo<\/a><\/div>\n<div dir=\"auto\">\u00a0<\/div>\n<div dir=\"auto\"><a href=\"https:\/\/www.facebook.com\/ayuntamientoatarfe\/videos\/264345271252691\/\">https:\/\/www.facebook.com\/ayuntamientoatarfe\/videos\/264345271252691\/<\/a><\/div>\n<div dir=\"auto\">\u00a0<\/div>\n<div dir=\"auto\">\u00a0<\/div>\n<\/div>\n<div dir=\"auto\">\n<div id=\"js_24\" class=\"_5pbx userContent _3576\" data-testid=\"post_message\" data-ft=\"{&quot;tn&quot;:&quot;K&quot;}\">\n<h3>INFORMACI\u00d3N SOBRE FECHAS AL RESPECTO DE LA AYUDA MUNICIPAL PARA LA ADQUISICI\u00d3N DE MATERIAL ESCOLAR CURSO 2020\/2021<\/h3>\n<p>Debido a la ampliaci\u00f3n del Plazo de admisi\u00f3n de solicitudes hasta el <a href=\"https:\/\/i0.wp.com\/miradordeatarfe.es\/wp-content\/uploads\/2020\/09\/119119655_3422343224496190_6172659432920770528_n.jpg?ssl=1\"><img data-recalc-dims=\"1\" loading=\"lazy\" decoding=\"async\" class=\"wp-image-41803 size-full alignright\" src=\"https:\/\/i0.wp.com\/miradordeatarfe.es\/wp-content\/uploads\/2020\/09\/119119655_3422343224496190_6172659432920770528_n.jpg?resize=600%2C400&#038;ssl=1\" alt=\"\" width=\"600\" height=\"400\" srcset=\"https:\/\/i0.wp.com\/miradordeatarfe.es\/wp-content\/uploads\/2020\/09\/119119655_3422343224496190_6172659432920770528_n.jpg?w=600&amp;ssl=1 600w, https:\/\/i0.wp.com\/miradordeatarfe.es\/wp-content\/uploads\/2020\/09\/119119655_3422343224496190_6172659432920770528_n.jpg?resize=300%2C200&amp;ssl=1 300w\" sizes=\"auto, (max-width: 600px) 100vw, 600px\" \/><\/a>pr\u00f3ximo Mi\u00e9rcoles 16 de Septiembre (inclusive), los listados definitivos de l@s beneficiari@s de la Ayuda se publicar\u00e1n el d\u00eda 21 de Septiembre, y la entrega de las Ayudas comenzar\u00e1 el 24 de Septiembre.<\/p>\n<p>Lugar: Oficina de Consumo (junto a Mercado de Abastos)<\/p>\n<p>&nbsp;<\/p>\n<\/div>\n<h3>BIENVENID@S AL CURSO ESCOLAR 2020\/21<\/h3>\n<p>Desde la Concejal\u00eda de Educaci\u00f3n del Ayuntamiento de Atarfe queremos dar la bienvenida al nuevo curso escolar a todos los ni\u00f1os y ni\u00f1as de Atarfe. Tenemos ante nosotr@s un a\u00f1o acad\u00e9mico at\u00edpico marcado por la situaci\u00f3n sanitaria y por ello hemos redoblado todos los esfuerzos para aumentar los recursos humanos y materiales en pro de la seguridad de nuestr@s hij@s.<\/p>\n<p>Estamos convencid@s que con el trabajo, colaboraci\u00f3n y responsabilidad de to<span class=\"text_exposed_show\">d@s, el Curso Escolar 2020\/21 transcurrir\u00e1 con el \u00e9xito que todos deseamos.<\/span><\/p>\n<div class=\"text_exposed_show\">\n<p>Queremos trasladar nuestro agradecimiento a todas las familias por vuestra colaboraci\u00f3n en el cumplimiento de las normas de seguridad y el acceso ordenado a los centros. Igualmente nuestro reconocimiento a todas las personas que est\u00e1n trabajando para hacer posible el acceso seguro a nuestros colegios.<\/p>\n<p><a href=\"https:\/\/i0.wp.com\/miradordeatarfe.es\/wp-content\/uploads\/2020\/09\/119071512_3419113888152457_3107668808324322002_n.jpg?ssl=1\"><img data-recalc-dims=\"1\" loading=\"lazy\" decoding=\"async\" class=\"wp-image-41804 size-full aligncenter\" src=\"https:\/\/i0.wp.com\/miradordeatarfe.es\/wp-content\/uploads\/2020\/09\/119071512_3419113888152457_3107668808324322002_n.jpg?resize=600%2C400&#038;ssl=1\" alt=\"\" width=\"600\" height=\"400\" srcset=\"https:\/\/i0.wp.com\/miradordeatarfe.es\/wp-content\/uploads\/2020\/09\/119071512_3419113888152457_3107668808324322002_n.jpg?w=600&amp;ssl=1 600w, https:\/\/i0.wp.com\/miradordeatarfe.es\/wp-content\/uploads\/2020\/09\/119071512_3419113888152457_3107668808324322002_n.jpg?resize=300%2C200&amp;ssl=1 300w\" sizes=\"auto, (max-width: 600px) 100vw, 600px\" \/><\/a><\/p>\n<\/div>\n<\/div>\n<\/div>\n<\/div>\n<\/div>\n<\/div>\n<\/div>\n<\/div>\n<\/div>\n","protected":false},"excerpt":{"rendered":"<p>\u00a0 REAPERTURA DE LOS PARQUES FERIAL Y CORREDOR VERDE La mejora de los datos de&#8230;<\/p>\n","protected":false},"author":1,"featured_media":41805,"comment_status":"closed","ping_status":"closed","sticky":false,"template":"","format":"standard","meta":{"_coblocks_attr":"","_coblocks_dimensions":"","_coblocks_responsive_height":"","_coblocks_accordion_ie_support":"","jetpack_post_was_ever_published":false,"_jetpack_newsletter_access":"","_jetpack_dont_email_post_to_subs":false,"_jetpack_newsletter_tier_id":0,"_jetpack_memberships_contains_paywalled_content":false,"_jetpack_memberships_contains_paid_content":false,"footnotes":"","jetpack_publicize_message":"","jetpack_publicize_feature_enabled":true,"jetpack_social_post_already_shared":false,"jetpack_social_options":{"image_generator_settings":{"template":"highway","default_image_id":0,"enabled":false},"version":2}},"categories":[2,6916,44,15],"tags":[4293],"class_list":["post-41801","post","type-post","status-publish","format-standard","has-post-thumbnail","hentry","category-atarfe","category-ayuntamiento-de-atarfe","category-noticias-de-hoy","category-ultimas-noticias","tag-ayuntamiento-de-atarfe"],"jetpack_publicize_connections":[],"jetpack_featured_media_url":"https:\/\/i0.wp.com\/miradordeatarfe.es\/wp-content\/uploads\/2020\/09\/119071512_3419113888152457_3107668808324322002_n1.jpg?fit=318%2C159&ssl=1","jetpack_likes_enabled":true,"jetpack_sharing_enabled":true,"_links":{"self":[{"href":"https:\/\/miradordeatarfe.es\/index.php?rest_route=\/wp\/v2\/posts\/41801","targetHints":{"allow":["GET"]}}],"collection":[{"href":"https:\/\/miradordeatarfe.es\/index.php?rest_route=\/wp\/v2\/posts"}],"about":[{"href":"https:\/\/miradordeatarfe.es\/index.php?rest_route=\/wp\/v2\/types\/post"}],"author":[{"embeddable":true,"href":"https:\/\/miradordeatarfe.es\/index.php?rest_route=\/wp\/v2\/users\/1"}],"replies":[{"embeddable":true,"href":"https:\/\/miradordeatarfe.es\/index.php?rest_route=%2Fwp%2Fv2%2Fcomments&post=41801"}],"version-history":[{"count":1,"href":"https:\/\/miradordeatarfe.es\/index.php?rest_route=\/wp\/v2\/posts\/41801\/revisions"}],"predecessor-version":[{"id":41806,"href":"https:\/\/miradordeatarfe.es\/index.php?rest_route=\/wp\/v2\/posts\/41801\/revisions\/41806"}],"wp:featuredmedia":[{"embeddable":true,"href":"https:\/\/miradordeatarfe.es\/index.php?rest_route=\/wp\/v2\/media\/41805"}],"wp:attachment":[{"href":"https:\/\/miradordeatarfe.es\/index.php?rest_route=%2Fwp%2Fv2%2Fmedia&parent=41801"}],"wp:term":[{"taxonomy":"category","embeddable":true,"href":"https:\/\/miradordeatarfe.es\/index.php?rest_route=%2Fwp%2Fv2%2Fcategories&post=41801"},{"taxonomy":"post_tag","embeddable":true,"href":"https:\/\/miradordeatarfe.es\/index.php?rest_route=%2Fwp%2Fv2%2Ftags&post=41801"}],"curies":[{"name":"wp","href":"https:\/\/api.w.org\/{rel}","templated":true}]}}