{"id":41807,"date":"2020-09-19T11:33:48","date_gmt":"2020-09-19T09:33:48","guid":{"rendered":"http:\/\/miradordeatarfe.es\/?p=41807"},"modified":"2020-09-19T12:22:25","modified_gmt":"2020-09-19T10:22:25","slug":"la-historia-sin-nombre-por-fuencisla-moreno-rueda","status":"publish","type":"post","link":"https:\/\/miradordeatarfe.es\/?p=41807","title":{"rendered":"\u00abLA HISTORIA SIN NOMBRE\u00bb  por Fuencisla Moreno Rueda"},"content":{"rendered":"<h4 style=\"text-align: justify;\">Es dif\u00edcil pasearse por la historia local sin hacer referencia a su Archivo Municipal y a los documentos que \u00e9l encierra. A trav\u00e9s de ellos conocemos no s\u00f3lo su historia, sus habitantes o su econom\u00eda, tambi\u00e9n sus documentos nos acercan a su cultura y a ese conjunto de peque\u00f1as cosas que d\u00eda tras d\u00eda han ido configurando su perfil y su diferenciador modo de vida.<\/h4>\n<p style=\"text-align: justify;\">Atarfe guarda su historia en 28 metros cuadrados cargados de estanter\u00edas y de legajos que de manera constante, cada vez que nos lo proponemos, nos intentan acercar al pasado. Desde 1600 aproximadamente, retazos de la historia local se han ido acumulando entre sus<br \/>\nparedes y ahora, aunque los testimonios escritos nos lo demuestren, a todos nos resulta dif\u00edcil imaginarnos cual era la sociedad de nuestro pueblo en 1752 cuando en el Catastro del Marqu\u00e9s de Ensenada, se defin\u00eda el Lugar de Atarfe c\u00f3mo: \u201cPerteneciente a la provincia de Granada.<\/p>\n<p style=\"text-align: justify;\">De Levante a Poniente ocupa 5\/4 de legua, de Norte a Sur media legua poco m\u00e1s o menos y de circunferencia tres leguas. Limita por\u00a0 evante con el lugar de Maracena, por Poniente con el de Pinos Puente, por el Norte con la Villa de Albolote y por el sur con el Rio Genil\u201d.<\/p>\n<p style=\"text-align: justify;\">Sin embargo, con poco que te interese lo que ocurre a tu alrededor y prestes un poco de atenci\u00f3n a la curiosidad que todos tenemos, se pueden ir hilvanando trozos de historia y recomponer as\u00ed, parte de nuestro pasado.<\/p>\n<p style=\"text-align: justify;\">Haciendo un recorrido por el archivo, me llama la atenci\u00f3n y me detengo en un conjunto d expedientes donde se guardan los documentos relativos a actividades l\u00fadicas: fiestas, verbenas y espect\u00e1culos en general componen este apartado. Sin embargo donde curioseo de manera m\u00e1s minuciosa es en una peque\u00f1a carpeta azul que contiene unos veinte folios y en la que se lee:<br \/>\n<strong>\u201cHomenajes\u201d.<\/strong><\/p>\n<p style=\"text-align: justify;\">A lo largo de este siglo, el Ayuntamiento de Atarfe ha honrado a sus personalidades m\u00e1s notables. Fueron figuras destacadas de las ciencias, maestros, curas, monjas, alcaldes, m\u00e9dicos y unos cuantos nombres m\u00e1s conocidos por todos los atarfe\u00f1os y atarfe\u00f1as.<\/p>\n<p style=\"text-align: justify;\">Sin embargo ni en ese expediente ni en ning\u00fan otro documento del archivo, se ha mencionado jam\u00e1s los nombres de muchos vecinos y vecinas de Atarfe. Son personajes carism\u00e1ticos pero sin nombre y por tanto, condenados a desaparecer de la vida del pueblo, cuando<br \/>\ndesaparezcamos los que a\u00fan los tenemos en la memoria.<\/p>\n<p style=\"text-align: justify;\">Sus nombres, sus anhelos, sus frustraciones, sus ilusiones y sus miserias jam\u00e1s aparecieron en ning\u00fan archivo y pese a haber formado parte de la fisonom\u00eda del pueblo y haber dejado su huella en casi todos los rincones de \u00e9l, nunca de manera oficial fueron tenidos en cuenta.<\/p>\n<p style=\"text-align: justify;\">Muchos recordamos la figura personal\u00edsima de una se\u00f1ora enlutada que para tramitar su paso al cielo, recorr\u00eda el pueblo ofreciendo plegarias a cuantas im\u00e1genes religiosas encontraba a su paso. De igual manera, algunos recuerdan aquel hombre que un buen d\u00eda decidi\u00f3 crear una banda de m\u00fasica en el pueblo o aquellos que desafiando la prohibici\u00f3n gubernativa, se lanzaron a la calle a celebrar el carnaval, disfrazados de sue\u00f1os y cantando: \u201c..Vamos a hacer un casamiento con de los Rios y Aza\u00f1a, nos parece un buen injerto para redimir a<br \/>\nEspa\u00f1a&#8230;.La ni\u00f1a ir\u00e1 vestida de una cosa nunca vista: la mantilla federal y su gorro socialista.\u201d<\/p>\n<p>\u00a0<a href=\"https:\/\/i0.wp.com\/miradordeatarfe.es\/wp-content\/uploads\/2020\/09\/108337183_3248575368539644_8275177895628550107_n1-2-scaled.jpg?ssl=1\"><img data-recalc-dims=\"1\" loading=\"lazy\" decoding=\"async\" class=\"alignnone wp-image-41809 size-full\" src=\"https:\/\/i0.wp.com\/miradordeatarfe.es\/wp-content\/uploads\/2020\/09\/108337183_3248575368539644_8275177895628550107_n1-2-scaled.jpg?resize=640%2C246&#038;ssl=1\" alt=\"\" width=\"640\" height=\"246\" srcset=\"https:\/\/i0.wp.com\/miradordeatarfe.es\/wp-content\/uploads\/2020\/09\/108337183_3248575368539644_8275177895628550107_n1-2-scaled.jpg?w=2560&amp;ssl=1 2560w, https:\/\/i0.wp.com\/miradordeatarfe.es\/wp-content\/uploads\/2020\/09\/108337183_3248575368539644_8275177895628550107_n1-2-scaled.jpg?resize=300%2C115&amp;ssl=1 300w, https:\/\/i0.wp.com\/miradordeatarfe.es\/wp-content\/uploads\/2020\/09\/108337183_3248575368539644_8275177895628550107_n1-2-scaled.jpg?resize=1024%2C393&amp;ssl=1 1024w, https:\/\/i0.wp.com\/miradordeatarfe.es\/wp-content\/uploads\/2020\/09\/108337183_3248575368539644_8275177895628550107_n1-2-scaled.jpg?resize=768%2C295&amp;ssl=1 768w, https:\/\/i0.wp.com\/miradordeatarfe.es\/wp-content\/uploads\/2020\/09\/108337183_3248575368539644_8275177895628550107_n1-2-scaled.jpg?resize=600%2C230&amp;ssl=1 600w, https:\/\/i0.wp.com\/miradordeatarfe.es\/wp-content\/uploads\/2020\/09\/108337183_3248575368539644_8275177895628550107_n1-2-scaled.jpg?resize=1536%2C589&amp;ssl=1 1536w, https:\/\/i0.wp.com\/miradordeatarfe.es\/wp-content\/uploads\/2020\/09\/108337183_3248575368539644_8275177895628550107_n1-2-scaled.jpg?resize=2048%2C785&amp;ssl=1 2048w, https:\/\/i0.wp.com\/miradordeatarfe.es\/wp-content\/uploads\/2020\/09\/108337183_3248575368539644_8275177895628550107_n1-2-scaled.jpg?resize=1320%2C506&amp;ssl=1 1320w, https:\/\/i0.wp.com\/miradordeatarfe.es\/wp-content\/uploads\/2020\/09\/108337183_3248575368539644_8275177895628550107_n1-2-scaled.jpg?w=1920&amp;ssl=1 1920w\" sizes=\"auto, (max-width: 640px) 100vw, 640px\" \/><\/a><\/p>\n<p style=\"text-align: justify;\">Tambi\u00e9n recordamos a los que se fueron buscando un lugar donde poder vivir, a los que en una madrugada les fue arrebatada la vida en las tapias del cementerio o a los que cargados de ilusi\u00f3n un d\u00eda del mes de abril, volvieron a ser libres.<\/p>\n<p style=\"text-align: justify;\">Muchos de ellos a\u00fan siguen con nosotros. Cada d\u00eda los encontramos en alg\u00fan lugar cercano, cuando vamos a desayunar, cuando paseamos o cuando vamos a la compra. La mayor\u00eda de las veces no reparamos en ellos, pero est\u00e1n ah\u00ed: unos asumiendo el papel de alcalde, otros<br \/>\nde cura, otros de reporteros, informando de la realidad que viven o de la que ellos mismos inventan, otros lanzando cohetes cada vez que creen que con su voto han contribuido a hacer la revoluci\u00f3n que en su juventud le prohibieron hacer y otros, la mayor\u00eda, caminado por<br \/>\nsus calles y mirando el mismo cielo.<\/p>\n<p style=\"text-align: justify;\">\nYo he pasado algunas horas de mi vida en el archivo de Atarfe. He experimentado el placer de sentir el tacto de los libros y de recuperar, de alg\u00fan modo, fragmentos de mi vida y de la vida de mis antepasados, pero tambi\u00e9n he sentido en la mayor\u00eda de los casos, la necesidad<br \/>\nde que aquellos papeles cuidadosamente ordenados y catalogados reflejaran no s\u00f3lo lo que aparece en los libros de historia, sino tambi\u00e9n la realidad de mis vecinos, de todas las personas sin nombre que viven en mi pueblo.<\/p>\n<p style=\"text-align: justify;\">Atarfe no solo es un municipio m\u00e1s de la provincia de Granada. Atarfe es el pueblo en el que vivo.<\/p>\n<p>FUENCISLA MORENO RUEDA<\/p>\n<p><span class=\"_5yl5\"> Art\u00edculo editado por Corporaci\u00f3n de Medios de Andaluc\u00eda y el Ayuntamiento de Atarfe, coordinado por Jos\u00e9 Enrique Granados y tiene por nombre \u00abAtarfe en el papel\u00bb. <br \/>\n<\/span><\/p>\n<p>FOTO PORTADA<\/p>\n<div class=\"firma\">Archivo Paco Vigueras<\/div>\n<div class=\"pie\">La escuela republicana formaba a los alumnos en los valores de justicia social y solidaridad<\/div>\n","protected":false},"excerpt":{"rendered":"<p>Es dif\u00edcil pasearse por la historia local sin hacer referencia a su Archivo Municipal y&#8230;<\/p>\n","protected":false},"author":1,"featured_media":41810,"comment_status":"closed","ping_status":"closed","sticky":false,"template":"","format":"standard","meta":{"_coblocks_attr":"","_coblocks_dimensions":"","_coblocks_responsive_height":"","_coblocks_accordion_ie_support":"","jetpack_post_was_ever_published":false,"_jetpack_newsletter_access":"","_jetpack_dont_email_post_to_subs":false,"_jetpack_newsletter_tier_id":0,"_jetpack_memberships_contains_paywalled_content":false,"_jetpack_memberships_contains_paid_content":false,"footnotes":"","jetpack_publicize_message":"","jetpack_publicize_feature_enabled":true,"jetpack_social_post_already_shared":false,"jetpack_social_options":{"image_generator_settings":{"template":"highway","default_image_id":0,"enabled":false},"version":2}},"categories":[12,2949,44,6539,15],"tags":[7620,3279],"class_list":["post-41807","post","type-post","status-publish","format-standard","has-post-thumbnail","hentry","category-cultura","category-opinion-de-fuencisla-moreno","category-noticias-de-hoy","category-personajes-de-ataref","category-ultimas-noticias","tag-antiguedades","tag-personajes"],"jetpack_publicize_connections":[],"jetpack_featured_media_url":"https:\/\/i0.wp.com\/miradordeatarfe.es\/wp-content\/uploads\/2020\/09\/escuela_republicana_1.jpg?fit=600%2C370&ssl=1","jetpack_likes_enabled":true,"jetpack_sharing_enabled":true,"_links":{"self":[{"href":"https:\/\/miradordeatarfe.es\/index.php?rest_route=\/wp\/v2\/posts\/41807","targetHints":{"allow":["GET"]}}],"collection":[{"href":"https:\/\/miradordeatarfe.es\/index.php?rest_route=\/wp\/v2\/posts"}],"about":[{"href":"https:\/\/miradordeatarfe.es\/index.php?rest_route=\/wp\/v2\/types\/post"}],"author":[{"embeddable":true,"href":"https:\/\/miradordeatarfe.es\/index.php?rest_route=\/wp\/v2\/users\/1"}],"replies":[{"embeddable":true,"href":"https:\/\/miradordeatarfe.es\/index.php?rest_route=%2Fwp%2Fv2%2Fcomments&post=41807"}],"version-history":[{"count":2,"href":"https:\/\/miradordeatarfe.es\/index.php?rest_route=\/wp\/v2\/posts\/41807\/revisions"}],"predecessor-version":[{"id":41866,"href":"https:\/\/miradordeatarfe.es\/index.php?rest_route=\/wp\/v2\/posts\/41807\/revisions\/41866"}],"wp:featuredmedia":[{"embeddable":true,"href":"https:\/\/miradordeatarfe.es\/index.php?rest_route=\/wp\/v2\/media\/41810"}],"wp:attachment":[{"href":"https:\/\/miradordeatarfe.es\/index.php?rest_route=%2Fwp%2Fv2%2Fmedia&parent=41807"}],"wp:term":[{"taxonomy":"category","embeddable":true,"href":"https:\/\/miradordeatarfe.es\/index.php?rest_route=%2Fwp%2Fv2%2Fcategories&post=41807"},{"taxonomy":"post_tag","embeddable":true,"href":"https:\/\/miradordeatarfe.es\/index.php?rest_route=%2Fwp%2Fv2%2Ftags&post=41807"}],"curies":[{"name":"wp","href":"https:\/\/api.w.org\/{rel}","templated":true}]}}